{"id":710125,"date":"2026-08-14T01:27:13","date_gmt":"2026-08-14T01:27:13","guid":{"rendered":"https:\/\/www.europesays.com\/es\/710125\/"},"modified":"2026-08-14T01:27:13","modified_gmt":"2026-08-14T01:27:13","slug":"el-director-de-infraestructuras-del-celta-confirma-que-el-cesped-estara-optimo-el-24-de-agosto-la-voz-de-galicia","status":"publish","type":"post","link":"https:\/\/www.europesays.com\/es\/710125\/","title":{"rendered":"El director de infraestructuras del Celta confirma que el c\u00e9sped estar\u00e1 \u00ab\u00f3ptimo\u00bb el 24 de agosto &#8211; La Voz de Galicia"},"content":{"rendered":"<ol>\n<li><a href=\"https:\/\/news.google.com\/rss\/articles\/CBMi7AFBVV95cUxQeDl3alZEOUVEZXNOeTBpWVFIa2xOd2hNbVVDRXZTTGdLb3RuOWpaTkNjVk1yVndZZnk0Y3hWdjNxeGM4Z1l5UHRHS0lXVVV6b3NkTVc0LU5rU1ZFVWM3UlN2YW9ram1DVUU3RGdBbXFCWG9vSkg5TTE2c0tzX0VGY1YxMEV4eTMyeDYxTmlWLV9EOFUtbzNBM3A5S1AtMUozV09NUDQxSUtFbEVkSjA1UXZMYkJjSHhHTkM2Z1d0VzJ1TkxYVjFXRlY5SGtLY1d3SXZEMFpUSWQ3QnZLMWRfVWxXcEU1Q3BnVlJXStIBiAJBVV95cUxNVkg2X2lBbVBzaWgzdVphN2dZLUNpV2ZWd0tvMHlQVWFsLVZONEdHdGlfWVBFbzNTSzR6YW1PRFJUOVd6UW9aVjRSMXhzUDhJZ3dOZ1gyMkNQZDQ1dnV0RTVBSVlNcTBtU216eDZiWUdjSllHd3ZXYlJ0SmVCeWFEM29xZWRScmJxcV9DVEstRzJTb1JkaVJOVEIyQ2dlYjJ6VjBWNTNCYjdob1lkME9XUlFSSGZmWWF6WUVWQmgzbTYycmZHdjdmSGVHU2xjVG1VN0dhTFJMV1hQNlhBSlZQbzhVd2lIbGg3VHBzanNJOXVzTWVMX2RWYWhzcXZBZlh5TWo0a2k0U0U?oc=5\" target=\"_blank\" rel=\"nofollow noopener\">El director de infraestructuras del Celta confirma que el c\u00e9sped estar\u00e1 \u00ab\u00f3ptimo\u00bb el 24 de agosto<\/a>&nbsp;&nbsp;La Voz de Galicia<\/li>\n<li><a href=\"https:\/\/news.google.com\/rss\/articles\/CBMifEFVX3lxTFB5VkpweWY0NkpENzFieThGYU5sUl8zUHNPempraDlaV25fbHFOZmdzR3RJdzNZOGIwMldUT3pnT3hLOXQwS0M3OVZqQ1lZc0VIUGxnd09jUUtHSDZLWlF6ZE1aTjFVbF9rdlhpZWY0c2kxTDhfODBTX1huS3E?oc=5\" target=\"_blank\" rel=\"nofollow noopener\">Comunicado ante el aplazamiento del Celta-Osasuna<\/a>&nbsp;&nbsp;Osasuna<\/li>\n<li><a href=\"https:\/\/news.google.com\/rss\/articles\/CBMinAFBVV95cUxNaWZqaWNlVms5MWVFWlpNX0NyemIxSlM2MWE1VDhxSFpzSDdHd2tYZjNtVi1scUczNEtHNUVYcDVQSndXS2N5a3RvdDNqS3F2MnlNaHBDYjRacnBZOGFGOTNsaUxpQl9kdFh1LWNteGdQUEFYOWFjbVdKTkg0Z213Y2VSekpIRHo3NUhpbG41VXhNR25IZHY2R0daVzHSAZwBQVVfeXFMTzZId3pnVjI5Q0xMeUlfLXp3TDBvU2lSQTVHd1NFTHpvUWRER2dOdjF6a1VOV3FfeFpJY01ka1hBczV0c2g1TUQ2SDhjOWNOdFZ4cl9PS19jYlo1RDFjcjJoNmE1eHpqNUpxNFMzc3MwVTdIeU9BYzFoTk1lUklKbW45QWxFM2R2TnZNdEFwRUd3LUJtM0E4OFBCcExq?oc=5\" target=\"_blank\" rel=\"nofollow noopener\">Un hongo en el c\u00e9sped obliga a aplazar el Celta- Osasuna y los rojillos se quejan<\/a>&nbsp;&nbsp;El Mundo<\/li>\n<li><a href=\"https:\/\/news.google.com\/rss\/articles\/CBMihwFBVV95cUxQSlJqODFaa0pIRzJzOFNsS2xuSmQtelBMSVZTaTRhOU1TWFVqaUFvQi00bTJjYmpyU05fWVRMUk1zQ0FfcDJhRHVCSXJDRS1NR0Y0WUM3RVBYYVVOQ2FWbl9WOWhtWnlUR1padGUtZGFGc2htRHVWY0ZyRndEVGFqSkFQQWR1Ymc?oc=5\" target=\"_blank\" rel=\"nofollow noopener\">Comunicado oficial: Aplazado el Celta-Osasuna<\/a>&nbsp;&nbsp;Celta<\/li>\n<li><a href=\"https:\/\/news.google.com\/rss\/articles\/CBMihgJBVV95cUxQZEVsLUE4dWU0akFuaVJ1TGloZHBldDJzcjhLSkpBZkhBQnZRNnphWno3UWlueHkxMjBfWFI1eEZUZjNfNUtyZ3NNeU5pcVVSc2JjaFhDU3k3Q2I4RlRpM3o2ZDRoRDJRWDBISVBJY0NBS1E4ak50Wi1xNzFlTzI5WDhQRmlReE5mWTMtajhxU0VCX2puZnBKcmFialBvSEJPcTNjaGpRY2daMnBFdl9fWDlFT0sxUDY1X2ZieWhyLVdVLWFHSHQxRkpfaldGUjlLaFFjeXltM3Q0TUctNDJ6Yk8zM082ZWNGMnZQYmpkRjVzUl9VLW5uYWxTejdJbkxmOFZWSnFB?oc=5\" target=\"_blank\" rel=\"nofollow noopener\">El Celta admite que la situaci\u00f3n con el c\u00e9sped de Bala\u00eddos es \u00abdr\u00e1stica\u00bb y env\u00edan \u00abun mensaje de agradecimiento hacia Osasuna\u00bb<\/a>&nbsp;&nbsp;Diario de Navarra<\/li>\n<\/ol>\n","protected":false},"excerpt":{"rendered":"El director de infraestructuras del Celta confirma que el c\u00e9sped estar\u00e1 \u00ab\u00f3ptimo\u00bb el 24 de agosto&nbsp;&nbsp;La Voz de&hellip;\n","protected":false},"author":2,"featured_media":710126,"comment_status":"","ping_status":"","sticky":false,"template":"","format":"standard","meta":{"footnotes":""},"categories":[5],"tags":[17,18,290,25,24,74760,13,14,11,19,20,9,10,15,16,23,12,21,22],"class_list":["post-710125","post","type-post","status-publish","format-standard","has-post-thumbnail","category-titulares","tag-breaking-news","tag-breakingnews","tag-celta","tag-es","tag-espana","tag-estadio-de-balaidos","tag-featured-news","tag-featurednews","tag-headlines","tag-latest-news","tag-latestnews","tag-news","tag-noticias","tag-noticias-destacadas","tag-noticiasdestacadas","tag-spain","tag-titulares","tag-ultimas-noticias","tag-ultimasnoticias"],"share_on_mastodon":{"url":"https:\/\/pubeurope.com\/@es\/117091267197497471","error":""},"_links":{"self":[{"href":"https:\/\/www.europesays.com\/es\/wp-json\/wp\/v2\/posts\/710125","targetHints":{"allow":["GET"]}}],"collection":[{"href":"https:\/\/www.europesays.com\/es\/wp-json\/wp\/v2\/posts"}],"about":[{"href":"https:\/\/www.europesays.com\/es\/wp-json\/wp\/v2\/types\/post"}],"author":[{"embeddable":true,"href":"https:\/\/www.europesays.com\/es\/wp-json\/wp\/v2\/users\/2"}],"replies":[{"embeddable":true,"href":"https:\/\/www.europesays.com\/es\/wp-json\/wp\/v2\/comments?post=710125"}],"version-history":[{"count":0,"href":"https:\/\/www.europesays.com\/es\/wp-json\/wp\/v2\/posts\/710125\/revisions"}],"wp:featuredmedia":[{"embeddable":true,"href":"https:\/\/www.europesays.com\/es\/wp-json\/wp\/v2\/media\/710126"}],"wp:attachment":[{"href":"https:\/\/www.europesays.com\/es\/wp-json\/wp\/v2\/media?parent=710125"}],"wp:term":[{"taxonomy":"category","embeddable":true,"href":"https:\/\/www.europesays.com\/es\/wp-json\/wp\/v2\/categories?post=710125"},{"taxonomy":"post_tag","embeddable":true,"href":"https:\/\/www.europesays.com\/es\/wp-json\/wp\/v2\/tags?post=710125"}],"curies":[{"name":"wp","href":"https:\/\/api.w.org\/{rel}","templated":true}]}}