{"id":710129,"date":"2026-08-14T01:35:36","date_gmt":"2026-08-14T01:35:36","guid":{"rendered":"https:\/\/www.europesays.com\/es\/710129\/"},"modified":"2026-08-14T01:35:36","modified_gmt":"2026-08-14T01:35:36","slug":"el-baskonia-abrira-la-acb-en-burgos","status":"publish","type":"post","link":"https:\/\/www.europesays.com\/es\/710129\/","title":{"rendered":"El Baskonia abrir\u00e1 la ACB en Burgos"},"content":{"rendered":"<p style=\"\">S\u00f3lo de ver con un ojo el calendario ya previamente conocido de la Euroliga y observar mediante el otro el que este mi\u00e9rcoles depar\u00f3 la  &#8230; ACB le invaden ataques de ansiedad a cualquier aficionado sensible. Es el precio que ha de pagar un equipo como el Baskonia, metido en la \u00e9lite europea y necesitado de volcarse tambi\u00e9n en unas competiciones dom\u00e9sticas que le procuran los atajos m\u00e1s reales hacia la gloria. Ah\u00ed queda, en el disco duro reciente, la s\u00e9ptima Copa alzada despu\u00e9s de una participaci\u00f3n memorable a mediados de febrero en el fastuoso Roig Arena. El recinto valenciano donde abati\u00f3 sucesivamente a Tenerife, Bar\u00e7a y Real Madrid en setenta y dos horas.<\/p>\n<p class=\"v-d-p\" style=\"\">Se agolpan en la mente t\u00e9rminos como vor\u00e1gine, v\u00e9rtigo o centrifugadora para aludir al carrusel incesante de encuentros que le aguardan al conjunto azulgrana. El bloque de Paolo Galbiati, adem\u00e1s de los amistosos y la Euskal Kopa, disput\u00f3 el curso anterior nada menos que 78 duelos. Por muy mal que le ruede la temporada tiene asegurados 72. A los que a\u00f1adi\u00f3 en el ejercicio 25-26 los tres que le valieron el t\u00edtulo del KO y otros tantos del fallido cruce liguero de cuartos con el Joventut.<\/p>\n<p class=\"v-d-p\" style=\"\">De mantener semejante nivel, el grupo que adiestra el t\u00e9cnico italiano a\u00fan cortar\u00e1 m\u00e1s cupones al calendario de la pr\u00f3xima campa\u00f1a. El Baskonia, tras abrir una sala de trofeos que permanec\u00eda cerrada desde 2020, regresa a la Supercopa, un campeonato a\u00fan m\u00e1s corto que monopoliz\u00f3 con pu\u00f1o de hierro entre 2005 y 2009 a trav\u00e9s de cinco \u00e9xitos encadenados. Eran, sin duda, tiempos del vino aut\u00f3ctono y la fragancia de las rosas. El grupo alav\u00e9s se enfrentar\u00e1 al anfitri\u00f3n Joventut el 19 de septiembre en el \u00e1nimo de disputarle la final el d\u00eda siguiente al ganador del Valencia-Barcelona.<\/p>\n<ul class=\"v-cmp-rld__u\">\n<li class=\"v-cmp-rld__l\">\n<p><a class=\"v-a-lnk\" href=\"http:\/\/www.elcorreo.com\/baskonia\/nervio-demuestra-carrera-20260812001224-nt.html#vtm_modulosEngag=noticiasrelacionadas-cmp-uno:baskonia:noticia:1\" data-voc-vtm-id=\"in-text-traffic\" rel=\"nofollow noopener\" target=\"_blank\"><br \/>\n<img decoding=\"async\" loading=\"lazy\" src=\"https:\/\/www.europesays.com\/es\/wp-content\/uploads\/2026\/08\/Imagen ala-howard-euroliga-k8LF--366x256@El Correo.jpg\" class=\"v-a-img\" width=\"258\" height=\"180\" alt=\"El nervio se demuestra a la carrera\"\/><br \/>\n<\/a><\/p>\n<\/li>\n<\/ul>\n<p class=\"v-d-p\" style=\"\">El t\u00edtulo vasco, que enfrentar\u00e1 a Baskonia y Bilbao dentro de un mes en Mendizorroza, obrar\u00e1 como aperitivo de una temporada que cobrar\u00e1 velocidad casi de manera inmediata. Tras la Supercopa, la masa social azulgrana ver\u00e1 por primera vez a su equipo en el Fernando Buesa Arena el 24 de septiembre. Una fecha capitular por cuanto supone la puesta de largo vitoriana ante su afici\u00f3n, acentuada con la presencia del vigente campe\u00f3n continental. Faltan 42 d\u00edas para el reencuentro con el Olympiacos de Codi Miller-McIntyre y Donta Hall.<\/p>\n<p class=\"v-d-p\" style=\"\">Y ya con los amistosos previos, la Euskal Kopa, la Supercopa y el estreno en la Euroliga llegar\u00e1 el turno de saludar a Dani D\u00edez, el alero que atendi\u00f3 la llamada del Baskonia cuando jugaba en Burgos y all\u00ed volvi\u00f3 hace dos a\u00f1os. Si los seguidores baskonistas quieren saciar el mono despu\u00e9s de un par\u00e9ntesis tan largo tienen la posibilidad de viajar poco m\u00e1s de cien kil\u00f3metros para ver a los suyos a la hora del verm\u00fa el \u00faltimo domingo de septiembre. Se trata del duelo inaugural de la ACB para los disc\u00edpulos de Galbiati.<\/p>\n<ul class=\"v-cmp-flg__u\">\n<li class=\"v-cmp-flg__l\">\n<p>Calendario ACB 2026-27<\/p>\n<ul class=\"v-u\">\n<li class=\"v-u__l\">\n<p class=\"v-u__p\">\n1. San Pablo Burgos-Kosner Baskonia<br \/>\n27 de septiembre, 12.30 horas\n<\/p>\n<\/li>\n<li class=\"v-u__l\">\n<p class=\"v-u__p\">\n2. Kosner Baskonia-FIATC Girona<br \/>\n4 de octubre, 18.00 horas\n<\/p>\n<\/li>\n<li class=\"v-u__l\">\n<p class=\"v-u__p\">\n3. Kosner Baskonia-Asisa Joventut<br \/>\n11 de octubre, 17 horas\n<\/p>\n<\/li>\n<li class=\"v-u__l\">\n<p class=\"v-u__p\">\n4. La Laguna Tenerife-Kosner Baskonia<br \/>\n18 de octubre, 18.00 horas\n<\/p>\n<\/li>\n<li class=\"v-u__l\">\n<p class=\"v-u__p\">\n5. Valencia Basket-Kosner Baskonia<br \/>\n25 de octubre, 17.00 horas\n<\/p>\n<\/li>\n<li class=\"v-u__l\">\n<p class=\"v-u__p\">\n6. Kosner Baskonia-Kidgus Manresa<br \/>\n1 de noviembre, 17.00 horas\n<\/p>\n<\/li>\n<li class=\"v-u__l\">\n<p class=\"v-u__p\">\n7. Ilerna Lleida-Kosner Baskonia<br \/>\n7 de noviembre, 21.00 horas\n<\/p>\n<\/li>\n<li class=\"v-u__l\">\n<p class=\"v-u__p\">\n8. Kosner Baskonia-Real Madrid<br \/>\n15 de noviembre, 19.00 horas\n<\/p>\n<\/li>\n<li class=\"v-u__l\">\n<p class=\"v-u__p\">\n9. Surne Bilbao Basket-Kosner Baskonia<br \/>\n22 de noviembre, 12.00 horas\n<\/p>\n<\/li>\n<li class=\"v-u__l\">\n<p class=\"v-u__p\">\n10. Kosner Baskonia-UCAM Murcia<br \/>\n6 de diciembre, 18.00 horas\n<\/p>\n<\/li>\n<li class=\"v-u__l\">\n<p class=\"v-u__p\">\n11. Kosner Baskonia-Monbus Obradoiro<br \/>\n8 de diciembre, 12.00 horas\n<\/p>\n<\/li>\n<li class=\"v-u__l\">\n<p class=\"v-u__p\">\n12. Leyma Coru\u00f1a-Kosner Baskonia<br \/>\n13 de diciembre, 17.00 horas\n<\/p>\n<\/li>\n<li class=\"v-u__l\">\n<p class=\"v-u__p\">\n13. Kosner Baskonia-MoraBanc Andorra<br \/>\n20 de diciembre, 18.00 horas\n<\/p>\n<\/li>\n<li class=\"v-u__l\">\n<p class=\"v-u__p\">\n14. Kosner Baskonia-R\u00edo Breog\u00e1n<br \/>\n27 de diciembre, 12.00 horas\n<\/p>\n<\/li>\n<li class=\"v-u__l\">\n<p class=\"v-u__p\">\n15. Barcelona-Kosner Baskonia<br \/>\n3 de enero, 19.00 horas\n<\/p>\n<\/li>\n<li class=\"v-u__l\">\n<p class=\"v-u__p\">\n16. Casademont Zaragoza-Kosner Baskonia<br \/>\n6 de enero, 19.00 horas\n<\/p>\n<\/li>\n<li class=\"v-u__l\">\n<p class=\"v-u__p\">\n17. Kosner Baskonia-Unicaja<br \/>\n10 de enero, 19.00 horas\n<\/p>\n<\/li>\n<li class=\"v-u__l\">\n<p class=\"v-u__p\">\n18. Kidgus Manresa-Kosner Baskonia<br \/>\n17 de enero, 17.00 horas\n<\/p>\n<\/li>\n<li class=\"v-u__l\">\n<p class=\"v-u__p\">\n19. Monbus Obradoiro-Kosner Baskonia<br \/>\n24 de enero, 17.00 horas\n<\/p>\n<\/li>\n<li class=\"v-u__l\">\n<p class=\"v-u__p\">\n20. Kosner Baskonia-Surne Bilbao Basket<br \/>\n30 de enero, 19.30 horas\n<\/p>\n<\/li>\n<li class=\"v-u__l\">\n<p class=\"v-u__p\">\n21. Real Madrid-Kosner Baskonia<br \/>\n7 de febrero, 19.00 horas\n<\/p>\n<\/li>\n<li class=\"v-u__l\">\n<p class=\"v-u__p\">\n22. Kosner Baskonia-San Pablo Burgos<br \/>\n13 de febrero, 19.30 horas\n<\/p>\n<\/li>\n<li class=\"v-u__l\">\n<p class=\"v-u__p\">\n23. Kosner Baskonia-Ilerna Lleida<br \/>\n6 de marzo, 21.00 horas\n<\/p>\n<\/li>\n<li class=\"v-u__l\">\n<p class=\"v-u__p\">\n24. UCAM Murcia-Kosner Baskonia<br \/>\n14 de marzo, 18.00 horas\n<\/p>\n<\/li>\n<li class=\"v-u__l\">\n<p class=\"v-u__p\">\n25. Unicaja-Kosner Baskonia<br \/>\n20 de marzo, 21.00 horas\n<\/p>\n<\/li>\n<li class=\"v-u__l\">\n<p class=\"v-u__p\">\n26. Kosner Baskonia-Casademont Zaragoza<br \/>\n28 de marzo, 12.00 horas\n<\/p>\n<\/li>\n<li class=\"v-u__l\">\n<p class=\"v-u__p\">\n27. Kosner Baskonia-Valencia Basket<br \/>\n4 de abril, 19.00 horas\n<\/p>\n<\/li>\n<li class=\"v-u__l\">\n<p class=\"v-u__p\">\n28. MoraBanc Andorra-Kosner Baskonia<br \/>\n10 de abril, 21.00 horas\n<\/p>\n<\/li>\n<li class=\"v-u__l\">\n<p class=\"v-u__p\">\n29. FIATC Girona-Kosner Baskonia<br \/>\n18 de abril, 12.00 horas\n<\/p>\n<\/li>\n<li class=\"v-u__l\">\n<p class=\"v-u__p\">\n30. Kosner Baskonia-Leyma Coru\u00f1a<br \/>\n25 de abril, 18.00 horas\n<\/p>\n<\/li>\n<li class=\"v-u__l\">\n<p class=\"v-u__p\">\n31. Asisa Joventut-Kosner Baskonia<br \/>\n2 de mayo, 17.00 horas\n<\/p>\n<\/li>\n<li class=\"v-u__l\">\n<p class=\"v-u__p\">\n32. Kosner Baskonia-Barcelona<br \/>\n8 de mayo, 21.00 horas\n<\/p>\n<\/li>\n<li class=\"v-u__l\">\n<p class=\"v-u__p\">\n33. Kosner Baskonia-La Laguna Tenerife<br \/>\n15 de mayo, 19.30 horas\n<\/p>\n<\/li>\n<li class=\"v-u__l\">\n<p class=\"v-u__p\">\n34. R\u00edo Breog\u00e1n-Kosner Baskonia<br \/>\nPor determinar.\n<\/p>\n<\/li>\n<\/ul>\n<\/li>\n<\/ul>\n<p class=\"v-d-p\" style=\"\">Al margen del debut en la casa del \u00fanico representante castellano-leon\u00e9s, hay unas cuantas fechas remarcables dentro de un curso dom\u00e9stico que terminar\u00e1 el 21 de mayo en una cancha cl\u00e1sica como la de Lugo. Por cierto, que Galicia se sit\u00faa como la tercera comunidad aut\u00f3noma con m\u00e1s delegados despu\u00e9s de Catalu\u00f1a tras los ascensos de Coru\u00f1a y Obradoiro.<\/p>\n<p class=\"v-d-p\" style=\"\">Cierto que la primera cita en casa de la ACB llegar\u00e1 despu\u00e9s del reto que representa la llegada europea del Olympiacos. Pero el Baskonia deber\u00e1 de ense\u00f1ar a los adversarios la fortaleza de Beto\u00f1o desde el primer d\u00eda con la llegada del Girona. Y el duelo que hist\u00f3ricamente completa m\u00e1s aforo queda fijado el 15 de noviembre ante el Real Madrid de Luwawu-Cabarrot. El bloque de Paolo gan\u00f3 cuatro de los cinco encuentros el ejercicio anterior al de su compatriota Sergio Scariolo.<\/p>\n<p class=\"v-d-p\" style=\"\">La rivalidad vasca se agolpa en poco m\u00e1s de dos meses. El Baskonia visitar\u00e1 Miribilla el 22 de noviembre y el Bilbao viajar\u00e1 a Zurbano el 30 de enero. Otros d\u00edas que conviene apuntar son aquellos en los que el equipo vitoriano ejercer\u00e1 de anfitri\u00f3n ante el vigente monarca liguero (Valencia, 4 de abril) y el finalista del torneo (Bar\u00e7a, 8 de mayo). La primera vuelta, que definir\u00e1 los ocho participantes de la Copa en el Roig Arena, concluir\u00e1 el 10 de enero en la capital alavesa contra el Unicaja de Txus Vidorreta. <\/p>\n","protected":false},"excerpt":{"rendered":"S\u00f3lo de ver con un ojo el calendario ya previamente conocido de la Euroliga y observar mediante el&hellip;\n","protected":false},"author":2,"featured_media":710130,"comment_status":"","ping_status":"","sticky":false,"template":"","format":"standard","meta":{"footnotes":""},"categories":[269],"tags":[302,5569,299,298,4714,623,168,25,24,23,167],"class_list":["post-710129","post","type-post","status-publish","format-standard","has-post-thumbnail","category-baloncesto","tag-acb","tag-arrancara","tag-baloncesto","tag-basketball","tag-baskonia","tag-burgos","tag-deportes","tag-es","tag-espana","tag-spain","tag-sports"],"share_on_mastodon":{"url":"https:\/\/pubeurope.com\/@es\/117091298697946846","error":""},"_links":{"self":[{"href":"https:\/\/www.europesays.com\/es\/wp-json\/wp\/v2\/posts\/710129","targetHints":{"allow":["GET"]}}],"collection":[{"href":"https:\/\/www.europesays.com\/es\/wp-json\/wp\/v2\/posts"}],"about":[{"href":"https:\/\/www.europesays.com\/es\/wp-json\/wp\/v2\/types\/post"}],"author":[{"embeddable":true,"href":"https:\/\/www.europesays.com\/es\/wp-json\/wp\/v2\/users\/2"}],"replies":[{"embeddable":true,"href":"https:\/\/www.europesays.com\/es\/wp-json\/wp\/v2\/comments?post=710129"}],"version-history":[{"count":0,"href":"https:\/\/www.europesays.com\/es\/wp-json\/wp\/v2\/posts\/710129\/revisions"}],"wp:featuredmedia":[{"embeddable":true,"href":"https:\/\/www.europesays.com\/es\/wp-json\/wp\/v2\/media\/710130"}],"wp:attachment":[{"href":"https:\/\/www.europesays.com\/es\/wp-json\/wp\/v2\/media?parent=710129"}],"wp:term":[{"taxonomy":"category","embeddable":true,"href":"https:\/\/www.europesays.com\/es\/wp-json\/wp\/v2\/categories?post=710129"},{"taxonomy":"post_tag","embeddable":true,"href":"https:\/\/www.europesays.com\/es\/wp-json\/wp\/v2\/tags?post=710129"}],"curies":[{"name":"wp","href":"https:\/\/api.w.org\/{rel}","templated":true}]}}