{"id":710165,"date":"2026-08-14T02:07:21","date_gmt":"2026-08-14T02:07:21","guid":{"rendered":"https:\/\/www.europesays.com\/es\/710165\/"},"modified":"2026-08-14T02:07:21","modified_gmt":"2026-08-14T02:07:21","slug":"hunt-campeona-de-100m-y-200m-cumple-su-deseo-lo-quiero-todo-deportes","status":"publish","type":"post","link":"https:\/\/www.europesays.com\/es\/710165\/","title":{"rendered":"Hunt, campeona de 100m y 200m, cumple su deseo: \u201cLo quiero todo\u201d | Deportes"},"content":{"rendered":"<p class=\"\">La curva de Ja\u00ebl Bestu\u00e9 es una sinfon\u00eda. Fuerza, velocidad y t\u00e9cnica hiladas en las piernas de una joven de 25 a\u00f1os y 1,60m que, pasito a pasito, se ha posicionado entre <a href=\"https:\/\/elpais.com\/deportes\/2026-08-13\/no-habra-espanolas-en-la-gran-final-de-los-800m-de-los-europeos-de-atletismo-pero-paula-sevilla-peleara-en-la-de-400m.html\" target=\"_self\" rel=\"nofollow noopener\" title=\"https:\/\/elpais.com\/deportes\/2026-08-13\/no-habra-espanolas-en-la-gran-final-de-los-800m-de-los-europeos-de-atletismo-pero-paula-sevilla-peleara-en-la-de-400m.html\">las mejores especialistas del mundo en los 200 metros.<\/a> El a\u00f1o pasado, en la pista verde de Vallehermoso, logr\u00f3 una marca de post\u00edn (22,19s) que le permiti\u00f3 codearse con las estrellas de la velocidad. Este a\u00f1o, m\u00e1s fuerte, m\u00e1s explosiva despu\u00e9s de un invierno dedicado al 60m, quer\u00eda rondar las medallas. No hab\u00eda corrido tan r\u00e1pido, pero tenia fe. La BBC la colocaba en la terna de favoritas, al lado de las brit\u00e1nicas Amy Hunt, que ven\u00eda de ganar el 100m, y Dina Asher Smith, la gran leyenda de la velocidad en las islas. La catalana, de Sant Cugat, hab\u00eda sufrido este a\u00f1o en los \u00faltimos metros despu\u00e9s de una curva espectacular. Ese era su desaf\u00edo. Y en Birmingham volvi\u00f3 a perder algunas posiciones que la relegaron al s\u00e9ptimo puesto (22,69s).<\/p>\n<p><img alt=\"\" decoding=\"auto\" class=\"_re lazyload a_m-h\" height=\"276\"  width=\"414\"  src=\"https:\/\/www.europesays.com\/es\/wp-content\/uploads\/2026\/08\/OC57USPO4BC4PPVTEY4SUI7RTQ.jpg\" loading=\"lazy\" fetchpriority=\"low\"\/>Jael Bestue . en  la final de los 200 metros en Birmingham en una imagen de la RFEA.<\/p>\n<p class=\"\"><a href=\"https:\/\/elpais.com\/deportes\/2026-08-12\/el-brillo-de-jael-bestue-un-relampago-eclipsa-el-apagon-de-enrique-llopis-y-asier-martinez-en-los-europeos-de-atletismo.html\" target=\"_self\" rel=\"nofollow noopener\" title=\"https:\/\/elpais.com\/deportes\/2026-08-12\/el-brillo-de-jael-bestue-un-relampago-eclipsa-el-apagon-de-enrique-llopis-y-asier-martinez-en-los-europeos-de-atletismo.html\">La barcelonesa<\/a>, que tampoco pudo igualar el cuarto puesto que logr\u00f3 Sandra Myers en Split, en 1990, tiene una particularidad; quiere ser una de las mejores velocistas, pero tambi\u00e9n aspira a convertirse en la doctora Bestu\u00e9. Solo puede entrenar una vez al d\u00eda y muchas ma\u00f1anas se las pasa de pie. Por la tarde, a veces, Panter, su entrenador, tiene que adaptar el entrenamiento a la energ\u00eda que trae su disc\u00edpula. Hunt sabe de qu\u00e9 habla su compa\u00f1era y rival. La inglesa, campeona de Europa ya de 100m y 200m, estudi\u00f3 Filolog\u00eda Inglesa en Cambridge y all\u00ed, rodeada de edificios medievales, cada a\u00f1o se preguntaba si val\u00eda la pena seguir. No lo dej\u00f3 y termin\u00f3 la carrera. En el campus, despu\u00e9s de dar la sorpresa al batir el r\u00e9cord del mundo sub-18 de 200m en la quinta carrera de su vida sobre esta distancia, los estudiantes la reconoc\u00edan y la retaban a una carrera de velocidad. Hunt, como el personaje de High School Musical, lleg\u00f3 a Birmingham y proclam\u00f3: \u201cI want it all (lo quiero todo)\u201d. De momento, no ha fallado.<\/p>\n<p class=\"\">Ahora es una estrella que se rifan los patrocinadores, oro con 22,19s, y en la ciudad inglesa, con las u\u00f1as azules, como las camisetas del Birmingham FC, ha derrotado en las dos finales a Asher-Smith, la reina de la velocidad brit\u00e1nica, que solo pudo ser bronce al verse superada por Rhasidat Adeleke, de 23 a\u00f1os, la primera irlandesa que corr\u00eda una final de 200m y que lo hizo con un nuevo r\u00e9cord de su pa\u00eds (22,28s) y una cent\u00e9sima m\u00e1s r\u00e1pida que la campeona del mundo en 2019.<\/p>\n<p class=\"\">Bestu\u00e9 sali\u00f3 contenta del Alexander Stadium. Su puesto, s\u00e9ptimo, fue id\u00e9ntico al de hace dos a\u00f1os, en Roma, de donde se march\u00f3 frustrada. Esta vez no. \u201cEstoy contenta porque he ido a por todo. Es el primer campeonato que me creo que puedo conseguir algo grande y luchar por las medallas. He estado muy bien en la primera parte, pero al final me han pasado varias rivales. Esta vez no me puedo reprochar nada. Me falta esa velocidad que genero en la curva y correr m\u00e1s amplia\u201d. Ahora le queda la baza del relevo 4x100m con un cuarteto que tratar\u00e1 de resarcirse de la baja de Esperan\u00e7a Cladera.<\/p>\n","protected":false},"excerpt":{"rendered":"La curva de Ja\u00ebl Bestu\u00e9 es una sinfon\u00eda. Fuerza, velocidad y t\u00e9cnica hiladas en las piernas de una&hellip;\n","protected":false},"author":2,"featured_media":710166,"comment_status":"","ping_status":"","sticky":false,"template":"","format":"standard","meta":{"footnotes":""},"categories":[93],"tags":[928,11485,168,25,24,23,167],"class_list":["post-710165","post","type-post","status-publish","format-standard","has-post-thumbnail","category-deportes","tag-atletas","tag-atletismo","tag-deportes","tag-es","tag-espana","tag-spain","tag-sports"],"share_on_mastodon":{"url":"https:\/\/pubeurope.com\/@es\/117091424515199354","error":""},"_links":{"self":[{"href":"https:\/\/www.europesays.com\/es\/wp-json\/wp\/v2\/posts\/710165","targetHints":{"allow":["GET"]}}],"collection":[{"href":"https:\/\/www.europesays.com\/es\/wp-json\/wp\/v2\/posts"}],"about":[{"href":"https:\/\/www.europesays.com\/es\/wp-json\/wp\/v2\/types\/post"}],"author":[{"embeddable":true,"href":"https:\/\/www.europesays.com\/es\/wp-json\/wp\/v2\/users\/2"}],"replies":[{"embeddable":true,"href":"https:\/\/www.europesays.com\/es\/wp-json\/wp\/v2\/comments?post=710165"}],"version-history":[{"count":0,"href":"https:\/\/www.europesays.com\/es\/wp-json\/wp\/v2\/posts\/710165\/revisions"}],"wp:featuredmedia":[{"embeddable":true,"href":"https:\/\/www.europesays.com\/es\/wp-json\/wp\/v2\/media\/710166"}],"wp:attachment":[{"href":"https:\/\/www.europesays.com\/es\/wp-json\/wp\/v2\/media?parent=710165"}],"wp:term":[{"taxonomy":"category","embeddable":true,"href":"https:\/\/www.europesays.com\/es\/wp-json\/wp\/v2\/categories?post=710165"},{"taxonomy":"post_tag","embeddable":true,"href":"https:\/\/www.europesays.com\/es\/wp-json\/wp\/v2\/tags?post=710165"}],"curies":[{"name":"wp","href":"https:\/\/api.w.org\/{rel}","templated":true}]}}