{"id":710181,"date":"2026-08-14T02:18:24","date_gmt":"2026-08-14T02:18:24","guid":{"rendered":"https:\/\/www.europesays.com\/es\/710181\/"},"modified":"2026-08-14T02:18:24","modified_gmt":"2026-08-14T02:18:24","slug":"murio-la-golfista-australiana-jessica-bang-tras-permanecer-internada-por-una-hemorragia-cerebral","status":"publish","type":"post","link":"https:\/\/www.europesays.com\/es\/710181\/","title":{"rendered":"Muri\u00f3 la golfista australiana Jessica Bang tras permanecer internada por una hemorragia cerebral"},"content":{"rendered":"<p>Una promesa del <a href=\"https:\/\/www.ellitoral.com\/temas\/golf\" target=\"_self\" title=\"golf\" alt=\"golf\" rel=\"nofollow noopener\">golf<\/a> muri\u00f3 este jueves tras permanecer internada por una hemorragia cerebral. <strong>Jessica Bang<\/strong>, de <strong>18 a\u00f1os<\/strong>, se encontraba en <strong>Tailandia<\/strong> para competir en un torneo clasificatorio cuando se desvaneci\u00f3 y cay\u00f3 al suelo.<\/p>\n<p><img decoding=\"async\" src=\"https:\/\/www.europesays.com\/es\/wp-content\/uploads\/2026\/08\/kir1JWrlm_870x580__1.jpg\" alt=\"la golfista australiana Jessica Bang .\" width=\"870\" height=\"580\" class=\"styles_cover-image__pRCD1\" loading=\"lazy\"\/>La golfista australiana Jessica Bang .<\/p>\n<p>La noticia fue confirmada por el <strong>WPGA Tour<\/strong>, la principal organizaci\u00f3n que supervisa los torneos de golf profesional femenino.<\/p>\n<p>Comunicado del WPGA Tour<\/p>\n<p>\u201cTodos los que formamos parte del <strong>WPGA Tour de Australasia<\/strong> y de la comunidad del golf australiano en general acompa\u00f1amos a la familia de <strong>Jessica<\/strong>, a sus amigos y a todos aquellos que la conocieron y la amaron en este momento tan dif\u00edcil\u201d, se\u00f1alaron en el comunicado.<\/p>\n<p><img decoding=\"async\" src=\"https:\/\/www.europesays.com\/es\/wp-content\/uploads\/2026\/08\/aDKUgsU-k_870x580__1.jpg\" alt=\"la golfista australiana Jessica Bang .\" width=\"870\" height=\"580\" class=\"styles_cover-image__pRCD1\" loading=\"lazy\"\/>La golfista australiana Jessica Bang .<\/p>\n<p><strong>Bang<\/strong>, oriunda de <strong><a href=\"https:\/\/www.ellitoral.com\/tag\/australia\" target=\"_self\" title=\"Australia\" alt=\"Australia\" rel=\"nofollow noopener\">Australia<\/a><\/strong>, sufri\u00f3 una hemorragia cerebral durante la competici\u00f3n en <strong>Bangkok<\/strong> el pasado <strong>1 de agosto<\/strong> y debi\u00f3 ser internada de urgencia en el <strong>Hospital Synphaet Ramintra<\/strong>.<\/p>\n<p><a class=\"styles_nr-container__I5hdQ styles_paragraph-detail__IZKtN styles_nr-container--destacada__LS85h\" href=\"https:\/\/www.ellitoral.com\/deportes\/prichardcolon-boxeo-terrelwilliams-danocerebral-richardcolon_0_ReP3cCt0Lo.html\" rel=\"nofollow noopener\" target=\"_blank\">Mir\u00e1 tambi\u00e9n<img decoding=\"async\" src=\"https:\/\/www.europesays.com\/es\/wp-content\/uploads\/2026\/08\/VAARbtH2h_248x166__1.jpg\" class=\"styles_image__YCaaA\" loading=\"lazy\"\/>Muri\u00f3 Prichard Col\u00f3n, el boxeador que qued\u00f3 con da\u00f1o cerebral tras una pelea en 2015<br \/>\n<\/a><\/p>\n<p>All\u00ed fue sometida a una intervenci\u00f3n quir\u00fargica y, luego, permaneci\u00f3 en terapia intensiva.<\/p>\n<p>Intervenci\u00f3n m\u00e9dica y estado cr\u00edtico<\/p>\n<p><strong>Bang<\/strong> se hab\u00eda ganado una reputaci\u00f3n como una de las j\u00f3venes promesas del <strong>golf australiano<\/strong> al obtener su <strong>primer torneo profesional<\/strong> en tan solo su quinta participaci\u00f3n <strong>a principios de 2026<\/strong>, report\u00f3 el medio local <strong>News 24 Australia<\/strong>.<\/p>\n","protected":false},"excerpt":{"rendered":"Una promesa del golf muri\u00f3 este jueves tras permanecer internada por una hemorragia cerebral. Jessica Bang, de 18&hellip;\n","protected":false},"author":2,"featured_media":710182,"comment_status":"","ping_status":"","sticky":false,"template":"","format":"standard","meta":{"footnotes":""},"categories":[275],"tags":[4699,168,25,24,329,23,167],"class_list":["post-710181","post","type-post","status-publish","format-standard","has-post-thumbnail","category-golf","tag-australia","tag-deportes","tag-es","tag-espana","tag-golf","tag-spain","tag-sports"],"share_on_mastodon":{"url":"https:\/\/pubeurope.com\/@es\/117091468556300158","error":""},"_links":{"self":[{"href":"https:\/\/www.europesays.com\/es\/wp-json\/wp\/v2\/posts\/710181","targetHints":{"allow":["GET"]}}],"collection":[{"href":"https:\/\/www.europesays.com\/es\/wp-json\/wp\/v2\/posts"}],"about":[{"href":"https:\/\/www.europesays.com\/es\/wp-json\/wp\/v2\/types\/post"}],"author":[{"embeddable":true,"href":"https:\/\/www.europesays.com\/es\/wp-json\/wp\/v2\/users\/2"}],"replies":[{"embeddable":true,"href":"https:\/\/www.europesays.com\/es\/wp-json\/wp\/v2\/comments?post=710181"}],"version-history":[{"count":0,"href":"https:\/\/www.europesays.com\/es\/wp-json\/wp\/v2\/posts\/710181\/revisions"}],"wp:featuredmedia":[{"embeddable":true,"href":"https:\/\/www.europesays.com\/es\/wp-json\/wp\/v2\/media\/710182"}],"wp:attachment":[{"href":"https:\/\/www.europesays.com\/es\/wp-json\/wp\/v2\/media?parent=710181"}],"wp:term":[{"taxonomy":"category","embeddable":true,"href":"https:\/\/www.europesays.com\/es\/wp-json\/wp\/v2\/categories?post=710181"},{"taxonomy":"post_tag","embeddable":true,"href":"https:\/\/www.europesays.com\/es\/wp-json\/wp\/v2\/tags?post=710181"}],"curies":[{"name":"wp","href":"https:\/\/api.w.org\/{rel}","templated":true}]}}