{"id":710239,"date":"2026-08-14T03:12:53","date_gmt":"2026-08-14T03:12:53","guid":{"rendered":"https:\/\/www.europesays.com\/es\/710239\/"},"modified":"2026-08-14T03:12:53","modified_gmt":"2026-08-14T03:12:53","slug":"el-verano-de-charly-el-marido-de-lydia-lozano-tras-su-grave-infeccion-su-recuperacion-y-la-empresa-que-comparten","status":"publish","type":"post","link":"https:\/\/www.europesays.com\/es\/710239\/","title":{"rendered":"El verano de Charly, el marido de Lydia Lozano, tras su grave infecci\u00f3n: su recuperaci\u00f3n y la empresa que comparten"},"content":{"rendered":"<p id=\"paragraph_1\">Quienes conocen a <a data-forcefollow=\"false\" data-sponsored=\"false\" href=\"https:\/\/www.elespanol.com\/personajes\/lydia_lozano\/?utm_cmp_rs=linksinline\" rel=\"noopener noreferrer nofollow\" target=\"_blank\"><strong>Lydia Lozano<\/strong><\/a> (65 a\u00f1os), o los que la ven diariamente por televisi\u00f3n -que tambi\u00e9n es una forma de conocer- destacan de ella que es una <strong>mujer fuerte y optimista<\/strong>. Que <strong>llora a la m\u00ednima<\/strong>, s\u00ed, pero que se repone con la misma facilidad.<\/p>\n<p class=\"paragraph\" id=\"paragraph_2\">A nadie se le escapa que los \u00faltimos meses de la vida de la colaboradora -en especial, el final del a\u00f1o 2025 y el inicio de 2026- no han sido f\u00e1ciles, pues su vida personal y familiar se puso del rev\u00e9s cuando su marido,<strong> Charly<\/strong>, <strong>cay\u00f3 enfermo <\/strong>a causa<strong> <\/strong>de una <strong>fuerte infecci\u00f3n bacteriana<\/strong>.<\/p>\n<p class=\"paragraph\" id=\"paragraph_3\">La infecci\u00f3n lleg\u00f3 hasta su coraz\u00f3n y \u00ab<strong>se comi\u00f3 una v\u00e1lvula<\/strong>\u00ab, por lo que el arquitecto tuvo que someterse a una <strong>nueva cirug\u00eda a coraz\u00f3n abierto para sustituirla<\/strong>.<\/p>\n<p><img loading=\"lazy\" decoding=\"async\" alt=\"Qui\u00e9n es Charly, el hombre que lleva 30 a\u00f1os a la sombra de Lydia Lozano\" height=\"240\" src=\"https:\/\/www.europesays.com\/es\/wp-content\/uploads\/2026\/08\/h:240&#038;h=jsuF7vuk.jpeg\" width=\"320\" data-lazy-status=\"processed\" data-lazy-info=\"remove loading item 1\"\/><\/p>\n<p><img decoding=\"async\" alt=\"Charly, el pasado mes de enero, tras recibir el alta y volver a casa.\" data-imgm=\"true\" height=\"576\" loading=\"lazy\"  src=\"https:\/\/www.europesays.com\/es\/wp-content\/uploads\/2026\/08\/h:576&#038;h=PYWfY0gE.jpeg\"  width=\"1024\"\/><\/p>\n<p>                                                            Charly, el pasado mes de enero, tras recibir el alta y volver a casa.<\/p>\n<p>                    EL ESPA\u00d1OL<\/p>\n<p class=\"paragraph\" id=\"paragraph_4\"><strong>Carlos Garc\u00eda<\/strong>&#8211;<strong>San Miguel y Rodr\u00edguez de Partearroyo <\/strong>-nombre real de Charly- estuvo ingresado en un hospital alrededor de dos meses como consecuencia de esta dolencia. Incluso, el arquitecto perdi\u00f3 movilidad y tuvo que usar <strong>silla de ruedas<\/strong> al ser dado de alta.<\/p>\n<p class=\"paragraph\" id=\"paragraph_5\">Pero, poco a poco,<strong> Charly ha ido recuper\u00e1ndose<\/strong>. A su lado, su mujer, su raz\u00f3n de amor, Lydia. La periodista ha tenido que hacer malabares para compaginar las atenciones a su marido con sus obligaciones en televisi\u00f3n. Fueron meses intensos y duros, pero <strong>los super\u00f3<\/strong>.<\/p>\n<p class=\"paragraph\" id=\"paragraph_6\">Mientras Charly se recupera del todo en su casa, situada en el barrio de <strong>Chamart\u00edn<\/strong> de Madrid, Lydia, poco a poco, vuelve a la <strong>normalidad<\/strong>.<\/p>\n<p class=\"paragraph\" id=\"paragraph_7\">Para ella, esa normalidad pasa por estar -y casi vivir- en la televisi\u00f3n. La tele le da la vida a Lozano, no sabe vivir sin su trabajo en la peque\u00f1a pantalla. Colabora en<strong> \u00a1De Viernes!<\/strong> y en<strong> De lunes a viernes<\/strong>.<\/p>\n<p class=\"paragraph\" id=\"paragraph_8\">Este verano, como el de la mayor\u00eda de los colaboradores, est\u00e1 <strong>marcado por el trabajo<\/strong>, salvo algunos d\u00edas sueltos que puedan disfrutar: \u00ab<strong>Toca apoyar a la cadena en estos momentos<\/strong>\u00ab, es el mensaje que se escucha en algunos profesionales de Mediaset.<\/p>\n<p class=\"paragraph\" id=\"paragraph_9\">Volviendo a Charly, nunca le ha gustado salir, ser conocido: ha preferido el segundo plano. Tan solo en diciembre de 2018 apareci\u00f3 por sorpresa por primera y \u00fanica vez en un plat\u00f3 de televisi\u00f3n. Como es l\u00f3gico, fue en S\u00e1lvame.<\/p>\n<p><img decoding=\"async\" alt=\"Lydia y Charly en imagen de archivo.\" data-imgm=\"true\" height=\"1706\" loading=\"lazy\"  src=\"https:\/\/www.europesays.com\/es\/wp-content\/uploads\/2026\/08\/h:1706&#038;h=l7-ZhOZ6.jpeg\"  width=\"960\"\/><\/p>\n<p>                                                            Lydia y Charly en imagen de archivo.<\/p>\n<p>                    Gtres<\/p>\n<p class=\"paragraph\" id=\"paragraph_10\">Charly decidi\u00f3 que era un buen d\u00eda, y una buena causa, porque su mujer celebraba su <strong>cumplea\u00f1os<\/strong>. Con la ayuda de los compa\u00f1eros de Lydia, que ejercieron de c\u00f3mplices, Charly <strong>se present\u00f3 con un ramo de flores y una tarta<\/strong>. Hasta ah\u00ed dur\u00f3 su debut en televisi\u00f3n.<\/p>\n<p class=\"paragraph\" id=\"paragraph_11\">Ahora, en 2026, <strong>EL ESPA\u00d1OL<\/strong> ha podido averiguar, a trav\u00e9s de Informa, la empresa espa\u00f1ola l\u00edder en informaci\u00f3n comercial, financiera y empresarial, que Charly est\u00e1 m\u00e1s vinculado al periodismo de lo que, a priori, pudiera parecer.<\/p>\n<p class=\"paragraph\" id=\"paragraph_12\">Figura su nombre en una sociedad, junto a su mujer. La empresa se llama <strong>An\u00e1lisis e Inversiones Hardisson S<\/strong>.<strong>L<\/strong>.<\/p>\n<p class=\"paragraph\" id=\"paragraph_13\">El objeto social de la sociedad es \u00abel an\u00e1lisis y la realizaci\u00f3n de trabajos period\u00edsticos ya sea en soporte papel, inform\u00e1tico, telem\u00e1tico o audiovisual, y <strong>cualquier otra actividad relacionada con la actividad principal del mundo del periodismo<\/strong>\u00ab.<\/p>\n<p class=\"paragraph\" id=\"paragraph_14\">Lydia aparece como<strong> Administradora \u00danica<\/strong> &#8211;<strong>desde 2021<\/strong>-, y Charly, como <strong>Apoderado <\/strong>&#8211;<strong>desde 2023<\/strong>-. La empresa est\u00e1 activa, se constituy\u00f3 en 2003. Entonces, el matrimonio figuraba como Administrador Solidario. La empresa presenta unas<strong> cuentas saneadas<\/strong>.<\/p>\n<p>Qui\u00e9n es Charly<\/p>\n<p class=\"paragraph\" id=\"paragraph_15\">Charly es un arquitecto que vive completamente ajeno al barullo medi\u00e1tico de su mujer. \u00ab<strong>Charly<\/strong> es todo, con \u00e9l me ha tocado la loter\u00eda\u00bb, ha llegado a asegurar Lydia en m\u00e1s de una ocasi\u00f3n.<\/p>\n<p class=\"paragraph\" id=\"paragraph_16\">Siempre que su profesi\u00f3n se lo permite, el \u00fanico hombre en la vida de Lydia se ocupa de la intendencia del hogar mientras ella trabaja en televisi\u00f3n. <strong>Saca al perro que tienen en com\u00fan<\/strong>,<strong> arregla los desperfectos de la casa y espera la llegada de su esposa<\/strong>.<\/p>\n<p class=\"paragraph\" id=\"paragraph_17\"><strong>Lydia Lozano<\/strong> y su marido se casaron en junio de 1990. Ambos se conocieron mientras Lydia manten\u00eda una relaci\u00f3n con un amigo del que luego ser\u00eda el amor de su vida. \u00abYo <strong>sal\u00eda con un amigo suyo<\/strong>, pero la relaci\u00f3n no estaba bien.<\/p>\n<p class=\"paragraph\" id=\"paragraph_18\">Fuimos a cenar a casa de la familia de Charly y \u00e9l abri\u00f3 la puerta, con unos pantalones y unas zapatillas verdes. <strong>Me llam\u00f3 al d\u00eda siguiente para quedar<\/strong>&#8230; y hasta hoy\u00bb, cont\u00f3 en una ocasi\u00f3n.<\/p>\n<p><img decoding=\"async\" alt=\"Lydia y su marido dando un paseo por Par\u00eds en 2019.\" data-imgm=\"true\" height=\"576\" loading=\"lazy\"  src=\"https:\/\/www.europesays.com\/es\/wp-content\/uploads\/2026\/08\/h:576&#038;h=YLi5dvnA.jpeg\"  width=\"1024\"\/><\/p>\n<p>                                                            Lydia y su marido dando un paseo por Par\u00eds en 2019.<\/p>\n<p>                    Gtres<\/p>\n<p class=\"paragraph\" id=\"paragraph_19\">La pareja no tiene hijos por decisi\u00f3n propia, algo que la periodista ha defendido en un sinf\u00edn de ocasiones.<\/p>\n<p class=\"paragraph\" id=\"paragraph_20\">A sus 65 a\u00f1os, son muchos los que a lo largo de estos \u00faltimos treinta a\u00f1os <strong>se han preguntado mucho el porqu\u00e9 la colaboradora no ha querido tener hijos<\/strong>. En la actualidad, se sigue manteniendo firme y orgullosa de su decisi\u00f3n.<\/p>\n<p class=\"paragraph\" id=\"paragraph_21\">As\u00ed lo defend\u00eda hace a\u00f1os en EL ESPA\u00d1OL: \u00abNo hay cosa m\u00e1s bonita que decidir con tu pareja si quieres o no quieres tener hijos. <strong>Las mujeres ahora van de que quieren ser madres solteras<\/strong>. Yo decid\u00ed hace muchos a\u00f1os que no, aunque podr\u00eda echarlo de menos\u00bb.<\/p>\n<p class=\"paragraph\" id=\"paragraph_22\">\u00abSiempre tuve m\u00e1s opciones y lo hubiera tenido f\u00e1cil, pero decid\u00ed que no. Ahora que veo tanto machismo, feminismo&#8230; <strong>Lo que me molesta es que me digan que me calle porque no tengo hijos<\/strong>. <strong>Estoy orgullosa de haber tomado en su d\u00eda esa decisi\u00f3n<\/strong>\u00ab.<\/p>\n","protected":false},"excerpt":{"rendered":"Quienes conocen a Lydia Lozano (65 a\u00f1os), o los que la ven diariamente por televisi\u00f3n -que tambi\u00e9n es&hellip;\n","protected":false},"author":2,"featured_media":710240,"comment_status":"","ping_status":"","sticky":false,"template":"","format":"standard","meta":{"footnotes":""},"categories":[174],"tags":[1733,255,2308,146,147,25,24,256,25511,6019,23],"class_list":["post-710239","post","type-post","status-publish","format-standard","has-post-thumbnail","category-famosos","tag-amor","tag-celebrities","tag-empresas","tag-entertainment","tag-entretenimiento","tag-es","tag-espana","tag-famosos","tag-lydia-lozano","tag-matrimonio","tag-spain"],"share_on_mastodon":{"url":"https:\/\/pubeurope.com\/@es\/117091685088338062","error":""},"_links":{"self":[{"href":"https:\/\/www.europesays.com\/es\/wp-json\/wp\/v2\/posts\/710239","targetHints":{"allow":["GET"]}}],"collection":[{"href":"https:\/\/www.europesays.com\/es\/wp-json\/wp\/v2\/posts"}],"about":[{"href":"https:\/\/www.europesays.com\/es\/wp-json\/wp\/v2\/types\/post"}],"author":[{"embeddable":true,"href":"https:\/\/www.europesays.com\/es\/wp-json\/wp\/v2\/users\/2"}],"replies":[{"embeddable":true,"href":"https:\/\/www.europesays.com\/es\/wp-json\/wp\/v2\/comments?post=710239"}],"version-history":[{"count":0,"href":"https:\/\/www.europesays.com\/es\/wp-json\/wp\/v2\/posts\/710239\/revisions"}],"wp:featuredmedia":[{"embeddable":true,"href":"https:\/\/www.europesays.com\/es\/wp-json\/wp\/v2\/media\/710240"}],"wp:attachment":[{"href":"https:\/\/www.europesays.com\/es\/wp-json\/wp\/v2\/media?parent=710239"}],"wp:term":[{"taxonomy":"category","embeddable":true,"href":"https:\/\/www.europesays.com\/es\/wp-json\/wp\/v2\/categories?post=710239"},{"taxonomy":"post_tag","embeddable":true,"href":"https:\/\/www.europesays.com\/es\/wp-json\/wp\/v2\/tags?post=710239"}],"curies":[{"name":"wp","href":"https:\/\/api.w.org\/{rel}","templated":true}]}}