{"id":710345,"date":"2026-08-14T05:03:10","date_gmt":"2026-08-14T05:03:10","guid":{"rendered":"https:\/\/www.europesays.com\/es\/710345\/"},"modified":"2026-08-14T05:03:10","modified_gmt":"2026-08-14T05:03:10","slug":"casi-200-euros-de-ahorro-en-el-nuevo-samsung-galaxy-z-fold8-esta-oferta-de-lanzamiento-es-una-de-las-mejores-del-mercado","status":"publish","type":"post","link":"https:\/\/www.europesays.com\/es\/710345\/","title":{"rendered":"Casi 200 euros de ahorro en el nuevo Samsung Galaxy Z Fold8: esta oferta de lanzamiento es una de las mejores del mercado"},"content":{"rendered":"<p>Desplegar una enorme pantalla similar a la de una tablet, ejecutar multitarea avanzada en cualquier sitio y disfrutar de un chasis ultraligero sin renunciar a la m\u00e1xima potencia del mercado es posible con el salto generacional de la telefon\u00eda flexible. El <a title=\"Samsung Galaxy Z Fold8 marca un referente absoluto en el sector de los plegables tipo libro\" href=\"https:\/\/www.larazon.es\/tecnologia-consumo\/analisis\/samsung-galaxy-z-fold8-analisis-exito-absoluto-formato-pasaporte_202607316a6c5ca9a5690f04735c2dd1.html\" target=\"_blank\" rel=\"nofollow noopener\">Samsung Galaxy Z Fold8 marca un referente absoluto en el sector de los plegables tipo libro<\/a>, <b>presumiendo de una pantalla interior Dynamic AMOLED 2X de 7,6 pulgadas a 120 Hz<\/b>, un grosor desplegado de apenas 4,5 mm con 201 gramos de peso y el implacable procesador Snapdragon 8 Elite Gen 5 for Galaxy fabricado en 3 nm.<\/p>\n<p>En la <a title=\"web oficial del fabricante su importe de lista roza los 2.200 euros\" href=\"https:\/\/www.samsung.com\/es\/smartphones\/galaxy-z-fold8-ultra\/buy\/\" rel=\"nofollow sponsored noopener\" target=\"_blank\">web oficial del fabricante su importe de lista roza los 2.200 euros<\/a>, pero en el escaparate de PcComponentes <a title=\"lo encuentras en oferta por solo 1.838,99 euros\" href=\"https:\/\/tidd.ly\/4x2q2pG\" rel=\"nofollow sponsored noopener\" target=\"_blank\">lo encuentras en oferta por solo 1.838,99 euros<\/a> para su versi\u00f3n de 12 GB de RAM con 256 GB de almacenamiento. Esta <b>rebaja sustancial desde su periodo de lanzamiento reduce el impacto econ\u00f3mico de adquirir un plegable de primera l\u00ednea<\/b>, facilitando el acceso a lo m\u00e1s alto de la gama alta con un ahorro neto inmediato en la cesta.<\/p>\n<p>Hazte con el Galaxy Z Fold8 a un precio con descuento en PcComponentes<\/p>\n<p>Tramitar el pedido de este dispositivo en la plataforma de PcComponentes te asegura beneficios comerciales muy valiosos, como la rapidez del env\u00edo directo a tu puerta, un proceso de devoluci\u00f3n sumamente sencillo y la posibilidad de <b>a\u00f1adir el seguro opcional PcCare para proteger la inversi\u00f3n.<\/b><\/p>\n<p>Su apartado fotogr\u00e1fico evoluciona con <b>una configuraci\u00f3n dual trasera de 50 MP en el sensor principal con estabilizaci\u00f3n \u00f3ptica <\/b>y 50 MP en el ultra gran angular, permitiendo grabar v\u00eddeo hasta en 4K a 60 fps e integrando tecnolog\u00edas como el Bloqueo Horizontal y el modo S\u00faper Estable para tomas en movimiento.<\/p>\n<p>El rendimiento no encuentra l\u00edmites gracias a <b>la potencia bruta del procesador Qualcomm Snapdragon 8 Elite Gen 5 for Galaxy <\/b>fabricado en 3 nm y sus 12 GB de RAM, una combinaci\u00f3n pensada para mover sin tirones el entorno One UI 9 sobre Android 17 y aprovechar las herramientas inteligentes de Galaxy AI para automatizar rutinas o resumir documentos tanto en el panel exterior de 5,5 pulgadas como en la pantalla desplegada.<\/p>\n<p>En materia de autonom\u00eda, <b>incorpora una bater\u00eda de 4.800 mAh compatible con carga r\u00e1pida de 45 W capaz de llenar la energ\u00eda en poco tiempo<\/b>, acompa\u00f1ada por carga inal\u00e1mbrica de 20 W y la tecnolog\u00eda Wireless PowerShare para recargar otros accesorios sobre la tapa del m\u00f3vil.<\/p>\n<p>La propuesta se completa con una certificaci\u00f3n IPX8 de resistencia al agua, <b>conectividad inal\u00e1mbrica de \u00faltima generaci\u00f3n con Wi-Fi 7,<\/b> Bluetooth 6, banda ultraancha UWB y compatibilidad Dual SIM mediante la combinaci\u00f3n de nano SIM y eSIM.<\/p>\n<p>Este art\u00edculo est\u00e1 pensado para ayudarte a descubrir productos de tu inter\u00e9s o para que tomes una mejor decisi\u00f3n de compra. Algunos de los enlaces que incluye son de afiliados, por lo que si realizas una compra a trav\u00e9s de ellos La Raz\u00f3n podr\u00eda recibir una peque\u00f1a comisi\u00f3n. Este hecho no influye en nuestras recomendaciones ni en el precio que pagas por el producto.<\/p>\n","protected":false},"excerpt":{"rendered":"Desplegar una enorme pantalla similar a la de una tablet, ejecutar multitarea avanzada en cualquier sitio y disfrutar&hellip;\n","protected":false},"author":2,"featured_media":710346,"comment_status":"","ping_status":"","sticky":false,"template":"","format":"standard","meta":{"footnotes":""},"categories":[81],"tags":[1655,119,123,124,25,24,1702,117,121,122,1604,23,118,120],"class_list":["post-710345","post","type-post","status-publish","format-standard","has-post-thumbnail","category-ciencia-y-tecnologia","tag-afiliacion","tag-ciencia","tag-ciencia-y-tecnologia","tag-cienciaytecnologia","tag-es","tag-espana","tag-samsung-galaxy","tag-science","tag-science-and-technology","tag-scienceandtechnology","tag-smartphone","tag-spain","tag-technology","tag-tecnologia"],"share_on_mastodon":{"url":"https:\/\/pubeurope.com\/@es\/117092116426425052","error":""},"_links":{"self":[{"href":"https:\/\/www.europesays.com\/es\/wp-json\/wp\/v2\/posts\/710345","targetHints":{"allow":["GET"]}}],"collection":[{"href":"https:\/\/www.europesays.com\/es\/wp-json\/wp\/v2\/posts"}],"about":[{"href":"https:\/\/www.europesays.com\/es\/wp-json\/wp\/v2\/types\/post"}],"author":[{"embeddable":true,"href":"https:\/\/www.europesays.com\/es\/wp-json\/wp\/v2\/users\/2"}],"replies":[{"embeddable":true,"href":"https:\/\/www.europesays.com\/es\/wp-json\/wp\/v2\/comments?post=710345"}],"version-history":[{"count":0,"href":"https:\/\/www.europesays.com\/es\/wp-json\/wp\/v2\/posts\/710345\/revisions"}],"wp:featuredmedia":[{"embeddable":true,"href":"https:\/\/www.europesays.com\/es\/wp-json\/wp\/v2\/media\/710346"}],"wp:attachment":[{"href":"https:\/\/www.europesays.com\/es\/wp-json\/wp\/v2\/media?parent=710345"}],"wp:term":[{"taxonomy":"category","embeddable":true,"href":"https:\/\/www.europesays.com\/es\/wp-json\/wp\/v2\/categories?post=710345"},{"taxonomy":"post_tag","embeddable":true,"href":"https:\/\/www.europesays.com\/es\/wp-json\/wp\/v2\/tags?post=710345"}],"curies":[{"name":"wp","href":"https:\/\/api.w.org\/{rel}","templated":true}]}}