{"id":710561,"date":"2026-08-14T08:26:30","date_gmt":"2026-08-14T08:26:30","guid":{"rendered":"https:\/\/www.europesays.com\/es\/710561\/"},"modified":"2026-08-14T08:26:30","modified_gmt":"2026-08-14T08:26:30","slug":"la-casa-del-dragon-confirma-el-cambio-mas-importante-entre-aegon-y-aemond-para-la-temporada-4","status":"publish","type":"post","link":"https:\/\/www.europesays.com\/es\/710561\/","title":{"rendered":"&#8216;La casa del drag\u00f3n&#8217; confirma el cambio m\u00e1s importante entre Aegon y Aemond para la temporada 4"},"content":{"rendered":"<p class=\"c-paragraph\"><b>[Este art\u00edculo contiene SPOILERS del 3X08 de LA CASA DEL DRAG\u00d3N]<\/b><\/p>\n<p class=\"c-paragraph\">La din\u00e1mica familiar entre los hermanos Targaryen ha sido objeto de debate constante desde el inicio de<a href=\"\"> <\/a><b><a href=\"https:\/\/www.20minutos.es\/cinemania\/series\/casa-dragon-tumbleton-cargado-batalla-ladera-las-mas-epicas-libros-george-rr-martin_7022487_0.html\" target=\"_blank\" rel=\"nofollow noopener\">La casa del drag\u00f3n<\/a>.<\/b> M\u00e1s all\u00e1 del enfrentamiento por el Trono de Hierro entre los hermanastros <b>Aegon <\/b>y <b>Rhaenyra<\/b>,\u00a0la relaci\u00f3n entre los miembros de la familia ha estado marcada por la violencia y la tensi\u00f3n, especialmente con <b>Aemond<\/b>.\u00a0<\/p>\n<p class=\"c-paragraph\"><b>Aemond <\/b>hu\u00eda durante la tercera temporada hacia <b>Harrenhal<\/b>, donde manten\u00eda una relaci\u00f3n sentimental con la hechicera <b>Alys Rivers.<\/b> Esta le salvaba la vida y, posteriormente, se revelaba que Alys hab\u00eda vivido en Harrenhal desde la \u00e9poca de Harren el Negro, m\u00e1s de un siglo atr\u00e1s, quedando ligada al castillo por una antigua maldici\u00f3n que la hab\u00eda hecho pr\u00e1cticamente inmortal.<\/p>\n<p class=\"c-paragraph\">En el episodio 3&#215;08, el Targaryen recib\u00eda la visita de su madre, Alicent, quien acud\u00eda a Harrenhal para encontrarse con \u00e9l e intentar asesinarlo por mandato de Rhaenyra. Pero, el momento m\u00e1s sorprendente lo viv\u00eda cuando <b>Aegon, despu\u00e9s de reencontrarse con su drag\u00f3n Fuegosol, iba en su b\u00fasqueda para vengarse\u00a0<\/b>despu\u00e9s de que Aemond hubiera intentado asesinarlo hasta en dos ocasiones para hacerse con el control de los Siete Reinos.\u00a0<\/p>\n<p class=\"c-paragraph\">Lo m\u00e1s imprevisible de este encuentro era que<b> Aegon le perdonaba la vida<\/b> despu\u00e9s de que Aemond se postrara a sus pies, un comportamiento completamente extra\u00f1o para aquellos que ya conoc\u00edan su <b>historia en los libros de George R.R. Martin<\/b> y que saben que era <b>completamente diferente<\/b>.\u00a0<\/p>\n<p>\u00bfPor qu\u00e9 ha cambiado la historia de Aegon y Aemond?<\/p>\n<p class=\"c-paragraph\">En <b>Fuego y Sangre,<\/b> <b>Aegon es herido por Aemond<\/b> en la Batalla de Reposo del Grajo, despu\u00e9s de que este se interpusiera en la trayectoria de Vhagar contra Rhaenys y su drag\u00f3n, Meleys. <b>No queda tan claro que se trate de un acto deliberado para hacerse con el poder.<\/b> El rey queda herido y su drag\u00f3n tambi\u00e9n, por lo que ambos se recuperan durante un largo periodo en Rocadrag\u00f3n.<\/p>\n<p class=\"c-paragraph\">A partir de ah\u00ed, y sin hacer spoilers de momentos que la serie a\u00fan tiene que narrar, <b>la relaci\u00f3n de los hermanos est\u00e1\u00a0 marcada por la rivalidad<\/b>. Esto <b>no significa que Aemond lo intente asesinar<\/b> en ning\u00fan momento de forma expl\u00edcita como en la serie <b>ni que se produzca un reencuentro en Harrenhal.<\/b> Un cambio de una enorme relevancia que podr\u00eda hacer que la cuarta temporada de la serie se aleje completamente del material original de George R.R. Martin.<\/p>\n<p class=\"c-paragraph\">Este<b> encuentro y el comportamiento de ambos\u00a0eran muy criticados<\/b> en las redes sociales, donde muchos usuarios no entend\u00edan que la situaci\u00f3n se produjera de esta manera, lo que ha obligado al<b> creador de la serie, <a href=\"https:\/\/screenrant.com\/why-aegon-doesnt-kill-aemond-house-of-the-dragon-season-3-finale-ryan-condal\/\" rel=\"nofollow noreferrer noopener\" target=\"_blank\">Ryan Condal, a responder <\/a><\/b>a esta cuesti\u00f3n.<\/p>\n<p class=\"c-paragraph\">\u00ab<b>Aegon ha aprendido mucho en la tercera temporada.<\/b> Y aunque sigue enfadado con su hermano y tiene sus propios planes, creo que lo que comprendi\u00f3 en su evoluci\u00f3n es que se merec\u00eda muchas de las cosas que le sucedieron, probablemente de alguna manera, y que <b>ten\u00eda que aprender a ser un mejor rey. Tal vez necesitaba alejarse y caminar entre el pueblo como un mendigo<\/b>\u00ab, explicaba el showrunner sobre la transformaci\u00f3n del que fuera monarca.<\/p>\n<p class=\"c-paragraph\">Lejos del Trono de Hierro, la evoluci\u00f3n del personaje ha hecho que, aparentemente, <b>se desprenda de su car\u00e1cter autoritario<\/b> y se convierta en alguien m\u00e1s apto para gobernar. Algo que sucede justo al contrario con Rhaenyra.\u00a0<\/p>\n<p class=\"c-paragraph\">\u00ab<b>Rhaenyra se transforma, se altera<\/b> y se corrompe en cierta medida por estar en su \u00f3rbita. Creo que si Aegon hubiera aparecido y <b>simplemente hubiera matado a Aemond, no habr\u00eda marcado un crecimiento en el personaje. <\/b>\u00c9l est\u00e1 viendo el cambio de Aemond, d\u00e1ndose cuenta de su posici\u00f3n con su drag\u00f3n y, de repente, siente este incre\u00edble viento de legitimidad a sus espaldas.\u00a0Ha experimentado un regreso mesi\u00e1nico\u00bb, a\u00f1ade el creador, quien cree que la muerte de Aemond solo arruinar\u00eda al personaje y\u00a0que es mejor que ambos sean aliados.<\/p>\n<p class=\"c-paragraph\">Esta<b>\u00a0nueva din\u00e1mica se extender\u00e1 a lo largo de la cuarta temporada,<\/b> que, <b>para disgusto de George R.R. Martin,<\/b> apunta a que ir\u00e1 por un camino bastante alejado del de su saga Canci\u00f3n de Hielo y Fuego. Aunque, por el momento, parece que respetar\u00e1 el destino aciago de los dos hermanos.\u00a0<\/p>\n","protected":false},"excerpt":{"rendered":"[Este art\u00edculo contiene SPOILERS del 3X08 de LA CASA DEL DRAG\u00d3N] La din\u00e1mica familiar entre los hermanos Targaryen&hellip;\n","protected":false},"author":2,"featured_media":710562,"comment_status":"","ping_status":"","sticky":false,"template":"","format":"standard","meta":{"footnotes":""},"categories":[171],"tags":[115329,127570,146,147,25,24,127571,49298,24169,49299,23,214],"class_list":["post-710561","post","type-post","status-publish","format-standard","has-post-thumbnail","category-tv","tag-aegon-targaryen","tag-aemond-targaryen","tag-entertainment","tag-entretenimiento","tag-es","tag-espana","tag-fuego-y-sangre","tag-george-r-r-martin","tag-juego-de-tronos","tag-la-casa-del-dragon","tag-spain","tag-tv"],"share_on_mastodon":{"url":"https:\/\/pubeurope.com\/@es\/117092914684296045","error":""},"_links":{"self":[{"href":"https:\/\/www.europesays.com\/es\/wp-json\/wp\/v2\/posts\/710561","targetHints":{"allow":["GET"]}}],"collection":[{"href":"https:\/\/www.europesays.com\/es\/wp-json\/wp\/v2\/posts"}],"about":[{"href":"https:\/\/www.europesays.com\/es\/wp-json\/wp\/v2\/types\/post"}],"author":[{"embeddable":true,"href":"https:\/\/www.europesays.com\/es\/wp-json\/wp\/v2\/users\/2"}],"replies":[{"embeddable":true,"href":"https:\/\/www.europesays.com\/es\/wp-json\/wp\/v2\/comments?post=710561"}],"version-history":[{"count":0,"href":"https:\/\/www.europesays.com\/es\/wp-json\/wp\/v2\/posts\/710561\/revisions"}],"wp:featuredmedia":[{"embeddable":true,"href":"https:\/\/www.europesays.com\/es\/wp-json\/wp\/v2\/media\/710562"}],"wp:attachment":[{"href":"https:\/\/www.europesays.com\/es\/wp-json\/wp\/v2\/media?parent=710561"}],"wp:term":[{"taxonomy":"category","embeddable":true,"href":"https:\/\/www.europesays.com\/es\/wp-json\/wp\/v2\/categories?post=710561"},{"taxonomy":"post_tag","embeddable":true,"href":"https:\/\/www.europesays.com\/es\/wp-json\/wp\/v2\/tags?post=710561"}],"curies":[{"name":"wp","href":"https:\/\/api.w.org\/{rel}","templated":true}]}}