{"id":710753,"date":"2026-08-14T10:47:21","date_gmt":"2026-08-14T10:47:21","guid":{"rendered":"https:\/\/www.europesays.com\/es\/710753\/"},"modified":"2026-08-14T10:47:21","modified_gmt":"2026-08-14T10:47:21","slug":"habra-reconciliacion-entre-marc-marquez-y-valentino-rossi-respeto-lo-que-logro-pero","status":"publish","type":"post","link":"https:\/\/www.europesays.com\/es\/710753\/","title":{"rendered":"\u00bfHabr\u00e1 reconciliaci\u00f3n entre Marc M\u00e1rquez y Valentino Rossi? \u00abRespeto lo que logr\u00f3, pero&#8230;\u00bb"},"content":{"rendered":"<p class=\"L6-news-detail__text\">La relaci\u00f3n entre <b><a title=\"Marc M\u00e1rquez y Valentino Rossi\" href=\"https:\/\/www.lasexta.com\/noticias\/deportes\/motor\/marquez-rossi-tienen-cosas-comun-piloto-ducati-explica-gran-cualidad-que-ambos-comparten_202608066a74672371b42a0b5ddf7a9e.html\" target=\"_blank\" rel=\"nofollow noopener\">Marc M\u00e1rquez y Valentino Rossi<\/a><\/b> es uno de los aspectos m\u00e1s controvertidos en la historia de <b>MotoGP<\/b>. Desde el incidente en <b>Malasia 2015<\/b>, donde el italiano le atest\u00f3 una patada y provoc\u00f3 su ca\u00edda, la tensi\u00f3n entre ambos ha ido incrementando hasta el punto de no hablarse.<\/p>\n<p class=\"L6-news-detail__text\">Durante los \u00faltimos a\u00f1os, sobre todo tras la retirada de &#8216;Il Dottore&#8217;, muchas personas han intentado que ambos se reconcilien mediando entre ellos. Sin embargo, dicho objetivo se ha convertido en una misi\u00f3n imposible.<b> \u00abEs imposible encontrar una soluci\u00f3n. Algunas cosas no dependen de una sola persona. Se necesitan dos\u00bb<\/b>, ha comentado Marc M\u00e1rquez, en una entrevista concedida a &#8216;The i Paper&#8217;.<\/p>\n<p class=\"L6-news-detail__text\">El propio implicado en la terrible relaci\u00f3n que comparten ha rechazado la posibilidad de sentarse a plantear una &#8216;paz&#8217; entre los dos, resaltando que Rossi no estar\u00eda poniendo de su parte para lograrlo. <b>\u00abEn mi vida personal, no lo necesito, ni \u00e9l me necesita a m\u00ed\u00bb<\/b>, a\u00f1ade el ilerdense.<\/p>\n<p class=\"L6-news-detail__text\">Por \u00faltimo, a pesar de su mala relaci\u00f3n, el vigente campe\u00f3n del mundo ha mostrado su respeto por la carrera de su ac\u00e9rrimo rival, destacando su aportaci\u00f3n al motociclismo y la categor\u00eda reina. <b>\u00abPero respeto lo que logr\u00f3. Ambos aportamos mucho a MotoGP y al mundo del automovilismo. Somos dos personas muy diferentes\u00bb<\/b>, concluye Marc.<\/p>\n<p class=\"L6-news-detail__text\"><b><a title=\"*A\u00f1ade laSexta como tu medio de referencia en Google y no te pierdas toda la actualidad y el mejor contenido\" href=\"https:\/\/www.google.com\/preferences\/source?q=lasexta.com\" target=\"_blank\" rel=\"nofollow noopener\">*A\u00f1ade laSexta como tu medio de referencia en Google y no te pierdas toda la actualidad y el mejor contenido<\/a><\/b><\/p>\n<p class=\"L6-support-news-video__title\">Rumbo a 2030<\/p>\n<p> <a href=\"https:\/\/www.lasexta.com\/noticias\/deportes\/futbol\/historia-mundial-tripartito-espana-portugal-suma-marruecos-primera-copa-mundo-tres-continentes_202608066a7495c4a5690f04736a97e1.html\" class=\"L6-news__link\" rel=\"nofollow noopener\" target=\"_blank\">Historia de un Mundial tripartito: de Espa\u00f1a y Portugal hasta la suma de Marruecos y la primera Copa del Mundo en tres continentes<\/p>\n<p class=\"recirculation-video-desc\">Los detalles Lo que comenz\u00f3 siendo una candidatura ib\u00e9rica en 2021 pas\u00f3 a sumar a Ucrania en 2022 en lo que fue un imposible. En 2023 lleg\u00f3 el pa\u00eds africano y luego Argentina, Paraguay y Uruguay por los 100 a\u00f1os del torneo.<\/p>\n<p> <\/a><\/p>\n","protected":false},"excerpt":{"rendered":"La relaci\u00f3n entre Marc M\u00e1rquez y Valentino Rossi es uno de los aspectos m\u00e1s controvertidos en la historia&hellip;\n","protected":false},"author":2,"featured_media":710754,"comment_status":"","ping_status":"","sticky":false,"template":"","format":"standard","meta":{"footnotes":""},"categories":[93],"tags":[168,25,24,13638,12143,110362,23,167,112176],"class_list":["post-710753","post","type-post","status-publish","format-standard","has-post-thumbnail","category-deportes","tag-deportes","tag-es","tag-espana","tag-marc-marquez","tag-motogp","tag-noticias-ultima-hora","tag-spain","tag-sports","tag-valentino-rossi"],"share_on_mastodon":{"url":"https:\/\/pubeurope.com\/@es\/117093469624389955","error":""},"_links":{"self":[{"href":"https:\/\/www.europesays.com\/es\/wp-json\/wp\/v2\/posts\/710753","targetHints":{"allow":["GET"]}}],"collection":[{"href":"https:\/\/www.europesays.com\/es\/wp-json\/wp\/v2\/posts"}],"about":[{"href":"https:\/\/www.europesays.com\/es\/wp-json\/wp\/v2\/types\/post"}],"author":[{"embeddable":true,"href":"https:\/\/www.europesays.com\/es\/wp-json\/wp\/v2\/users\/2"}],"replies":[{"embeddable":true,"href":"https:\/\/www.europesays.com\/es\/wp-json\/wp\/v2\/comments?post=710753"}],"version-history":[{"count":0,"href":"https:\/\/www.europesays.com\/es\/wp-json\/wp\/v2\/posts\/710753\/revisions"}],"wp:featuredmedia":[{"embeddable":true,"href":"https:\/\/www.europesays.com\/es\/wp-json\/wp\/v2\/media\/710754"}],"wp:attachment":[{"href":"https:\/\/www.europesays.com\/es\/wp-json\/wp\/v2\/media?parent=710753"}],"wp:term":[{"taxonomy":"category","embeddable":true,"href":"https:\/\/www.europesays.com\/es\/wp-json\/wp\/v2\/categories?post=710753"},{"taxonomy":"post_tag","embeddable":true,"href":"https:\/\/www.europesays.com\/es\/wp-json\/wp\/v2\/tags?post=710753"}],"curies":[{"name":"wp","href":"https:\/\/api.w.org\/{rel}","templated":true}]}}