{"id":710765,"date":"2026-08-14T10:53:16","date_gmt":"2026-08-14T10:53:16","guid":{"rendered":"https:\/\/www.europesays.com\/es\/710765\/"},"modified":"2026-08-14T10:53:16","modified_gmt":"2026-08-14T10:53:16","slug":"los-locales-del-mercado-de-san-blas-en-uso-antes-de-adjudicarse","status":"publish","type":"post","link":"https:\/\/www.europesays.com\/es\/710765\/","title":{"rendered":"Los locales del Mercado de San Blas, en uso antes de adjudicarse"},"content":{"rendered":"<p><a href=\"#\" onclick=\"window.open('https:\/\/www.facebook.com\/sharer.php?u=https:\/\/nuevecuatrouno.com\/2026\/08\/14\/logrono-nuevos-locales-mercado-san-blas-uso-antes-adjudicarse\/&amp;t=Los nuevos locales del Mercado de San Blas de Logro\u00f1o, en uso antes de haberse adjudicado', 'facebookShare', 'width=626,height=436'); return false;\" title=\"Facebook\"><\/p>\n<p>COMPARTE<\/p>\n<p><\/a><br \/>\n<a href=\"#\" onclick=\"window.open('https:\/\/x.com\/share?text=Los nuevos locales del Mercado de San Blas de Logro\u00f1o, en uso antes de haberse adjudicado -&amp;url=https:\/\/nuevecuatrouno.com\/2026\/08\/14\/logrono-nuevos-locales-mercado-san-blas-uso-antes-adjudicarse\/', 'twitterShare', 'width=626,height=436'); return false;\" title=\"X\"><img decoding=\"async\" src=\"https:\/\/www.europesays.com\/es\/wp-content\/uploads\/2026\/08\/1786704796_185_x-twitter-art.png\" style=\"padding-top: 6px;\"\/>POSTEA<\/a><br \/>\n<a href=\"whatsapp:\/\/send?text=Los nuevos locales del Mercado de San Blas de Logro\u00f1o, en uso antes de haberse adjudicado https:\/\/nuevecuatrouno.com\/2026\/08\/14\/logrono-nuevos-locales-mercado-san-blas-uso-antes-adjudicarse\/\" rel=\"nofollow\"><\/p>\n<p>WHATSAPP<\/p>\n<p><\/a><br \/>\n<a href=\"http:\/\/nuevecuatrouno.com\/cdn-cgi\/l\/email-protection#8db2fef8efe7e8eef9b0c1e2feade3f8e8fbe2feade1e2eeece1e8feade9e8e1adc0e8ffeeece9e2ade9e8addeece3adcfe1ecfeade9e8adc1e2eaffe24e3ce2a1ade8e3adf8fee2adece3f9e8feade9e8ade5ecefe8fffee8adece9e7f8e9e4eeece9e2abece0fdb6cfc2c9d4b04f32dcf84e24adfbe4e9ecb2adc5e8adfbe4fef9e2ade8fef9e8adecfff94e20eef8e1e2ade8e3ade3f8e8fbe8eef8ecf9ffe2f8e3e2a3eee2e0adf4adeeffe8e2adfcf8e8adf9e8adfdf8e8e9e8ade4e3f9e8ffe8feecffb7ade5f9f9fdfeb7a2a2e3f8e8fbe8eef8ecf9ffe2f8e3e2a3eee2e0a2bfbdbfbba2bdb5a2bcb9a2e1e2eaffe2e3e2a0e3f8e8fbe2fea0e1e2eeece1e8fea0e0e8ffeeece9e2a0feece3a0efe1ecfea0f8fee2a0ece3f9e8fea0ece9e7f8e9e4eeecfffee8a2\" rel=\"nofollow noopener\" target=\"_blank\"><\/p>\n<p>Email<\/p>\n<p><\/a><\/p>\n<p>El PSOE de <a href=\"https:\/\/nuevecuatrouno.com\/tema\/logrono\/\" rel=\"nofollow noopener\" target=\"_blank\">Logro\u00f1o<\/a> ha denunciado que varios locales municipales del <a href=\"https:\/\/nuevecuatrouno.com\/tema\/mercado-de-san-blas\/\" rel=\"nofollow noopener\" target=\"_blank\">Mercado de San Blas<\/a> est\u00e1n siendo utilizados antes de que se haya aprobado oficialmente su adjudicaci\u00f3n. Seg\u00fan sostienen los socialistas, que <a href=\"https:\/\/nuevecuatrouno.com\/2026\/08\/11\/logrono-psoe-denuncia-fraude-adjudicacion-puestos-mercado-san-blas\/\" rel=\"nofollow noopener\" target=\"_blank\">d\u00edas atr\u00e1s alertaban del \u00abfraude\u00bb en el procedimiento<\/a>, uno de los espacios ya tiene obras en marcha y otros tres exhiben publicidad de una misma marca comercial pese a que, seg\u00fan admiti\u00f3 esta semana el propio Gobierno municipal, todav\u00eda no est\u00e1n adjudicados.<\/p>\n<p>La denuncia llega despu\u00e9s de que el concejal socialista Iv\u00e1n Reinares realizara una inspecci\u00f3n de los locales y documentara la situaci\u00f3n. El PSOE sostiene que uno de los puestos propuestos para adjudicaci\u00f3n tiene trabajos en su interior \u00absin t\u00edtulo ni licencia preceptiva\u00bb, mientras que otros espacios cuentan ya con publicidad colocada en los cristales.<\/p>\n<p>\u00ab\u00bfC\u00f3mo es posible que el empresario ya tenga las llaves del patrimonio municipal si los puestos no est\u00e1n adjudicados?\u00bb, cuestiona Reinares, que recuerda que, seg\u00fan los socialistas, las normas impiden disponer del local antes de formalizar la adjudicaci\u00f3n.<\/p>\n<p>El PSOE aporta adem\u00e1s fotograf\u00edas de tres de los puestos afectados. En concreto, identifica el puesto exterior 15, propuesto para Sagasta Market S.L., y los puestos exteriores 18 y 19, propuestos para Rituelto 1960 S.L. En las im\u00e1genes incluidas en la nota aparecen los tres locales con publicidad de una misma marca comercial.<\/p>\n<p>Una misma unidad de decisi\u00f3n<\/p>\n<p>Los socialistas vinculan esta situaci\u00f3n con la pol\u00e9mica abierta en torno al proceso de adjudicaci\u00f3n de puestos del mercado y sostienen que la coincidencia de la publicidad reforzar\u00eda su tesis de que distintas sociedades actuar\u00edan bajo \u00abuna misma unidad de decisi\u00f3n\u00bb.<\/p>\n<p>El PSOE ya hab\u00eda cuestionado previamente el procedimiento al considerar que varias sociedades vinculadas entre s\u00ed pod\u00edan terminar acumulando distintos puestos, pese a los l\u00edmites establecidos para evitar una excesiva concentraci\u00f3n.<\/p>\n<p>Ante la nueva situaci\u00f3n, el PSOE ha registrado un segundo escrito urgente en el Ayuntamiento en el que reclama la suspensi\u00f3n cautelar del expediente de adjudicaci\u00f3n, explicaciones por escrito sobre si el Consistorio conoc\u00eda la ocupaci\u00f3n de los locales y la identificaci\u00f3n del cargo pol\u00edtico o t\u00e9cnico que, en su caso, hubiera autorizado el acceso o entregado las llaves.<\/p>\n<p>Los socialistas aseguran que agotar\u00e1n las herramientas a su alcance para esclarecer lo ocurrido y reclaman un proceso transparente en la adjudicaci\u00f3n de los espacios del Mercado de San Blas. \u00abSan Blas debe ser un motor de oportunidades para nuestros peque\u00f1os emprendedores, no un coto privado\u00bb, concluye el grupo municipal.<\/p>\n<p><img decoding=\"async\" src=\"https:\/\/www.europesays.com\/es\/wp-content\/uploads\/2026\/08\/1786704796_487_cabecera-nuevecuatrouno-2026.png\"\/><\/p>\n","protected":false},"excerpt":{"rendered":"COMPARTE POSTEA WHATSAPP Email El PSOE de Logro\u00f1o ha denunciado que varios locales municipales del Mercado de San&hellip;\n","protected":false},"author":2,"featured_media":710766,"comment_status":"","ping_status":"","sticky":false,"template":"","format":"standard","meta":{"footnotes":""},"categories":[8],"tags":[808,103960,17,18,25,24,13,14,11,19,20,6173,9,10,15,16,1699,23,12,21,22],"class_list":["post-710765","post","type-post","status-publish","format-standard","has-post-thumbnail","category-espana","tag-ahora","tag-apertura-4","tag-breaking-news","tag-breakingnews","tag-es","tag-espana","tag-featured-news","tag-featurednews","tag-headlines","tag-latest-news","tag-latestnews","tag-logrono","tag-news","tag-noticias","tag-noticias-destacadas","tag-noticiasdestacadas","tag-psoe","tag-spain","tag-titulares","tag-ultimas-noticias","tag-ultimasnoticias"],"share_on_mastodon":{"url":"","error":""},"_links":{"self":[{"href":"https:\/\/www.europesays.com\/es\/wp-json\/wp\/v2\/posts\/710765","targetHints":{"allow":["GET"]}}],"collection":[{"href":"https:\/\/www.europesays.com\/es\/wp-json\/wp\/v2\/posts"}],"about":[{"href":"https:\/\/www.europesays.com\/es\/wp-json\/wp\/v2\/types\/post"}],"author":[{"embeddable":true,"href":"https:\/\/www.europesays.com\/es\/wp-json\/wp\/v2\/users\/2"}],"replies":[{"embeddable":true,"href":"https:\/\/www.europesays.com\/es\/wp-json\/wp\/v2\/comments?post=710765"}],"version-history":[{"count":0,"href":"https:\/\/www.europesays.com\/es\/wp-json\/wp\/v2\/posts\/710765\/revisions"}],"wp:featuredmedia":[{"embeddable":true,"href":"https:\/\/www.europesays.com\/es\/wp-json\/wp\/v2\/media\/710766"}],"wp:attachment":[{"href":"https:\/\/www.europesays.com\/es\/wp-json\/wp\/v2\/media?parent=710765"}],"wp:term":[{"taxonomy":"category","embeddable":true,"href":"https:\/\/www.europesays.com\/es\/wp-json\/wp\/v2\/categories?post=710765"},{"taxonomy":"post_tag","embeddable":true,"href":"https:\/\/www.europesays.com\/es\/wp-json\/wp\/v2\/tags?post=710765"}],"curies":[{"name":"wp","href":"https:\/\/api.w.org\/{rel}","templated":true}]}}