{"id":710767,"date":"2026-08-14T10:54:27","date_gmt":"2026-08-14T10:54:27","guid":{"rendered":"https:\/\/www.europesays.com\/es\/710767\/"},"modified":"2026-08-14T10:54:27","modified_gmt":"2026-08-14T10:54:27","slug":"el-gobierno-amplia-la-vida-de-la-central-nuclear-de-almaraz-hasta-2030-por-la-volatilidad-de-precios-originada-en-oriente-proximo-economia","status":"publish","type":"post","link":"https:\/\/www.europesays.com\/es\/710767\/","title":{"rendered":"El Gobierno ampl\u00eda la vida de la central nuclear de Almaraz hasta 2030 por la \u201cvolatilidad de precios\u201d originada en Oriente Pr\u00f3ximo | Econom\u00eda"},"content":{"rendered":"<p class=\"\">El principio del fin de la energ\u00eda nuclear en Espa\u00f1a se gana una pr\u00f3rroga de dos a\u00f1os y medio mientras las guerras en Oriente Pr\u00f3ximo y Ucrania se enquistan y no dejan de alborotar los precios energ\u00e9ticos mundiales. El Gobierno ha autorizado la ampliaci\u00f3n de la vida \u00fatil de la central de Almaraz (en C\u00e1ceres), tal y como hab\u00eda recomendado el Consejo de Seguridad Nuclear <a href=\"https:\/\/elpais.com\/economia\/2026-07-16\/el-consejo-de-seguridad-nuclear-da-luz-verde-a-la-prorroga-de-almaraz-hasta-2030.html\" target=\"_self\" rel=\"nofollow noopener\" title=\"https:\/\/elpais.com\/economia\/2026-07-16\/el-consejo-de-seguridad-nuclear-da-luz-verde-a-la-prorroga-de-almaraz-hasta-2030.html\">hace un mes<\/a> y hab\u00edan solicitado desde el oto\u00f1o pasado sus propietarias: Iberdrola, Endesa y Naturgy. <a href=\"https:\/\/boe.es\/boe\/dias\/2026\/08\/14\/pdfs\/BOE-A-2026-17756.pdf\" target=\"_self\" rel=\"nofollow noopener\" title=\"https:\/\/boe.es\/boe\/dias\/2026\/08\/14\/pdfs\/BOE-A-2026-17756.pdf\">Seg\u00fan se publica en el Bolet\u00edn Oficial del Estado de este viernes,<\/a> el Ministerio para la Transici\u00f3n Ecol\u00f3gica y el Reto Demogr\u00e1fico concede la renovaci\u00f3n de la autorizaci\u00f3n de explotaci\u00f3n de la Central Nuclear Almaraz, Unidades I y II, y prorroga \u201cla vigencia de la autorizaci\u00f3n de explotaci\u00f3n de ambas Unidades hasta el 8 de junio de 2030, teniendo en cuenta que la central nuclear cuenta con una Revisi\u00f3n Peri\u00f3dica de Seguridad (RPS) vigente hasta dicha fecha\u201d. <a href=\"https:\/\/cincodias.elpais.com\/cincodias\/2019\/02\/08\/companias\/1549647160_807281.html\" target=\"_self\" rel=\"nofollow noopener\" title=\"https:\/\/cincodias.elpais.com\/cincodias\/2019\/02\/08\/companias\/1549647160_807281.html\">El apagado programado deb\u00eda comenzar en noviembre de 2027<\/a> y no se cambia el resto de los previstos hasta 2035. Desde el Gobierno se subraya que la extensi\u00f3n es \u201cacotada y limitada\u201d, y que se pretende defender al sistema energ\u00e9tico y a los consumidores de la volatilidad de los precios internacionales.<\/p>\n<p class=\"\">El Ministerio justifica la decisi\u00f3n por el nuevo contexto energ\u00e9tico internacional y la volatilidad del precio del gas derivada de la crisis en Oriente Pr\u00f3ximo, seg\u00fan el texto de la orden. \u201cLa crisis en Oriente Medio ha supuesto una disrupci\u00f3n en el contexto energ\u00e9tico global, incrementando y a\u00f1adiendo volatilidad de forma significativa a los precios de los combustibles f\u00f3siles, entre ellos el gas natural. Seg\u00fan indican organismos internacionales, el contexto geopol\u00edtico y los da\u00f1os en infraestructura de producci\u00f3n y exportaci\u00f3n de combustibles extienden el riesgo y la incertidumbre a los pr\u00f3ximos a\u00f1os\u201d, indica el texto publicado en el BOE.<\/p>\n<p class=\"\">Seg\u00fan los c\u00e1lculos incluidos en la resoluci\u00f3n, mantener Almaraz hasta 2030 tendr\u00e1 un efecto \u201cacotado y poco significativo\u201d sobre el despliegue renovable y contribuir\u00eda a reducir la dependencia del gas. El Ministerio no quiere que la decisi\u00f3n se entienda como un paso atr\u00e1s y deja clara cu\u00e1l es su estrategia en la misma orden de pr\u00f3rroga de Almaraz: \u201cLa pol\u00edtica energ\u00e9tica aprobada y en ejecuci\u00f3n en Espa\u00f1a, alineada con la normativa y objetivos europeos, tiene como base la apuesta por la generaci\u00f3n renovable como forma m\u00e1s competitiva de producir electricidad, aprovechando asimismo las ventajas competitivas del pa\u00eds en t\u00e9rminos de recurso, tecnolog\u00eda y capacidades. Esta apuesta ha permitido mejorar la posici\u00f3n de Espa\u00f1a en cuanto a costes energ\u00e9ticos en el contexto europeo, proteger a los consumidores ante subidas de precio, y generar un contexto in\u00e9dito de atracci\u00f3n de proyectos industriales y de electrificaci\u00f3n\u201d.<\/p>\n<p class=\"\">Fuentes del Ministerio subrayan las \u201ccircunstancias extraordinarias derivadas del conflicto en Oriente Medio y de la continuidad de la guerra en Ucrania\u201d. \u201cHay una situaci\u00f3n energ\u00e9tica internacional excepcional y sobrevenida que est\u00e1 generando un escenario de elevada volatilidad y precios altos de los combustibles f\u00f3siles, cuya duraci\u00f3n es actualmente imposible de prever\u201d, se subraya como punto de partida. Y como remate, se incide en que \u201cla volatilidad y la incertidumbre son significativamente mayores a las anticipadas hace tan solo unos meses\u201d. El cierre efectivo del estrecho de Ormuz provocado por la guerra de Ir\u00e1n ha ocasionado que se dispare el precio del gas en Europa.<\/p>\n<p class=\"\">Por lo tanto, se act\u00faa en consecuencia: \u201cEn el contexto actual, la pr\u00f3rroga, coyuntural, puede contribuir a moderar la exposici\u00f3n de los consumidores a unos picos de precios de los combustibles f\u00f3siles no previstos anteriormente. Ello permite seguir protegiendo a la poblaci\u00f3n ante la volatilidad de los precios y la incertidumbre en este periodo, mientras se sigue ampliando la respuesta estructural frente a la dependencia de los precios de combustibles f\u00f3siles: el despliegue de renovables\u201d, explica el Gobierno.<\/p>\n<p class=\"\">La orden se\u00f1ala igualmente que la continuidad de Almaraz aporta estabilidad al sistema el\u00e9ctrico, seg\u00fan el propio operador, aunque la pr\u00f3rroga no \u201ccambia la necesidad de continuar con las actuaciones ya en curso dirigidas a fortalecer la seguridad y estabilidad del suministro\u201d.<\/p>\n<p>Una extensi\u00f3n \u201cacotada\u201d<\/p>\n<p class=\"\">El Ministerio insiste en que la extensi\u00f3n es \u201cacotada y limitada\u201d, y que se otorga tras comprobar el cumplimiento de las tres condiciones que siempre exigi\u00f3 para concederla: que fuera segura para las personas (como avala el CSN en su informe preceptivo anterior), que no comprometiera la seguridad de suministro y que no suponga ning\u00fan coste para los ciudadanos. Es decir, no hay \u201cning\u00fan tipo de rebaja fiscal ni contraprestaci\u00f3n econ\u00f3mica para las empresas el\u00e9ctricas\u201d.<\/p>\n<p class=\"\">\u201cLa extensi\u00f3n solicitada del periodo de explotaci\u00f3n para las Unidades I y II de la Central Nuclear Almaraz se limita en torno a 31 y 19 meses respectivamente, lo cual representa una proporci\u00f3n reducida de la vida media prevista del parque nuclear espa\u00f1ol, no alter\u00e1ndose el resto del calendario ni la fecha de cese definitivo del conjunto del parque nuclear a 2035. De acuerdo con los an\u00e1lisis realizados, dicha extensi\u00f3n tiene un impacto muy limitado sobre los objetivos de pol\u00edtica energ\u00e9tica del pa\u00eds\u201d, explica la orden del departamento dirigido por Sara Aagesen.<\/p>\n<p class=\"\">El protocolo firmado en 2019 entre las propietarias del parque nuclear espa\u00f1ol y la Empresa Nacional de Residuos Radiactivos (Enresa), sociedad dependiente del Ministerio para la Transici\u00f3n Ecol\u00f3gica, contemplaba el cierre ordenado del parque hasta 2035, empezando en ese a\u00f1o 2027 que ahora se traslada a 2030 para el recinto extreme\u00f1o. Las dos unidades de Almaraz eran las primeras en echar el cierre y, pese a contar desde 2020 con el visto bueno del CSN para funcionar durante 10 a\u00f1os (los permisos del organismo de seguridad se dan por una d\u00e9cada), el calendario fijaba el cierre de las plantas cacere\u00f1as en siete y ocho a\u00f1os, respectivamente. Esto es, ya ten\u00edan permiso para funcionar 10 a\u00f1os, por lo que era de esperar que el CSN no se pronunciase en contra.<\/p>\n<p class=\"\">Finalmente, y tras muchos meses de debate soterrado, <a href=\"https:\/\/elpais.com\/economia\/2025-10-19\/almaraz-un-pueblo-que-une-su-futuro-a-la-permanencia-de-la-central-nuclear.html\" target=\"_self\" rel=\"nofollow noopener\" title=\"https:\/\/elpais.com\/economia\/2025-10-19\/almaraz-un-pueblo-que-une-su-futuro-a-la-permanencia-de-la-central-nuclear.html\">presi\u00f3n social en la comarca implicada<\/a>, declaraciones p\u00fablicas para testar la posici\u00f3n de la otra parte y negociaciones sobre el alcance de la posible medida, las el\u00e9ctricas decidieron pedir la ampliaci\u00f3n de la vida de ambas unidades de Almaraz hasta 2030, por mucho que su primera intenci\u00f3n apuntaba a una extensi\u00f3n de diez a\u00f1os. Iberdrola, con una participaci\u00f3n del 53% y Endesa con un 36%, eran partidarias de esta mayor ampliaci\u00f3n, si bien, Naturgy, con un 11%, se opuso, y gan\u00f3 la partida toda vez que, al estar constituidas las nucleares como comunidades de bienes, las decisiones deben adoptarse por unanimidad.<\/p>\n<p class=\"\">Adem\u00e1s, Endesa e Iberdrola hab\u00edan venido batallando para lograr un recorte de los impuestos que gravan a estas plantas, esencialmente, el del combustible nuclear gastado, que el Gobierno de Mariano Rajoy aprob\u00f3 en 2013 para hacer frente a la deuda del sistema el\u00e9ctrico. Pero, a medida que se acercaba el plazo l\u00edmite para solicitar la pr\u00f3rroga al CSN (un a\u00f1o antes del cierre previsto), las compa\u00f1\u00edas renunciaron a los <a href=\"https:\/\/elpais.com\/economia\/2025-10-31\/el-gobierno-deja-en-el-aire-el-futuro-de-almaraz-y-saca-pecho-por-la-renuncia-fiscal-de-las-electricas.html\" target=\"_self\" rel=\"nofollow noopener\" title=\"https:\/\/elpais.com\/economia\/2025-10-31\/el-gobierno-deja-en-el-aire-el-futuro-de-almaraz-y-saca-pecho-por-la-renuncia-fiscal-de-las-electricas.html\">recortes fiscales que ven\u00edan reclamando y que el ministerio<\/a>, y el Gobierno en su conjunto en no pocas declaraciones, siempre consider\u00f3 \u201cuna l\u00ednea roja\u201d. Con todo, mantienen recurrida en los tribunales la tasa de gesti\u00f3n de residuos de Enresa.<\/p>\n<p class=\"\">La decisi\u00f3n del Ministerio pone fin al tr\u00e1mite y evita que el cierre escalonado de los dos reactores se active para sus fechas previstas: el 1 de noviembre de 2027 para la Unidad I y el 31 de octubre de 2028 para la Unidad II.<\/p>\n<p class=\"\">En cualquier caso, y seg\u00fan recoge la orden ministerial de este viernes, la pr\u00f3rroga de funcionamiento estar\u00e1 subordinada al cumplimiento estricto de las condiciones e instrucciones de seguridad dictadas por el CSN. El Consejo de Seguridad Nuclear emiti\u00f3 ya el pasado 16 de julio un informe favorable a la renovaci\u00f3n solicitada, condicionado al cumplimiento de los l\u00edmites y exigencias de seguridad nuclear y protecci\u00f3n radiol\u00f3gica recogidos ahora en la orden. El aval t\u00e9cnico del organismo regulador certific\u00f3 y acredit\u00f3 que la instalaci\u00f3n nuclear cacere\u00f1a re\u00fane las condiciones de seguridad necesarias para operar de manera segura durante dicho periodo de pr\u00f3rroga. Tras este pronunciamiento del CSN, el expediente fue remitido al Gobierno, abriendo un plazo para que el Ejecutivo tomara una decisi\u00f3n definitiva sobre su continuidad.<\/p>\n<p class=\"\">La orden obliga a las empresas a mantener las dotaciones de personal de plantilla con funciones relacionadas con la seguridad previstas para los a\u00f1os 2028 a 2030. Tambi\u00e9n se\u00f1ala que la pr\u00f3rroga \u201cdeber\u00e1 facilitar la mayor implicaci\u00f3n de las empresas propietarias en alternativas industriales y de empleo en el territorio y debe ser utilizada por las mismas para avanzar en el di\u00e1logo social para una transici\u00f3n justa\u201d, aunque sin imponer condiciones expl\u00edcitas al respecto.<\/p>\n","protected":false},"excerpt":{"rendered":"El principio del fin de la energ\u00eda nuclear en Espa\u00f1a se gana una pr\u00f3rroga de dos a\u00f1os y&hellip;\n","protected":false},"author":2,"featured_media":710768,"comment_status":"","ping_status":"","sticky":false,"template":"","format":"standard","meta":{"footnotes":""},"categories":[5],"tags":[17,18,127590,95,2917,5220,11003,25,24,13,14,11,7131,19,20,34132,14178,9,10,15,16,6702,23,12,21,22],"class_list":["post-710767","post","type-post","status-publish","format-standard","has-post-thumbnail","category-titulares","tag-breaking-news","tag-breakingnews","tag-central-garona","tag-economia","tag-endesa","tag-energia","tag-energia-nuclear","tag-es","tag-espana","tag-featured-news","tag-featurednews","tag-headlines","tag-iberdrola","tag-latest-news","tag-latestnews","tag-ministerio-de-transicion-ecologica","tag-naturgy","tag-news","tag-noticias","tag-noticias-destacadas","tag-noticiasdestacadas","tag-sara-aagesen","tag-spain","tag-titulares","tag-ultimas-noticias","tag-ultimasnoticias"],"share_on_mastodon":{"url":"","error":"Validation failed: Text character limit of 500 exceeded"},"_links":{"self":[{"href":"https:\/\/www.europesays.com\/es\/wp-json\/wp\/v2\/posts\/710767","targetHints":{"allow":["GET"]}}],"collection":[{"href":"https:\/\/www.europesays.com\/es\/wp-json\/wp\/v2\/posts"}],"about":[{"href":"https:\/\/www.europesays.com\/es\/wp-json\/wp\/v2\/types\/post"}],"author":[{"embeddable":true,"href":"https:\/\/www.europesays.com\/es\/wp-json\/wp\/v2\/users\/2"}],"replies":[{"embeddable":true,"href":"https:\/\/www.europesays.com\/es\/wp-json\/wp\/v2\/comments?post=710767"}],"version-history":[{"count":0,"href":"https:\/\/www.europesays.com\/es\/wp-json\/wp\/v2\/posts\/710767\/revisions"}],"wp:featuredmedia":[{"embeddable":true,"href":"https:\/\/www.europesays.com\/es\/wp-json\/wp\/v2\/media\/710768"}],"wp:attachment":[{"href":"https:\/\/www.europesays.com\/es\/wp-json\/wp\/v2\/media?parent=710767"}],"wp:term":[{"taxonomy":"category","embeddable":true,"href":"https:\/\/www.europesays.com\/es\/wp-json\/wp\/v2\/categories?post=710767"},{"taxonomy":"post_tag","embeddable":true,"href":"https:\/\/www.europesays.com\/es\/wp-json\/wp\/v2\/tags?post=710767"}],"curies":[{"name":"wp","href":"https:\/\/api.w.org\/{rel}","templated":true}]}}