{"id":71080,"date":"2025-08-25T12:20:09","date_gmt":"2025-08-25T12:20:09","guid":{"rendered":"https:\/\/www.europesays.com\/es\/71080\/"},"modified":"2025-08-25T12:20:09","modified_gmt":"2025-08-25T12:20:09","slug":"mueren-mas-de-700-personas-en-los-ultimos-dos-meses-por-las-lluvias-monzonicas-en-pakistan","status":"publish","type":"post","link":"https:\/\/www.europesays.com\/es\/71080\/","title":{"rendered":"Mueren m\u00e1s de 700 personas en los \u00faltimos dos meses por las lluvias monz\u00f3nicas en Pakist\u00e1n"},"content":{"rendered":"<p>Las fuertes precipitaciones se registraron el pasado 26 de junio, desde entonces han fallecido alrededor de 788 personas, entre ellas 200 ni\u00f1os<\/p>\n<p><img fetchpriority=\"high\" class=\"voc-img\" src=\"https:\/\/www.europesays.com\/es\/wp-content\/uploads\/2025\/08\/DAMBin1-kciB-U7014489611147uG-1200x840@diario_abc.jpg\" loading=\"eager\" decoding=\"async\" alt=\"Un hombre transita una calle inundada por fuertes lluvias monz\u00f3nicas en Karachi\" width=\"1200\" height=\"840\"\/><\/p>\n<p>Un hombre transita una calle inundada por fuertes lluvias monz\u00f3nicas en Karachi    efe  <\/p>\n<p>25\/08\/2025<br \/>\n<br \/><strong><br \/>\nActualizado a las 13:57h.<br \/>\n<\/strong><\/p>\n<p class=\"voc-p\" style=\"\">Las fuertes <strong>lluvias monz\u00f3nicas<\/strong> que han estado cayendo durante los \u00faltimos dos meses en <a href=\"https:\/\/www.abc.es\/noticias\/pakistan\/\" title=\"www.abc.es\" data-voc-vtm-id=\"in-text-traffic\" data-mrf-link=\"www.abc.es\" rel=\"nofollow noopener\" target=\"_blank\">Pakist\u00e1n<\/a> han ocasionado la muerte de unas <strong>788 personas<\/strong>, <strong>m\u00e1s de mil heridos<\/strong> y decenas de miles de evacuados, seg\u00fan las autoridades del pa\u00eds, que se encuentra en alerta m\u00e1xima, a medida que se prev\u00e9n <strong>m\u00e1s precipitaciones<\/strong> estos d\u00edas.<\/p>\n<p class=\"voc-p\" style=\"\">En las \u00faltimas 24 horas se ha confirmado la muerte de otra docena de personas en la provincia de Jaiber Pajtunjua (al noroeste) por unas lluvias que han provocado <strong>cortes de luz<\/strong> y el <strong>derribo<\/strong> de viviendas y locales, seg\u00fan recoge Europa Press.<\/p>\n<p class=\"voc-p\" style=\"\">En <strong>Karachi<\/strong>, en el sur del pa\u00eds, los habitantes de la que es la ciudad m\u00e1s poblada de Pakist\u00e1n se han visto atrapados en importantes atascos debido a las labores de reparaci\u00f3n de numerosas carreteras debido a los estragos causados en las \u00faltimas semanas por estas lluvias, que han azotado a gran parte del pa\u00eds.<\/p>\n<p class=\"voc-p\" style=\"\">Las lluvias han estado cayendo con especial virulencia <strong>desde el pasado 26 de junio<\/strong>. Desde entonces, han fallecido 788 personas, entre ellas <strong>200 ni\u00f1os<\/strong>. Las regiones m\u00e1s afectadas son Jaiber Pajtunjua y Punjab, en donde se han registrado mayor n\u00famero de muertos y heridos.<\/p>\n<p class=\"voc-p\" style=\"\">La Autoridad Nacional de Gesti\u00f3n de Desastres (NDMA) ha informado de que <strong>25.644 personas<\/strong> han sido rescatadas en 512 operaciones. Alrededor de <strong>6.630 viviendas<\/strong> han quedado destruidas completa o parcialmente. Los estragos para la agricultura y la ganader\u00eda han sido tambi\u00e9n importantes, con p\u00e9rdidas de cultivos miles de cabezas de ganado. Se espera que contin\u00faen las lluvias al menos hasta el pr\u00f3ximo 30 de agosto.<\/p>\n<p>Reportar un error<\/p>\n","protected":false},"excerpt":{"rendered":"Las fuertes precipitaciones se registraron el pasado 26 de junio, desde entonces han fallecido alrededor de 788 personas,&hellip;\n","protected":false},"author":2,"featured_media":71081,"comment_status":"","ping_status":"","sticky":false,"template":"","format":"standard","meta":{"footnotes":""},"categories":[42],"tags":[12825,17,18,1563,13,14,11,61,62,63,64,19,20,6194,1140,28218,25711,9,10,15,16,28219,3477,12,21,22,4421,65,66,67],"class_list":{"0":"post-71080","1":"post","2":"type-post","3":"status-publish","4":"format-standard","5":"has-post-thumbnail","7":"category-internacional","8":"tag-12825","9":"tag-breaking-news","10":"tag-breakingnews","11":"tag-dos","12":"tag-featured-news","13":"tag-featurednews","14":"tag-headlines","15":"tag-internacional","16":"tag-international","17":"tag-international-news","18":"tag-internationalnews","19":"tag-latest-news","20":"tag-latestnews","21":"tag-lluvias","22":"tag-meses","23":"tag-monzonicas","24":"tag-mueren","25":"tag-news","26":"tag-noticias","27":"tag-noticias-destacadas","28":"tag-noticiasdestacadas","29":"tag-pakistan","30":"tag-personas","31":"tag-titulares","32":"tag-ultimas-noticias","33":"tag-ultimasnoticias","34":"tag-ultimos","35":"tag-world","36":"tag-world-news","37":"tag-worldnews"},"share_on_mastodon":{"url":"","error":""},"_links":{"self":[{"href":"https:\/\/www.europesays.com\/es\/wp-json\/wp\/v2\/posts\/71080","targetHints":{"allow":["GET"]}}],"collection":[{"href":"https:\/\/www.europesays.com\/es\/wp-json\/wp\/v2\/posts"}],"about":[{"href":"https:\/\/www.europesays.com\/es\/wp-json\/wp\/v2\/types\/post"}],"author":[{"embeddable":true,"href":"https:\/\/www.europesays.com\/es\/wp-json\/wp\/v2\/users\/2"}],"replies":[{"embeddable":true,"href":"https:\/\/www.europesays.com\/es\/wp-json\/wp\/v2\/comments?post=71080"}],"version-history":[{"count":0,"href":"https:\/\/www.europesays.com\/es\/wp-json\/wp\/v2\/posts\/71080\/revisions"}],"wp:featuredmedia":[{"embeddable":true,"href":"https:\/\/www.europesays.com\/es\/wp-json\/wp\/v2\/media\/71081"}],"wp:attachment":[{"href":"https:\/\/www.europesays.com\/es\/wp-json\/wp\/v2\/media?parent=71080"}],"wp:term":[{"taxonomy":"category","embeddable":true,"href":"https:\/\/www.europesays.com\/es\/wp-json\/wp\/v2\/categories?post=71080"},{"taxonomy":"post_tag","embeddable":true,"href":"https:\/\/www.europesays.com\/es\/wp-json\/wp\/v2\/tags?post=71080"}],"curies":[{"name":"wp","href":"https:\/\/api.w.org\/{rel}","templated":true}]}}