{"id":710897,"date":"2026-08-14T12:26:24","date_gmt":"2026-08-14T12:26:24","guid":{"rendered":"https:\/\/www.europesays.com\/es\/710897\/"},"modified":"2026-08-14T12:26:24","modified_gmt":"2026-08-14T12:26:24","slug":"el-incendio-de-riglos-mantiene-cercados-los-monasterios-de-san-juan-de-la-pena-y-fuerza-mas-desalojos-tras-arrasar-10-000-hectareas","status":"publish","type":"post","link":"https:\/\/www.europesays.com\/es\/710897\/","title":{"rendered":"El incendio de Riglos mantiene cercados los monasterios de San Juan de la Pe\u00f1a y fuerza m\u00e1s desalojos tras arrasar 10.000 hect\u00e1reas"},"content":{"rendered":"<p class=\"article-text\">\n        El incendio forestal de Las Pe\u00f1as de Riglos contin\u00faa activo este viernes tras una noche de intensa actividad y nuevas reproducciones que han obligado a ampliar las medidas de protecci\u00f3n para la poblaci\u00f3n. El fuego afecta ya a m\u00e1s de 10.000 hect\u00e1reas y ha provocado el desalojo de 18 n\u00facleos de poblaci\u00f3n y el Camping Pirineos de Santa Cilia de Jaca, con 900 personas evacuadas desde el inicio de la emergencia. Durante la madrugada se ha ordenado la evacuaci\u00f3n de Santa Mar\u00eda de la Pe\u00f1a, Triste, La Pe\u00f1a Estaci\u00f3n y Yeste y, posteriormente, tambi\u00e9n la de Anz\u00e1nigo y Atar\u00e9s, mientras el operativo mantiene una atenci\u00f3n especial sobre el entorno de los monasterios de San Juan de la Pe\u00f1a y el flanco derecho del incendio.\n    <\/p>\n<p class=\"article-text\">\n        El fuego alcanz\u00f3 ayer el l\u00edmite del <a href=\"https:\/\/www.eldiario.es\/aragon\/sociedad\/incendio-riglos-amenaza-cuna-reino-aragon-san-juan-pena-riesgo-avance-fuego_1_13445154.html\" target=\"_blank\" data-mrf-recirculation=\"links-noticia\" class=\"link\" rel=\"nofollow noopener\">Paisaje Protegido de San Juan de la Pe\u00f1a y Monte Oroel<\/a> y una lengua de fuego lleg\u00f3 a saltar en algunos puntos hacia el interior del espacio natural. La evoluci\u00f3n de las llamas oblig\u00f3 al operativo a modificar su estrategia de extinci\u00f3n y a concentrar recursos en este sector para proteger tanto el espacio natural como los dos monasterios.\n    <\/p>\n<p class=\"article-text\">\n        El presidente de Arag\u00f3n, Jorge Azc\u00f3n, ha se\u00f1alado tras la reuni\u00f3n del CECOPI, que ha seguido desde el Puesto de Mando Avanzado, que la preocupaci\u00f3n sobre el Monasterio Viejo es menor que ayer, aunque sigue siendo \u201cextraordinariamente\u201d importante. Durante la noche se han producido tres carreras verticales que han provocado que una parte del incendio bajara monta\u00f1a abajo. Azc\u00f3n ha confirmado que ninguno de los dos monasterios, ni el Nuevo ni el Viejo, ha sufrido da\u00f1os. El dispositivo mantiene numerosos medios destinados a su defensa y contempla la posibilidad de utilizar retardante para proteger el patrimonio, siempre de acuerdo con los responsables de Patrimonio.\n    <\/p>\n<p class=\"article-text\">\n        La amenaza llev\u00f3 ayer a efectivos de la Unidad Militar de Emergencias (UME) y t\u00e9cnicos de Patrimonio del Gobierno de Arag\u00f3n a <a href=\"https:\/\/www.eldiario.es\/aragon\/sociedad\/ume-entra-san-juan-pena-poner-salvo-bienes-historicos-avance-incendio-riglos_1_13446177.html\" target=\"_blank\" data-mrf-recirculation=\"links-noticia\" class=\"link\" rel=\"nofollow noopener\">entrar en el Monasterio Viejo para poner a salvo algunos de los bienes hist\u00f3ricos que conserva<\/a>. Los trabajos tuvieron que interrumpirse temporalmente por la proximidad de las llamas y se retomaron cuando las condiciones permitieron regresar al edificio.\n    <\/p>\n<p class=\"article-text\">\n        Los militares consiguieron rescatar bienes de \u201cextraordinario valor hist\u00f3rico\u201d, entre ellos los restos del Pante\u00f3n Real, que permanecen en el Museo de Huesca. El general jefe de la UME, Francisco Javier Marcos, ha destacado que la intervenci\u00f3n permiti\u00f3 poner a salvo estos bienes y defender tanto el Monasterio Nuevo como el Viejo.\n    <\/p>\n<p class=\"article-text\">\n        Los nuevos desalojos afectan a Santa Mar\u00eda de la Pe\u00f1a, Triste, La Pe\u00f1a Estaci\u00f3n, Yeste y Anz\u00e1nigo, a los que se suma ahora Atar\u00e9s, cuya evacuaci\u00f3n ha sido ordenada mediante un ES-Alert. Con este nuevo desalojo, son ya 18 los n\u00facleos de poblaci\u00f3n evacuados, adem\u00e1s del Camping Pirineos de Santa Cilia de Jaca, y el n\u00famero de personas desalojadas asciende a 900, incluidos los 100 ocupantes del camping.\n    <\/p>\n<p class=\"article-text\">\n        Adem\u00e1s, el operativo hab\u00eda evacuado por precauci\u00f3n un campamento situado en Anz\u00e1nigo, donde se encontraban 19 ni\u00f1os y cinco adultos, que fueron trasladados al polideportivo de Ayerbe a la espera de ser recogidos por sus familias.\n    <\/p>\n<p class=\"article-text\">\n        Santa Cilia de Jaca, Puente la Reina de Jaca y Bernu\u00e9s permanecen ahora en situaci\u00f3n de prealerta, por lo que los servicios de emergencia mantienen la vigilancia sobre estas poblaciones ante la evoluci\u00f3n del incendio y no descartan ampliar las medidas de protecci\u00f3n si fuera necesario.\n    <\/p>\n<p class=\"article-text\">\n        La reactivaci\u00f3n durante la noche de una zona del sector 2 ha obligado a tomar estas nuevas medidas. Las labores de extinci\u00f3n se han mantenido durante la madrugada y tambi\u00e9n se ha trabajado con varios bulldozers en puntos como Ena y Botaya. El dispositivo ha actuado adem\u00e1s sobre una reproducci\u00f3n detectada en la cola del incendio.\n    <\/p>\n<p>    El flanco derecho concentra la preocupaci\u00f3n<\/p>\n<p class=\"article-text\">\n        El flanco derecho es ahora mismo la principal preocupaci\u00f3n del operativo, junto a los sectores 2, 5 y 6. El general jefe de la UME, Francisco Javier Marcos, ha explicado que la atenci\u00f3n se concentra especialmente en los flancos norte y noreste y en el avance hacia Puente la Reina de Jaca. El flanco sur ha registrado nuevos focos secundarios y reactivaciones, mientras que el oeste permanece \u201cbastante bien anclado\u201d.\n    <\/p>\n<p>            <img decoding=\"async\" class=\"lazy\" loading=\"lazy\" data-src=\"https:\/\/static.eldiario.es\/clip\/6e502350-a6b0-48ad-bcf7-783b1de4d23c_16-9-discover-aspect-ratio_default_0.jpg\" src=\"data:image\/svg+xml,%3Csvg xmlns=\" http:=\"\" viewbox=\"0 0 1200 675\" alt=\"Incendio de Pe\u00f1as de Riglos durante la noche del jueves\"\/><\/p>\n<p class=\"article-text\">\n        Pese a la complejidad de la emergencia, Marcos ha destacado que actualmente \u201cno hay ning\u00fan punto, ning\u00fan flanco, ninguna zona fuera de capacidad de extinci\u00f3n\u201d. La UME mantiene cerca de 450 militares desplegados en el incendio, adem\u00e1s de m\u00e1s de 125 veh\u00edculos y medios materiales. El dispositivo conf\u00eda tambi\u00e9n en la bajada de temperaturas y la llegada de lluvias, que podr\u00edan mejorar las condiciones para la extinci\u00f3n.\n    <\/p>\n<p class=\"article-text\">\n        El Gobierno de Arag\u00f3n ha alertado adem\u00e1s de la circulaci\u00f3n de <a href=\"https:\/\/www.eldiario.es\/aragon\/sociedad\/alertan-bulo-pide-donaciones-agricultores-colaboran-extincion-incendio-riglos_1_13447622.html\" target=\"_blank\" data-mrf-recirculation=\"links-noticia\" class=\"link\" rel=\"nofollow noopener\">un bulo que solicita donaciones para crear un fondo destinado a los agricultores y ganaderos <\/a>que est\u00e1n colaborando en la extinci\u00f3n. El Ejecutivo recuerda que los gastos derivados de esta colaboraci\u00f3n son asumidos por la Administraci\u00f3n y ha pedido que no se difunda ni se contribuya a este tipo de mensajes. Al mismo tiempo, ha se\u00f1alado que las labores de los agricultores con maquinaria est\u00e1n siendo valoradas positivamente, aunque insiste en que deben realizarse siempre de forma coordinada con el dispositivo de emergencia. Para ello, se ha designado a un agricultor responsable que trasladar\u00e1 las indicaciones del CECOPI y se ha habilitado un tel\u00e9fono de contacto para situaciones que requieran atenci\u00f3n.\n    <\/p>\n<p>    35 medios a\u00e9reos y m\u00e1s de 500 personas<\/p>\n<p class=\"article-text\">\n        El operativo afronta este viernes una jornada especialmente importante, con 35 medios a\u00e9reos y m\u00e1s de 500 personas trabajando en la extinci\u00f3n. Arag\u00f3n ha solicitado adem\u00e1s a Francia la incorporaci\u00f3n de tres medios a\u00e9reos m\u00e1s para las pr\u00f3ximas horas.\n    <\/p>\n<blockquote class=\"twitter-tweet\" data-lang=\"es\"><p><a href=\"https:\/\/twitter.com\/X\/status\/2088199294570414502?ref_src=twsrc%5Etfw\" rel=\"nofollow noopener\" target=\"_blank\"><\/p><\/blockquote>\n<p class=\"article-text\">\n        El dispositivo re\u00fane recursos del Gobierno de Arag\u00f3n, MITECO, UME y las <a href=\"https:\/\/www.eldiario.es\/navarra\/navarra-envia-efectivos-luchar-incendio-penas-riglos-huesca_1_13447087.html\" target=\"_blank\" data-mrf-recirculation=\"links-noticia\" class=\"link\" rel=\"nofollow noopener\">comunidades aut\u00f3nomas<\/a> que est\u00e1n colaborando en la emergencia. La prioridad es contener el flanco derecho, proteger las poblaciones amenazadas y mantener la defensa del entorno de San Juan de la Pe\u00f1a.\n    <\/p>\n<p class=\"article-text\">\n        La meteorolog\u00eda seguir\u00e1 siendo determinante durante las pr\u00f3ximas horas. El viento de componente sur ir\u00e1 perdiendo intensidad durante la ma\u00f1ana y las temperaturas descender\u00e1n de forma significativa durante la tarde. Para los pr\u00f3ximos d\u00edas se conf\u00eda en la llegada de precipitaciones, que podr\u00edan ayudar a mejorar las condiciones para la extinci\u00f3n.\n    <\/p>\n<p class=\"article-text\">\n        El fuego contin\u00faa ahora condicionando los trabajos de extinci\u00f3n en el entorno de San Juan de la Pe\u00f1a. La defensa del espacio protegido y de los dos monasterios sigue siendo una de las prioridades del dispositivo, junto a la protecci\u00f3n de las poblaciones amenazadas.\n    <\/p>\n<p>            <img decoding=\"async\" class=\"lazy\" loading=\"lazy\" data-src=\"https:\/\/static.eldiario.es\/clip\/5222de8e-df87-4b2c-b783-3f71f5cdfe2a_16-9-discover-aspect-ratio_default_0.jpg\" src=\"data:image\/svg+xml,%3Csvg xmlns=\" http:=\"\" viewbox=\"0 0 1200 675\" alt=\"Dispositivo de INFOAR\"\/><\/p>\n<p>    Carreteras y tren cortados<\/p>\n<p class=\"article-text\">\n        El incendio mantiene importantes restricciones en las comunicaciones. Contin\u00faan cortadas la A-132, entre Murillo de G\u00e1llego y Puente la Reina de Jaca; la A-1205, desde Santa Mar\u00eda de la Pe\u00f1a; la N-240, entre Santa Cilia de Jaca y Puente la Reina de Jaca; la A-1603 y la pista asfaltada que conecta la N-240 con Alastuey.\n    <\/p>\n<p class=\"article-text\">\n        Adem\u00e1s, se ha suspendido la circulaci\u00f3n ferroviaria por la v\u00eda convencional entre Sabi\u00f1\u00e1nigo y Ayerbe debido al incendio forestal. La interrupci\u00f3n se mantendr\u00e1 hasta nuevo aviso.\n    <\/p>\n<p>    <a href=\"https:\/\/www.eldiario.es\/aragon\/sociedad\/ume-entra-san-juan-pena-poner-salvo-bienes-historicos-avance-incendio-riglos_1_13446177.html\" data-mrf-recirculation=\"saber-mas-abajo\" data-dl-event=\"saber-mas-abajo\" rel=\"nofollow noopener\" target=\"_blank\"><\/p>\n<p class=\"know-more__title\">La UME rescata los restos de los reyes de Arag\u00f3n del Monasterio Viejo de San Juan de la Pe\u00f1a ante el avance del incendio\n<\/p>\n<p>            <img decoding=\"async\" class=\"lazy\" loading=\"lazy\" data-src=\"https:\/\/static.eldiario.es\/clip\/f518ed32-706c-45e8-a78a-11dc520dfaea_16-9-aspect-ratio_default_0.jpg\" src=\"data:image\/svg+xml,%3Csvg xmlns=\" http:=\"\" viewbox=\"0 0 880 495\" alt=\"La UME rescata los restos de los reyes de Arag\u00f3n del Monasterio Viejo de San Juan de la Pe\u00f1a ante el avance del incendio\"\/><\/p>\n<p>                        <\/a><\/p>\n<p class=\"article-text\">\n        El operativo mantiene como prioridades durante las pr\u00f3ximas horas la contenci\u00f3n de las reproducciones, la consolidaci\u00f3n de los frentes y la protecci\u00f3n de las poblaciones, con especial atenci\u00f3n al flanco derecho y al entorno de San Juan de la Pe\u00f1a.\n    <\/p>\n<p>                                        <script async src=\"https:\/\/platform.twitter.com\/widgets.js\" charset=\"utf-8\"><\/script><\/p>\n","protected":false},"excerpt":{"rendered":"El incendio forestal de Las Pe\u00f1as de Riglos contin\u00faa activo este viernes tras una noche de intensa actividad&hellip;\n","protected":false},"author":2,"featured_media":710898,"comment_status":"","ping_status":"","sticky":false,"template":"","format":"standard","meta":{"footnotes":""},"categories":[5],"tags":[517,4499,17,18,13616,13612,13613,25,24,13,14,13617,11,1265,19,20,13615,9,10,15,16,13614,952,492,23,12731,12,21,22,491],"class_list":["post-710897","post","type-post","status-publish","format-standard","has-post-thumbnail","category-titulares","tag-actualidad","tag-aragon","tag-breaking-news","tag-breakingnews","tag-celia-soria","tag-eldiario","tag-elprismatico","tag-es","tag-espana","tag-featured-news","tag-featurednews","tag-fernando-garcia-mongay","tag-headlines","tag-huesca","tag-latest-news","tag-latestnews","tag-marimar-cabrera","tag-news","tag-noticias","tag-noticias-destacadas","tag-noticiasdestacadas","tag-oscar-f-civieta","tag-politica","tag-sociedad","tag-spain","tag-teruel","tag-titulares","tag-ultimas-noticias","tag-ultimasnoticias","tag-zaragoza"],"share_on_mastodon":{"url":"","error":"Validation failed: Text character limit of 500 exceeded"},"_links":{"self":[{"href":"https:\/\/www.europesays.com\/es\/wp-json\/wp\/v2\/posts\/710897","targetHints":{"allow":["GET"]}}],"collection":[{"href":"https:\/\/www.europesays.com\/es\/wp-json\/wp\/v2\/posts"}],"about":[{"href":"https:\/\/www.europesays.com\/es\/wp-json\/wp\/v2\/types\/post"}],"author":[{"embeddable":true,"href":"https:\/\/www.europesays.com\/es\/wp-json\/wp\/v2\/users\/2"}],"replies":[{"embeddable":true,"href":"https:\/\/www.europesays.com\/es\/wp-json\/wp\/v2\/comments?post=710897"}],"version-history":[{"count":0,"href":"https:\/\/www.europesays.com\/es\/wp-json\/wp\/v2\/posts\/710897\/revisions"}],"wp:featuredmedia":[{"embeddable":true,"href":"https:\/\/www.europesays.com\/es\/wp-json\/wp\/v2\/media\/710898"}],"wp:attachment":[{"href":"https:\/\/www.europesays.com\/es\/wp-json\/wp\/v2\/media?parent=710897"}],"wp:term":[{"taxonomy":"category","embeddable":true,"href":"https:\/\/www.europesays.com\/es\/wp-json\/wp\/v2\/categories?post=710897"},{"taxonomy":"post_tag","embeddable":true,"href":"https:\/\/www.europesays.com\/es\/wp-json\/wp\/v2\/tags?post=710897"}],"curies":[{"name":"wp","href":"https:\/\/api.w.org\/{rel}","templated":true}]}}