{"id":710913,"date":"2026-08-14T12:40:14","date_gmt":"2026-08-14T12:40:14","guid":{"rendered":"https:\/\/www.europesays.com\/es\/710913\/"},"modified":"2026-08-14T12:40:14","modified_gmt":"2026-08-14T12:40:14","slug":"con-las-ultimas-radios-libres-se-extinguen-los-ochenta-television","status":"publish","type":"post","link":"https:\/\/www.europesays.com\/es\/710913\/","title":{"rendered":"Con las \u00faltimas radios libres se extinguen los ochenta | Televisi\u00f3n"},"content":{"rendered":"<p class=\"\">En los \u00faltimos setenta y en los ochenta, en una Espa\u00f1a liberada de la represi\u00f3n, hab\u00eda m\u00e1s espacio para el caos creativo. En el Madrid que incub\u00f3 la Movida, y que ten\u00eda de alcalde a Enrique Tierno Galv\u00e1n, pasaban muchas cosas m\u00e1s. Proliferaron<a href=\"https:\/\/historiadelpresente.com\/wp-content\/uploads\/2023\/08\/Jose-Emilio-Perez-Martinez.pdf\" target=\"_self\" rel=\"nofollow noopener\" title=\"https:\/\/historiadelpresente.com\/wp-content\/uploads\/2023\/08\/Jose-Emilio-Perez-Martinez.pdf\"> las llamadas radios libres,<\/a> por sus promotores, o radios piratas, por sus competidores comerciales. No eran nada profesionales, ah\u00ed estaba su gracia. Ni vend\u00edan publicidad ni ten\u00edan \u00e1nimo de lucro, abr\u00edan los micr\u00f3fonos a quien llamara, estaban muy conectadas con el movimiento vecinal y, en alg\u00fan caso, eran apoyadas por las nacientes juntas de distrito que trataban de dinamizar los barrios.<\/p>\n<p class=\"\">Aparecieron por todo el dial de la FM, donde hasta entonces hab\u00eda poco m\u00e1s de un pu\u00f1ado de emisoras. Conectaban con las nuevas generaciones hablando su lenguaje y acerc\u00e1ndose a sus inquietudes. Algo que hoy tratan de hacer youtubers, streamers o podcasters sin esa magia que siempre tuvo la radio. Era ese tiempo en el que se editaban fanzines \u2014en un pu\u00f1ado de fotocopias grapadas\u2014 y en el que se segu\u00eda el lema del punk: hazlo t\u00fa mismo. No pasaba solo en Madrid, <a href=\"https:\/\/elpais.com\/diario\/1977\/10\/05\/sociedad\/244854007_850215.html\" target=\"_self\" rel=\"nofollow noopener\" title=\"https:\/\/elpais.com\/diario\/1977\/10\/05\/sociedad\/244854007_850215.html\">ni solo en Espa\u00f1a.<\/a><\/p>\n<p class=\"\">Alguna de estas radios contraculturales alcanz\u00f3 cierta repercusi\u00f3n, y no sal\u00eda mal en el EGM, como la que respond\u00eda al largo nombre <a href=\"https:\/\/www.jotdown.es\/2021\/02\/la-cadena-del-water-auge-y-caida-de-una-radio-libre\/\" target=\"_self\" rel=\"nofollow noopener\" title=\"https:\/\/www.jotdown.es\/2021\/02\/la-cadena-del-water-auge-y-caida-de-una-radio-libre\/\">Arradio La Voz de la Experiencia de la Cadena del Water<\/a>. M\u00e1s comprometida con un humor espont\u00e1neo y disparatado que con las causas que mov\u00edan a otras, vivi\u00f3 el inesperado \u00e9xito de una panda de amigos charlando, riendo y poniendo m\u00fasica. Organizaban quedadas de oyentes (dementes) para tomar ca\u00f1as y recaudar algo de dinero, y alguna fue una aglomeraci\u00f3n. Ten\u00edan ciertos medios: un estudio clandestino en Malasa\u00f1a (oculto: no quer\u00edan a los fans en la puerta) y repetidores para llegar a toda la ciudad. Importaban equipos desde Italia, a trav\u00e9s de la tienda de electr\u00f3nica de uno de ellos, y los facilitaban a otras radios.<\/p>\n<p class=\"\">Breve confesi\u00f3n: quien firma esto se inici\u00f3 en la comunicaci\u00f3n, que no en el periodismo, con 17 a\u00f1os en <a href=\"https:\/\/www.periodicohortaleza.org\/un-vistazo-a-40-anos-de-radio-alternativa-en-hortaleza\/\" target=\"_self\" rel=\"nofollow noopener\" title=\"https:\/\/www.periodicohortaleza.org\/un-vistazo-a-40-anos-de-radio-alternativa-en-hortaleza\/\">Radio Fhortaleza<\/a> (y junto a Jos\u00e9 Alcaraz, que ten\u00eda 15). Aquella emisora, en el distrito madrile\u00f1o de Hortaleza, no solo confiaba a dos adolescentes la conducci\u00f3n de un programa, sino que hasta los dejaba solos en el estudio, ubicado en un peque\u00f1o s\u00f3tano de una asociaci\u00f3n vecinal, de forma que, si la bombilla parpadeaba porque llamaban a la puerta, pinchaban un disco para subir a abrir. En aquellos micr\u00f3fonos viejos de aquel s\u00f3tano se iniciaron <a href=\"https:\/\/elpais.com\/television\/2024-07-07\/iker-jimenez-de-la-parapsicologia-al-delirio-de-la-conspiracion.html\" target=\"_self\" rel=\"nofollow noopener\" title=\"https:\/\/elpais.com\/television\/2024-07-07\/iker-jimenez-de-la-parapsicologia-al-delirio-de-la-conspiracion.html\">Iker Jim\u00e9nez, que ya hablaba de fen\u00f3menos paranormales<\/a> pero todav\u00eda no hac\u00eda el juego a los ultras, o <a href=\"https:\/\/elpais.com\/politica\/2008\/11\/19\/actualidad\/1227085200_1227089718.html\" target=\"_self\" rel=\"nofollow noopener\" title=\"https:\/\/elpais.com\/politica\/2008\/11\/19\/actualidad\/1227085200_1227089718.html\">Emilio Silva,<\/a> hoy presidente de la Asociaci\u00f3n para la Recuperaci\u00f3n de la Memoria Hist\u00f3rica.<\/p>\n<p class=\"\">Entre 1987 y 1989, <a href=\"https:\/\/elpais.com\/diario\/1989\/02\/20\/sociedad\/603932402_850215.html\" target=\"_self\" rel=\"nofollow noopener\" title=\"https:\/\/elpais.com\/diario\/1989\/02\/20\/sociedad\/603932402_850215.html\">el Gobierno socialista puso orden en el dial<\/a> para sacar nuevas licencias y se apagaron muchas de esas voces alternativas. La Voz con may\u00fasculas se despidi\u00f3 con una marat\u00f3n de fin de semana que hac\u00edan sonar algunos bares para sus clientes, as\u00ed era ese Madrid. Silva recuerda que el cierre de la Cadena del Water fue un mazazo para el movimiento de las radios libres, pero sit\u00faa el inicio de su declive un poco antes, en 1986, cuando fracas\u00f3 en refer\u00e9ndum el no a la OTAN con el que la mayor\u00eda de estas emisoras se hab\u00edan volcado. No todo acab\u00f3: perviven, entre otras, <a href=\"https:\/\/prnoticias.com\/2008\/11\/21\/la-comunicacion-no-es-facil-para-los-ciudadanos-de-a-pie\/\" target=\"_self\" rel=\"nofollow noopener\" title=\"https:\/\/prnoticias.com\/2008\/11\/21\/la-comunicacion-no-es-facil-para-los-ciudadanos-de-a-pie\/\">Radio Vallekas,<\/a> nacida de la anterior Onda Verde Vallekana, y <a href=\"https:\/\/ondaverderadiocomunitaria.blogspot.com\/p\/programas-madrid.html\" target=\"_self\" rel=\"nofollow noopener\" title=\"https:\/\/ondaverderadiocomunitaria.blogspot.com\/p\/programas-madrid.html\">Onda Verde<\/a> a secas, de donde sali\u00f3 otro conocido activista, Esteban Ibarra, l\u00edder del Movimiento contra la Intolerancia. <\/p>\n<p class=\"\">Radio Fhortaleza se reencarn\u00f3 en <a href=\"https:\/\/radioenlace.org\/\" target=\"_self\" rel=\"nofollow noopener\" title=\"https:\/\/radioenlace.org\/\">Radio Enlace,<\/a> que sigue en el aire desde 1989. Una heroicidad. Pasaron por ah\u00ed m\u00e1s nombres ilustres, de la periodista Macarena Berl\u00edn al c\u00f3mico Agust\u00edn Jim\u00e9nez. Ahora la emisora comunitaria de Hortaleza <a href=\"https:\/\/elpais.com\/espana\/madrid\/2026-08-06\/la-radio-de-barrio-que-intenta-apagar-el-concejal-aguafiestas.html\" target=\"_self\" rel=\"nofollow noopener\" title=\"https:\/\/elpais.com\/espana\/madrid\/2026-08-06\/la-radio-de-barrio-que-intenta-apagar-el-concejal-aguafiestas.html\">se ve amenazada por el acoso de la autoridad municipal.<\/a> Un concejal de distrito, David P\u00e9rez, <a href=\"https:\/\/elpais.com\/espana\/madrid\/2026-04-10\/el-concejal-aguafiestas-de-hortaleza-david-perez-arrebata-al-vecindario-un-proyecto-de-reciclaje-pionero-en-madrid.html\" target=\"_self\" rel=\"nofollow noopener\" title=\"https:\/\/elpais.com\/espana\/madrid\/2026-04-10\/el-concejal-aguafiestas-de-hortaleza-david-perez-arrebata-al-vecindario-un-proyecto-de-reciclaje-pionero-en-madrid.html\">apodado el Aguafiestas<\/a> porque es dado a cancelar verbenas y conciertos, ya le quit\u00f3 a Radio Enlace su chiringuito en las fiestas, que llevaban montando tres d\u00e9cadas. Y ahora les niega la concesi\u00f3n, y les ordena el desahucio, del local donde tienen el estudio. Al que se hab\u00edan movido, por cierto, para que fuera accesible a las personas discapacitadas que tienen all\u00ed sus propios programas. Por ahora han vuelto al s\u00f3tano de empinadas escaleras, al que no pueden bajar sus colaboradores. Est\u00e1 por ver si servir\u00e1 la protesta de los vecinos encari\u00f1ados con la radio m\u00e1s local posible. <\/p>\n<p class=\"\">La ca\u00edda de las \u00faltimas radios libres, ya no piratas porque las que quedan se legalizaron, ser\u00eda una derrota, una m\u00e1s, del esp\u00edritu de esos a\u00f1os salvajes en los que todo parec\u00eda posible.<\/p>\n","protected":false},"excerpt":{"rendered":"En los \u00faltimos setenta y en los ochenta, en una Espa\u00f1a liberada de la represi\u00f3n, hab\u00eda m\u00e1s espacio&hellip;\n","protected":false},"author":2,"featured_media":710914,"comment_status":"","ping_status":"","sticky":false,"template":"","format":"standard","meta":{"footnotes":""},"categories":[170],"tags":[24386,5262,209,146,147,25,24,205,184,185,1925,1448,40818,23,807],"class_list":["post-710913","post","type-post","status-publish","format-standard","has-post-thumbnail","category-musica","tag-anos-80","tag-comunicacion","tag-cultura","tag-entertainment","tag-entretenimiento","tag-es","tag-espana","tag-madrid","tag-music","tag-musica","tag-opinion","tag-radio","tag-radios-locales","tag-spain","tag-television"],"share_on_mastodon":{"url":"https:\/\/pubeurope.com\/@es\/117093913670361866","error":""},"_links":{"self":[{"href":"https:\/\/www.europesays.com\/es\/wp-json\/wp\/v2\/posts\/710913","targetHints":{"allow":["GET"]}}],"collection":[{"href":"https:\/\/www.europesays.com\/es\/wp-json\/wp\/v2\/posts"}],"about":[{"href":"https:\/\/www.europesays.com\/es\/wp-json\/wp\/v2\/types\/post"}],"author":[{"embeddable":true,"href":"https:\/\/www.europesays.com\/es\/wp-json\/wp\/v2\/users\/2"}],"replies":[{"embeddable":true,"href":"https:\/\/www.europesays.com\/es\/wp-json\/wp\/v2\/comments?post=710913"}],"version-history":[{"count":0,"href":"https:\/\/www.europesays.com\/es\/wp-json\/wp\/v2\/posts\/710913\/revisions"}],"wp:featuredmedia":[{"embeddable":true,"href":"https:\/\/www.europesays.com\/es\/wp-json\/wp\/v2\/media\/710914"}],"wp:attachment":[{"href":"https:\/\/www.europesays.com\/es\/wp-json\/wp\/v2\/media?parent=710913"}],"wp:term":[{"taxonomy":"category","embeddable":true,"href":"https:\/\/www.europesays.com\/es\/wp-json\/wp\/v2\/categories?post=710913"},{"taxonomy":"post_tag","embeddable":true,"href":"https:\/\/www.europesays.com\/es\/wp-json\/wp\/v2\/tags?post=710913"}],"curies":[{"name":"wp","href":"https:\/\/api.w.org\/{rel}","templated":true}]}}