{"id":711481,"date":"2026-08-14T19:28:16","date_gmt":"2026-08-14T19:28:16","guid":{"rendered":"https:\/\/www.europesays.com\/es\/711481\/"},"modified":"2026-08-14T19:28:16","modified_gmt":"2026-08-14T19:28:16","slug":"asi-avanza-el-incendio-de-riglos-tras-arrasar-10-000-hectareas-las-imagenes-del-antes-y-el-despues","status":"publish","type":"post","link":"https:\/\/www.europesays.com\/es\/711481\/","title":{"rendered":"As\u00ed avanza el incendio de Riglos tras arrasar 10.000 hect\u00e1reas: las im\u00e1genes del antes y el despu\u00e9s"},"content":{"rendered":"<p class=\"article-text\">\n        10.000 hect\u00e1reas calcinadas, 900 personas evacuadas y el patrimonio de Arag\u00f3n amenazado. El incendio forestal de Las Pe\u00f1as de Riglos sigue activo tras varios d\u00edas de intensa actividad.\n    <\/p>\n<p class=\"article-text\">\n        Las llamas, que se han reproducido en las \u00faltimas horas, han obligado a ampliar las medidas de protecci\u00f3n para la poblaci\u00f3n. Hasta ahora se han desalojado 18 n\u00facleos y el Camping Pirineos de Santa Cilia de Jaca. El operativo mantiene, adem\u00e1s, una atenci\u00f3n especial sobre el entorno de los monasterios de San Juan de la Pe\u00f1a y el flanco derecho del incendio.\n    <\/p>\n<p class=\"article-text\">\n        Aqu\u00ed puedes ver el per\u00edmetro del incendio:\n    <\/p>\n<p>    <a href=\"https:\/\/www.eldiario.es\/aragon\/sociedad\/incendio-riglos-obliga-evacuar-cuatro-nucleos-mantiene-riesgo-monasterios-san-juan-pena_1_13446662.html\" data-mrf-recirculation=\"saber-mas-abajo\" data-dl-event=\"saber-mas-abajo\" rel=\"nofollow noopener\" target=\"_blank\"><\/p>\n<p class=\"know-more__title\">El incendio de Riglos mantiene cercados los monasterios de San Juan de la Pe\u00f1a y fuerza m\u00e1s desalojos tras arrasar 10.000 hect\u00e1reas\n<\/p>\n<p>            <img decoding=\"async\" class=\"lazy\" loading=\"lazy\" data-src=\"https:\/\/static.eldiario.es\/clip\/8dd97522-1a70-44e7-8861-5d7b9eb82818_16-9-aspect-ratio_default_0_x416y489.jpg\" src=\"data:image\/svg+xml,%3Csvg xmlns=\" http:=\"\" viewbox=\"0 0 880 495\" alt=\"El incendio de Riglos mantiene cercados los monasterios de San Juan de la Pe\u00f1a mientras las llamas avanzan en la cola\"\/><\/p>\n<p>                        <\/a><\/p>\n<p class=\"fuente-incendios\">Fuente: EFFIS (Copernicus)<\/p>\n<p class=\"article-text\">\n        Y aqu\u00ed im\u00e1genes de sat\u00e9lite del antes y el despu\u00e9s:\n    <\/p>\n<p class=\"fuente-incendios\">Fuente: Copernicus \/ Sentinel-2<\/p>\n","protected":false},"excerpt":{"rendered":"10.000 hect\u00e1reas calcinadas, 900 personas evacuadas y el patrimonio de Arag\u00f3n amenazado. El incendio forestal de Las Pe\u00f1as&hellip;\n","protected":false},"author":2,"featured_media":711482,"comment_status":"","ping_status":"","sticky":false,"template":"","format":"standard","meta":{"footnotes":""},"categories":[5],"tags":[517,4499,17,18,13616,13612,13613,25,24,13,14,13617,11,1265,19,20,13615,9,10,15,16,13614,952,492,23,12731,12,21,22,491],"class_list":["post-711481","post","type-post","status-publish","format-standard","has-post-thumbnail","category-titulares","tag-actualidad","tag-aragon","tag-breaking-news","tag-breakingnews","tag-celia-soria","tag-eldiario","tag-elprismatico","tag-es","tag-espana","tag-featured-news","tag-featurednews","tag-fernando-garcia-mongay","tag-headlines","tag-huesca","tag-latest-news","tag-latestnews","tag-marimar-cabrera","tag-news","tag-noticias","tag-noticias-destacadas","tag-noticiasdestacadas","tag-oscar-f-civieta","tag-politica","tag-sociedad","tag-spain","tag-teruel","tag-titulares","tag-ultimas-noticias","tag-ultimasnoticias","tag-zaragoza"],"share_on_mastodon":{"url":"https:\/\/pubeurope.com\/@es\/117095517814256589","error":""},"_links":{"self":[{"href":"https:\/\/www.europesays.com\/es\/wp-json\/wp\/v2\/posts\/711481","targetHints":{"allow":["GET"]}}],"collection":[{"href":"https:\/\/www.europesays.com\/es\/wp-json\/wp\/v2\/posts"}],"about":[{"href":"https:\/\/www.europesays.com\/es\/wp-json\/wp\/v2\/types\/post"}],"author":[{"embeddable":true,"href":"https:\/\/www.europesays.com\/es\/wp-json\/wp\/v2\/users\/2"}],"replies":[{"embeddable":true,"href":"https:\/\/www.europesays.com\/es\/wp-json\/wp\/v2\/comments?post=711481"}],"version-history":[{"count":0,"href":"https:\/\/www.europesays.com\/es\/wp-json\/wp\/v2\/posts\/711481\/revisions"}],"wp:featuredmedia":[{"embeddable":true,"href":"https:\/\/www.europesays.com\/es\/wp-json\/wp\/v2\/media\/711482"}],"wp:attachment":[{"href":"https:\/\/www.europesays.com\/es\/wp-json\/wp\/v2\/media?parent=711481"}],"wp:term":[{"taxonomy":"category","embeddable":true,"href":"https:\/\/www.europesays.com\/es\/wp-json\/wp\/v2\/categories?post=711481"},{"taxonomy":"post_tag","embeddable":true,"href":"https:\/\/www.europesays.com\/es\/wp-json\/wp\/v2\/tags?post=711481"}],"curies":[{"name":"wp","href":"https:\/\/api.w.org\/{rel}","templated":true}]}}