{"id":711579,"date":"2026-08-14T20:37:11","date_gmt":"2026-08-14T20:37:11","guid":{"rendered":"https:\/\/www.europesays.com\/es\/711579\/"},"modified":"2026-08-14T20:37:11","modified_gmt":"2026-08-14T20:37:11","slug":"el-juez-decreta-prision-provisional-sin-fianza-para-el-presunto-autor-del-incendio-de-las-penas-de-riglos","status":"publish","type":"post","link":"https:\/\/www.europesays.com\/es\/711579\/","title":{"rendered":"El juez decreta prisi\u00f3n provisional sin fianza para el presunto autor del incendio de Las Pe\u00f1as de Riglos"},"content":{"rendered":"<p class=\"article-text\">\n        El detenido por el incendio forestal declarado el pasado 10 de agosto en Las Pe\u00f1as de Riglos (Huesca) ha sido enviado a prisi\u00f3n provisional sin opci\u00f3n a fianza por orden judicial. La Guardia Civil ha informado este viernes de que el arrestado es el presunto autor del fuego, que en solo cinco d\u00edas ha quemado m\u00e1s de 10.000 hect\u00e1reas.\n    <\/p>\n<p class=\"article-text\">\n        La detenci\u00f3n se produjo este mi\u00e9rcoles despu\u00e9s de la investigaci\u00f3n desarrollada por la Unidad de Protecci\u00f3n de la Naturaleza (UPRONA) de la Guardia Civil de Huesca, con el apoyo de la UCOMA de la Jefatura del SEPRONA desplazada desde Madrid. Tras pasar a disposici\u00f3n judicial, se decret\u00f3 su ingreso en el centro penitenciario de Zuera.\n    <\/p>\n<p class=\"article-text\">\n        El incendio se declar\u00f3 el lunes 10 de agosto y ha tenido una evoluci\u00f3n especialmente complicada. En estos cinco d\u00edas, las llamas han obligado a evacuar a m\u00e1s de 850 personas de 18 poblaciones, mientras que otras dos localidades permanecen confinadas.\n    <\/p>\n<p class=\"article-text\">\n        La magnitud del fuego ha obligado a mantener un amplio dispositivo de extinci\u00f3n y seguridad en la zona. La Guardia Civil ha desplegado agentes del SEPRONA, seguridad ciudadana, el equipo PEGASO de Teruel, las USECIC de Arag\u00f3n y Navarra, la Unidad A\u00e9rea y la Agrupaci\u00f3n de Tr\u00e1fico.\n    <\/p>\n<p class=\"article-text\">\n        La investigaci\u00f3n contin\u00faa abierta para esclarecer las circunstancias en las que se origin\u00f3 el incendio y determinar las responsabilidades del detenido. La Guardia Civil no ha informado por el momento de m\u00e1s detalles sobre el origen del fuego ni sobre los indicios que han llevado hasta el arrestado.\n    <\/p>\n<p>    <a href=\"https:\/\/www.eldiario.es\/aragon\/sociedad\/incendio-riglos-obliga-evacuar-cuatro-nucleos-mantiene-riesgo-monasterios-san-juan-pena_1_13446662.html\" data-mrf-recirculation=\"saber-mas-abajo\" data-dl-event=\"saber-mas-abajo\" rel=\"nofollow noopener\" target=\"_blank\"><\/p>\n<p class=\"know-more__title\">El incendio de Riglos mantiene cercados los monasterios de San Juan de la Pe\u00f1a mientras las llamas avanzan en la cola\n<\/p>\n<p>            <img decoding=\"async\" class=\"lazy\" loading=\"lazy\" data-src=\"https:\/\/static.eldiario.es\/clip\/8dd97522-1a70-44e7-8861-5d7b9eb82818_16-9-aspect-ratio_default_0_x416y489.jpg\" src=\"data:image\/svg+xml,%3Csvg xmlns=\" http:=\"\" viewbox=\"0 0 880 495\" alt=\"El incendio de Riglos alcanza las 12.000 hect\u00e1reas y mantiene cercados los monasterios de San Juan de la Pe\u00f1a\"\/><\/p>\n<p>                        <\/a><\/p>\n<p class=\"article-text\">\n        El incendio de Las Pe\u00f1as de Riglos se suma a la complicada campa\u00f1a de incendios que est\u00e1 viviendo Arag\u00f3n este verano, con varios fuegos de gran extensi\u00f3n y numerosos desalojos y confinamientos en distintos puntos de la comunidad.\n    <\/p>\n","protected":false},"excerpt":{"rendered":"El detenido por el incendio forestal declarado el pasado 10 de agosto en Las Pe\u00f1as de Riglos (Huesca)&hellip;\n","protected":false},"author":2,"featured_media":711580,"comment_status":"","ping_status":"","sticky":false,"template":"","format":"standard","meta":{"footnotes":""},"categories":[5],"tags":[517,4499,17,18,13616,13612,13613,25,24,13,14,13617,11,1265,19,20,13615,9,10,15,16,13614,952,492,23,12731,12,21,22,491],"class_list":["post-711579","post","type-post","status-publish","format-standard","has-post-thumbnail","category-titulares","tag-actualidad","tag-aragon","tag-breaking-news","tag-breakingnews","tag-celia-soria","tag-eldiario","tag-elprismatico","tag-es","tag-espana","tag-featured-news","tag-featurednews","tag-fernando-garcia-mongay","tag-headlines","tag-huesca","tag-latest-news","tag-latestnews","tag-marimar-cabrera","tag-news","tag-noticias","tag-noticias-destacadas","tag-noticiasdestacadas","tag-oscar-f-civieta","tag-politica","tag-sociedad","tag-spain","tag-teruel","tag-titulares","tag-ultimas-noticias","tag-ultimasnoticias","tag-zaragoza"],"share_on_mastodon":{"url":"","error":""},"_links":{"self":[{"href":"https:\/\/www.europesays.com\/es\/wp-json\/wp\/v2\/posts\/711579","targetHints":{"allow":["GET"]}}],"collection":[{"href":"https:\/\/www.europesays.com\/es\/wp-json\/wp\/v2\/posts"}],"about":[{"href":"https:\/\/www.europesays.com\/es\/wp-json\/wp\/v2\/types\/post"}],"author":[{"embeddable":true,"href":"https:\/\/www.europesays.com\/es\/wp-json\/wp\/v2\/users\/2"}],"replies":[{"embeddable":true,"href":"https:\/\/www.europesays.com\/es\/wp-json\/wp\/v2\/comments?post=711579"}],"version-history":[{"count":0,"href":"https:\/\/www.europesays.com\/es\/wp-json\/wp\/v2\/posts\/711579\/revisions"}],"wp:featuredmedia":[{"embeddable":true,"href":"https:\/\/www.europesays.com\/es\/wp-json\/wp\/v2\/media\/711580"}],"wp:attachment":[{"href":"https:\/\/www.europesays.com\/es\/wp-json\/wp\/v2\/media?parent=711579"}],"wp:term":[{"taxonomy":"category","embeddable":true,"href":"https:\/\/www.europesays.com\/es\/wp-json\/wp\/v2\/categories?post=711579"},{"taxonomy":"post_tag","embeddable":true,"href":"https:\/\/www.europesays.com\/es\/wp-json\/wp\/v2\/tags?post=711579"}],"curies":[{"name":"wp","href":"https:\/\/api.w.org\/{rel}","templated":true}]}}