{"id":711599,"date":"2026-08-14T20:53:12","date_gmt":"2026-08-14T20:53:12","guid":{"rendered":"https:\/\/www.europesays.com\/es\/711599\/"},"modified":"2026-08-14T20:53:12","modified_gmt":"2026-08-14T20:53:12","slug":"adam-ramsay-peaty-se-humaniza-y-se-disuelve-en-la-piscina-deportes","status":"publish","type":"post","link":"https:\/\/www.europesays.com\/es\/711599\/","title":{"rendered":"Adam Ramsay-Peaty se humaniza y se disuelve en la piscina | Deportes"},"content":{"rendered":"<p class=\"\">Fue como ver a Lionel Messi incapaz de conducir un bal\u00f3n con el pie izquierdo en un campo de f\u00fatbol. Adam Ramsay-Peaty se arroj\u00f3 a la piscina con la hidrodin\u00e1mica de un saco de piedras, <a href=\"https:\/\/elpais.com\/deportes\/2026-08-12\/popovici-gana-el-oro-en-los-100-libre-mas-rapidos-de-la-historia-y-el-espanol-luca-hoek-acaba-cuarto.html\" target=\"_self\" rel=\"nofollow noopener\" title=\"https:\/\/elpais.com\/deportes\/2026-08-12\/popovici-gana-el-oro-en-los-100-libre-mas-rapidos-de-la-historia-y-el-espanol-luca-hoek-acaba-cuarto.html\">ayer en los Europeos de Par\u00eds<\/a>. Emergi\u00f3 en \u00faltima posici\u00f3n en su serie de 50 metros braza. Rezagado como iba desde la salida, no le dio tiempo a recuperar y toc\u00f3 la pared en 27,34s. Dos segundos m\u00e1s lento que su r\u00e9cord mundial de 2017 (25,95s) todav\u00eda imbatido. M\u00e1s lento incluso que las 166 marcas que ha registrado a lo largo de su carrera competitiva en el primer nivel, seis de las cuales siguen siendo los mejores tiempos de la historia del 50 braza.<\/p>\n<p class=\"\">\u201cEsto es tan malo que estoy confundido\u201d, dijo al salir de la piscina, rubicundo por el esfuerzo, la mirada perdida tras comprobar que el 20\u00ba tiempo de las series no le servir\u00eda ni para meterse en las semifinales. \u201cRealmente no s\u00e9 por d\u00f3nde empezar el an\u00e1lisis\u201d.<\/p>\n<p class=\"\"><a href=\"https:\/\/elpais.com\/deportes\/2026-08-11\/luca-hoek-transporta-a-espana-al-primer-mundo-de-la-velocidad.html\" target=\"_self\" rel=\"nofollow noopener\" title=\"https:\/\/elpais.com\/deportes\/2026-08-11\/luca-hoek-transporta-a-espana-al-primer-mundo-de-la-velocidad.html\">Nadie pudo aproximarse<\/a> a Adam Peaty durante una d\u00e9cada. El ingl\u00e9s, nacido en Uttoxeter en 1994, vigente r\u00e9cordman de 100 y 50 braza, triple campe\u00f3n ol\u00edmpico, se convirti\u00f3 en el emblema del deportista invencible. Una marca en el Reino Unido con todo lo que eso supone de afluencia de ingresos y popularidad. Su curso intocable parec\u00eda garantizado cuando James Wilby le super\u00f3 en los Juegos de la Commonwealth de Birmingham 2022. Lo que parec\u00eda un hecho exraordinario, se convirti\u00f3 en una nube de tormenta de la que ya no logr\u00f3 salir. <\/p>\n<p class=\"\">\u201cEntr\u00e9 en una espiral autodestructiva\u201d, cont\u00f3 posteriormente en The Guardian. Primero redobl\u00f3 la intensidad de sus entrenamientos. Se esforz\u00f3 por volver a la rutina de m\u00e1ximo esfuerzo y dedicaci\u00f3n absoluta que le llev\u00f3 a bajar de 57 segundos en 100. Lo que \u00e9l denomin\u00f3 \u201ctierra quemada\u201d. Se hundi\u00f3. Ansiedad, agotamiento, consumo descontrolado de alcohol, depresi\u00f3n, fueron parte de la rueda de su nueva vida. Su colapso constiyuy\u00f3, como tantas veces sucede con las grandes figuras de la cultura popular inglesa, una narraci\u00f3n en directo, una confesi\u00f3n ante la multitud, un show medi\u00e1tico de tono amarillo. El distanciamiento de sus padres culmin\u00f3 una historia de desencuentros que acab\u00f3 con su regreso a la competici\u00f3n en 2023. Si objetivo fue ganar el tercer campeonato ol\u00edmpico consecutivo en una especialidad individual, los 100 braza, que le equiparar\u00eda a lo que hizo por primera vez en la historia Michael Phelps, triple oro ol\u00edmpico en el 200 mariposa. Peaty se qued\u00f3 con una plata \u2014el oro fue para Nicol\u00f2 Martinenghi\u2014 por dos cent\u00e9simas en los Juegos de 2024. <\/p>\n<p class=\"\">Se plante\u00f3 la retirada. Se cas\u00f3 con Holly Ramsay, la hija del chef-celebridad Gordon Ramsay. Se cambi\u00f3 el apellido y cambi\u00f3 de entrenadora. Dijo que quer\u00eda llevar una vida \u201cm\u00e1s humana\u201d. Pero cuando el Comit\u00e9 Ol\u00edmpico Internacional decidi\u00f3 incluir el 50 braza en el programa de los Juegos de 2028 resolvi\u00f3 ponerse manos a la obra otra vez. Su aparici\u00f3n en el Europeo de Par\u00eds fue tan desastrosa como reveladora.<\/p>\n<p class=\"\">\u201cNo s\u00e9 qu\u00e9 me pas\u00f3 en la salida\u201d, confes\u00f3. \u201cS\u00e9 que no fue mi tiempo de reacci\u00f3n. Probablemente todo se resuma en la forma en que entr\u00e9 en el agua. Comenzamos [con Lisa Bates, su nueva entrenadora] a deconstruir la entrada en el agua en junio. Y evidentemente muchas cosas fueron mal desde entonces. Estoy nadando peor desde entonces y seguramente tenga que cambiar muchas cosas que no han funcionado. La entrada en el agua y el empuje para emerger\u201d.<\/p>\n","protected":false},"excerpt":{"rendered":"Fue como ver a Lionel Messi incapaz de conducir un bal\u00f3n con el pie izquierdo en un campo&hellip;\n","protected":false},"author":2,"featured_media":711600,"comment_status":"","ping_status":"","sticky":false,"template":"","format":"standard","meta":{"footnotes":""},"categories":[93],"tags":[127698,928,11485,168,25,24,10775,633,23,167],"class_list":["post-711599","post","type-post","status-publish","format-standard","has-post-thumbnail","category-deportes","tag-adam-peaty","tag-atletas","tag-atletismo","tag-deportes","tag-es","tag-espana","tag-nadadores","tag-natacion","tag-spain","tag-sports"],"share_on_mastodon":{"url":"https:\/\/pubeurope.com\/@es\/117095852015370658","error":""},"_links":{"self":[{"href":"https:\/\/www.europesays.com\/es\/wp-json\/wp\/v2\/posts\/711599","targetHints":{"allow":["GET"]}}],"collection":[{"href":"https:\/\/www.europesays.com\/es\/wp-json\/wp\/v2\/posts"}],"about":[{"href":"https:\/\/www.europesays.com\/es\/wp-json\/wp\/v2\/types\/post"}],"author":[{"embeddable":true,"href":"https:\/\/www.europesays.com\/es\/wp-json\/wp\/v2\/users\/2"}],"replies":[{"embeddable":true,"href":"https:\/\/www.europesays.com\/es\/wp-json\/wp\/v2\/comments?post=711599"}],"version-history":[{"count":0,"href":"https:\/\/www.europesays.com\/es\/wp-json\/wp\/v2\/posts\/711599\/revisions"}],"wp:featuredmedia":[{"embeddable":true,"href":"https:\/\/www.europesays.com\/es\/wp-json\/wp\/v2\/media\/711600"}],"wp:attachment":[{"href":"https:\/\/www.europesays.com\/es\/wp-json\/wp\/v2\/media?parent=711599"}],"wp:term":[{"taxonomy":"category","embeddable":true,"href":"https:\/\/www.europesays.com\/es\/wp-json\/wp\/v2\/categories?post=711599"},{"taxonomy":"post_tag","embeddable":true,"href":"https:\/\/www.europesays.com\/es\/wp-json\/wp\/v2\/tags?post=711599"}],"curies":[{"name":"wp","href":"https:\/\/api.w.org\/{rel}","templated":true}]}}