{"id":711623,"date":"2026-08-14T21:09:21","date_gmt":"2026-08-14T21:09:21","guid":{"rendered":"https:\/\/www.europesays.com\/es\/711623\/"},"modified":"2026-08-14T21:09:21","modified_gmt":"2026-08-14T21:09:21","slug":"el-real-zaragoza-supera-a-la-ud-logrones-en-un-amistoso-de-guante-blanco","status":"publish","type":"post","link":"https:\/\/www.europesays.com\/es\/711623\/","title":{"rendered":"El Real Zaragoza supera a la UD Logro\u00f1\u00e9s en un amistoso de guante blanco"},"content":{"rendered":"<p><a href=\"#\" onclick=\"window.open('https:\/\/www.facebook.com\/sharer.php?u=https:\/\/nuevecuatrouno.com\/2026\/08\/14\/el-real-zaragoza-supera-a-la-ud-logrones-en-un-amistoso-de-guante-blanco\/&amp;t=El Real Zaragoza supera a la UD Logro\u00f1\u00e9s en un amistoso de guante blanco', 'facebookShare', 'width=626,height=436'); return false;\" title=\"Facebook\"><\/p>\n<p>COMPARTE<\/p>\n<p><\/a><br \/>\n<a href=\"#\" onclick=\"window.open('https:\/\/x.com\/share?text=El Real Zaragoza supera a la UD Logro\u00f1\u00e9s en un amistoso de guante blanco -&amp;url=https:\/\/nuevecuatrouno.com\/2026\/08\/14\/el-real-zaragoza-supera-a-la-ud-logrones-en-un-amistoso-de-guante-blanco\/', 'twitterShare', 'width=626,height=436'); return false;\" title=\"X\"><img decoding=\"async\" src=\"https:\/\/www.europesays.com\/es\/wp-content\/uploads\/2026\/08\/1786741756_307_x-twitter-art.png\" style=\"padding-top: 6px;\"\/>POSTEA<\/a><br \/>\n<a href=\"whatsapp:\/\/send?text=El Real Zaragoza supera a la UD Logro\u00f1\u00e9s en un amistoso de guante blanco https:\/\/nuevecuatrouno.com\/2026\/08\/14\/el-real-zaragoza-supera-a-la-ud-logrones-en-un-amistoso-de-guante-blanco\/\" rel=\"nofollow\"><\/p>\n<p>WHATSAPP<\/p>\n<p><\/a><br \/>\n<a href=\"http:\/\/nuevecuatrouno.com\/cdn-cgi\/l\/email-protection#310e4244535b5452450c745d116354505d116b504350565e4b50114244415443501150115d50116475117d5e56435ef280f2984211545f11445f11505c5842455e425e115554115644505f455411535d505f525e17505c410a737e75680cf38e6044f29811475855500e11795411475842455e115442455411504345f29c52445d5e11545f115f4454475452445045435e445f5e1f525e5c1148115243545e1140445411455411414454555411585f455443544250430b1159454541420b1e1e5f4454475452445045435e445f5e1f525e5c1e030103071e01091e00051e545d1c4354505d1c4b504350565e4b501c4244415443501c501c5d501c44551c5d5e56435e5f54421c545f1c445f1c505c5842455e425e1c55541c5644505f45541c535d505f525e1e\" rel=\"nofollow noopener\" target=\"_blank\"><\/p>\n<p>Email<\/p>\n<p><\/a><\/p>\n<p>El olor a hierba reci\u00e9n cortada daba cierta sensaci\u00f3n de frescor en una tarde plomiza de agosto, que amenazaba tormenta y que acab\u00f3 sin una gota sobre el agostado cereal del entorno de una Ciudad Deportiva que este viernes se ha estrenado por todo lo alto como una instalaci\u00f3n que puede acoger a unas ochocientas personas en su interior, no sin ciertos problemas en el exterior.<\/p>\n<p>As\u00ed arrancaba un partido preparado por todos para jugarse en Las Gaunas pero que se tuvo que llevar a una instalaci\u00f3n de entrenamientos por el mal estado del c\u00e9sped consistorial. Y para este roto sobre todo para la afici\u00f3n, el cosido de una UD Logro\u00f1\u00e9s que se adapta gracias a ser due\u00f1a de su destino.<\/p>\n<p>As\u00ed ha logrado jugar contra el Real Zaragoza, y su gente lo ha disfrutado a pie de hierba, en su casa, en la de todos los blanquirrojos. M\u00e1s cerca que nunca de los jugadores, de los h\u00e9roes del ascenso y tambi\u00e9n de los reci\u00e9n llegados, en una oportunidad fant\u00e1stica para ponerles cara, que desde las gradas alejadas de Las Gaunas a veces es complicado.<\/p>\n<p><img loading=\"lazy\" decoding=\"async\" aria-describedby=\"caption-attachment-726275\" class=\"wp-image-726275 size-full\" src=\"https:\/\/www.europesays.com\/es\/wp-content\/uploads\/2026\/08\/Ciudad-Deportiva-UD-Logrones-Real-Zaragoza-9-scaled.jpg\" alt=\"\" width=\"2560\" height=\"1441\"  \/><\/p>\n<p id=\"caption-attachment-726275\" class=\"wp-caption-text\">FOTO: Fernando D\u00edaz<\/p>\n<p>Y antes de comenzar el partido, los abonados celebraron lo noticia que ven\u00edan esperando desde hace tiempo, Anai Morales ya est\u00e1 en su segunda casa. Por fin hab\u00eda firmado Osasuna una nueva cesi\u00f3n a Logro\u00f1o. Y todos tan contentos. Tamb\u00e9n Morales que se abraz\u00f3 con todos sus compa\u00f1eros. El lunes ya estar\u00e1 entrenando para dotar de m\u00e1s colmillo a un equipo que se ha mostrado competitivo ante todo un Real Zaragoza.<\/p>\n<p>Es la diferencia ahora mismo entre unos y otros, entre los locales y los visitantes. Los primeros van avanzados en la compenetraci\u00f3n y el estilo, los segundos tienen presupuesto para contar arriba con lo que quieran y un poco m\u00e1s. Con esa punta de velocidad que no se ve en Segunda Federaci\u00f3n y que s\u00ed existe en ciertos equipos de Primera Federaci\u00f3n, como el Real Zaragoza. Lo ha sentido en sus piernas Cabetas, que se ha topado con la velocidad Vadillos para en el 19 adelantar al Real Zaragoza. La primera, y para dentro del cesto.<\/p>\n<p><img loading=\"lazy\" decoding=\"async\" aria-describedby=\"caption-attachment-726272\" class=\"wp-image-726272 size-full\" src=\"https:\/\/www.europesays.com\/es\/wp-content\/uploads\/2026\/08\/Ciudad-Deportiva-UD-Logrones-Real-Zaragoza-12-scaled.jpg\" alt=\"\" width=\"2560\" height=\"1441\"  \/><\/p>\n<p id=\"caption-attachment-726272\" class=\"wp-caption-text\">FOTO: Fernando D\u00edaz<\/p>\n<p>Antes, Chinedo tuvo una con la zurda que se march\u00f3 desviada, y un minuto despu\u00e9s, al cuarto de hora, el equipo de Mendia ha mostrado ante Arag\u00f3n entera c\u00f3mo sabe manejar este equipo el juego, pero sin Berto Rosas ni Amigo en el equipo por lesi\u00f3n, la conexi\u00f3n con Baselga a\u00fan est\u00e1 pendiente de desarrollarse para entender hacia d\u00f3nde va ese \u00faltimo pase.<\/p>\n<p>Primera parte controlada por una UD Logro\u00f1\u00e9s que gobernaba con Mar\u00ed, Latif y Zabala en el centro del campo, y con Ismael Santana superando una y otra vez a su par hasta conquistar el gol del empate, por mediaci\u00f3n de Latif, que est\u00e1 brillando en esta pretemporada.<\/p>\n<p><img loading=\"lazy\" decoding=\"async\" aria-describedby=\"caption-attachment-726270\" class=\"wp-image-726270 size-full\" src=\"https:\/\/www.europesays.com\/es\/wp-content\/uploads\/2026\/08\/Ciudad-Deportiva-UD-Logrones-Real-Zaragoza-14-scaled.jpg\" alt=\"\" width=\"2560\" height=\"1720\"  \/><\/p>\n<p id=\"caption-attachment-726270\" class=\"wp-caption-text\">FOTO: Fernando D\u00edaz<\/p>\n<p>Tras el descanso<\/p>\n<p>El Real Zaragoza, que este s\u00e1bado juega otro partido en Castell\u00f3n ante el Villarreal B, hab\u00eda planteado un partido con 16 convocados; otros 16 estar\u00e1n en tierras valencianas. Tienen para elegir. M\u00e1s cambios en una UD Logro\u00f1\u00e9s que sigue con las pruebas t\u00edpicas de estas alturas de preparaci\u00f3n. Han empezado Ferm\u00edn; Navarro, Eder Larrea, Cabetas, Vallejo; Mar\u00ed, Latif, Zabala; Santan, Baselga y Chinedu. Han seguido tras el descanso: Cabetas, Zabala, Santana, Chinedu, Navarro y Baselga. Han entrado: Talliby, Camacho, Bolo, Maroto e Ibai Asenjo.<\/p>\n<p><img loading=\"lazy\" decoding=\"async\" aria-describedby=\"caption-attachment-726264\" class=\"wp-image-726264 size-full\" src=\"https:\/\/www.europesays.com\/es\/wp-content\/uploads\/2026\/08\/Ciudad-Deportiva-UD-Logrones-Real-Zaragoza-20-scaled.jpg\" alt=\"\" width=\"2560\" height=\"1441\"  \/><\/p>\n<p id=\"caption-attachment-726264\" class=\"wp-caption-text\">FOTO: Fernando D\u00edaz<\/p>\n<p>Entonces el partido se ha igualado, el Real Zaragoza ha puesto m\u00e1s argumentos, al menos los suficientes, sin tanto estilo pero s\u00ed efectividad, para marcar el tanto de la victoria en el minuto 75, por mediaci\u00f3n de Tobajas, que ha encontrado el espacio por el costado izquierdo de la defensa blanquirroja.<\/p>\n<p>Prueba de altura: para el equipo, para la Ciudad Deportiva, para el club como entidad, y para una afici\u00f3n que ha visto a los suyos en su casa, bien de cerca.<\/p>\n<p><img decoding=\"async\" src=\"https:\/\/www.europesays.com\/es\/wp-content\/uploads\/2026\/08\/1786741761_743_cabecera-nuevecuatrouno-2026.png\"\/><\/p>\n","protected":false},"excerpt":{"rendered":"COMPARTE POSTEA WHATSAPP Email El olor a hierba reci\u00e9n cortada daba cierta sensaci\u00f3n de frescor en una tarde&hellip;\n","protected":false},"author":2,"featured_media":711624,"comment_status":"","ping_status":"","sticky":false,"template":"","format":"standard","meta":{"footnotes":""},"categories":[268],"tags":[808,168,109993,25,24,280,282,16144,799,281,23,167,104405],"class_list":["post-711623","post","type-post","status-publish","format-standard","has-post-thumbnail","category-futbol","tag-ahora","tag-deportes","tag-deportes-1","tag-es","tag-espana","tag-football","tag-futbol","tag-primera-federacion","tag-real-zaragoza","tag-soccer","tag-spain","tag-sports","tag-ud-logrones"],"share_on_mastodon":{"url":"https:\/\/pubeurope.com\/@es\/117095916322454278","error":""},"_links":{"self":[{"href":"https:\/\/www.europesays.com\/es\/wp-json\/wp\/v2\/posts\/711623","targetHints":{"allow":["GET"]}}],"collection":[{"href":"https:\/\/www.europesays.com\/es\/wp-json\/wp\/v2\/posts"}],"about":[{"href":"https:\/\/www.europesays.com\/es\/wp-json\/wp\/v2\/types\/post"}],"author":[{"embeddable":true,"href":"https:\/\/www.europesays.com\/es\/wp-json\/wp\/v2\/users\/2"}],"replies":[{"embeddable":true,"href":"https:\/\/www.europesays.com\/es\/wp-json\/wp\/v2\/comments?post=711623"}],"version-history":[{"count":0,"href":"https:\/\/www.europesays.com\/es\/wp-json\/wp\/v2\/posts\/711623\/revisions"}],"wp:featuredmedia":[{"embeddable":true,"href":"https:\/\/www.europesays.com\/es\/wp-json\/wp\/v2\/media\/711624"}],"wp:attachment":[{"href":"https:\/\/www.europesays.com\/es\/wp-json\/wp\/v2\/media?parent=711623"}],"wp:term":[{"taxonomy":"category","embeddable":true,"href":"https:\/\/www.europesays.com\/es\/wp-json\/wp\/v2\/categories?post=711623"},{"taxonomy":"post_tag","embeddable":true,"href":"https:\/\/www.europesays.com\/es\/wp-json\/wp\/v2\/tags?post=711623"}],"curies":[{"name":"wp","href":"https:\/\/api.w.org\/{rel}","templated":true}]}}