{"id":711669,"date":"2026-08-14T21:41:12","date_gmt":"2026-08-14T21:41:12","guid":{"rendered":"https:\/\/www.europesays.com\/es\/711669\/"},"modified":"2026-08-14T21:41:12","modified_gmt":"2026-08-14T21:41:12","slug":"por-que-nuestra-piel-empeora-en-verano-no-es-solo-el-sol-tambien-puede-ser-la-microbiota","status":"publish","type":"post","link":"https:\/\/www.europesays.com\/es\/711669\/","title":{"rendered":"Por qu\u00e9 nuestra piel empeora en verano: no es solo el sol, tambi\u00e9n puede ser la microbiota"},"content":{"rendered":"<p class=\"article-text\">\n        Cuando se habla de la piel en verano es normal pensar en las <a href=\"https:\/\/www.eldiario.es\/consumoclaro\/miguel-sanchez-viera-dermatologo-gran-parte-dano-solar-produce-actividades-diarias-pasan-desapercibidas-xp_1_13343866.html\" data-mrf-recirculation=\"links-noticia\" class=\"link\" rel=\"nofollow noopener\" target=\"_blank\">quemaduras solares<\/a>, pero los cambios van a veces m\u00e1s all\u00e1. Muchas personas notan que la dermatitis se activa, que el acn\u00e9 reaparece o que la ros\u00e1cea se irrita m\u00e1s de lo habitual. Aunque se pueda pensar que el calor, el sudor y el sol son los principales culpables, hay otro sistema menos visible que tambi\u00e9n influye: la microbiota intestinal.\n    <\/p>\n<p>    Qu\u00e9 es y c\u00f3mo funciona el eje intestino-piel<\/p>\n","protected":false},"excerpt":{"rendered":"Cuando se habla de la piel en verano es normal pensar en las quemaduras solares, pero los cambios&hellip;\n","protected":false},"author":2,"featured_media":711670,"comment_status":"","ping_status":"","sticky":false,"template":"","format":"standard","meta":{"footnotes":""},"categories":[92],"tags":[6030,3214,4251,6029,3213,6033,6034,6032,6031,25,24,165,2362,6026,4236,166,1601,23,6027,6028],"class_list":["post-711669","post","type-post","status-publish","format-standard","has-post-thumbnail","category-salud","tag-ahorrar","tag-alimentacion","tag-bienestar","tag-cerveza","tag-consumo","tag-consumo-digital","tag-consumoclaro","tag-derechos-consumidores","tag-economia-domestica","tag-es","tag-espana","tag-health","tag-motor","tag-nutricion","tag-perros","tag-salud","tag-sexo","tag-spain","tag-viajar","tag-vino"],"share_on_mastodon":{"url":"","error":""},"_links":{"self":[{"href":"https:\/\/www.europesays.com\/es\/wp-json\/wp\/v2\/posts\/711669","targetHints":{"allow":["GET"]}}],"collection":[{"href":"https:\/\/www.europesays.com\/es\/wp-json\/wp\/v2\/posts"}],"about":[{"href":"https:\/\/www.europesays.com\/es\/wp-json\/wp\/v2\/types\/post"}],"author":[{"embeddable":true,"href":"https:\/\/www.europesays.com\/es\/wp-json\/wp\/v2\/users\/2"}],"replies":[{"embeddable":true,"href":"https:\/\/www.europesays.com\/es\/wp-json\/wp\/v2\/comments?post=711669"}],"version-history":[{"count":0,"href":"https:\/\/www.europesays.com\/es\/wp-json\/wp\/v2\/posts\/711669\/revisions"}],"wp:featuredmedia":[{"embeddable":true,"href":"https:\/\/www.europesays.com\/es\/wp-json\/wp\/v2\/media\/711670"}],"wp:attachment":[{"href":"https:\/\/www.europesays.com\/es\/wp-json\/wp\/v2\/media?parent=711669"}],"wp:term":[{"taxonomy":"category","embeddable":true,"href":"https:\/\/www.europesays.com\/es\/wp-json\/wp\/v2\/categories?post=711669"},{"taxonomy":"post_tag","embeddable":true,"href":"https:\/\/www.europesays.com\/es\/wp-json\/wp\/v2\/tags?post=711669"}],"curies":[{"name":"wp","href":"https:\/\/api.w.org\/{rel}","templated":true}]}}