{"id":71188,"date":"2025-08-25T13:29:08","date_gmt":"2025-08-25T13:29:08","guid":{"rendered":"https:\/\/www.europesays.com\/es\/71188\/"},"modified":"2025-08-25T13:29:08","modified_gmt":"2025-08-25T13:29:08","slug":"el-salvadoreno-kilmar-abrego-simbolo-de-la-reforma-migratoria-de-trump-detenido-de-nuevo-tras-haber-sido-liberado","status":"publish","type":"post","link":"https:\/\/www.europesays.com\/es\/71188\/","title":{"rendered":"El salvadore\u00f1o Kilmar Abrego, s\u00edmbolo de la reforma migratoria de Trump, detenido de nuevo tras haber sido liberado"},"content":{"rendered":"<p style=\"\"><strong>Kilmar Abrego Garc\u00eda<\/strong>, inmigrante indocumentado de El Salvador cuya deportaci\u00f3n lo convirti\u00f3 en uno de los principales s\u00edmbolos de la pol\u00edtica migratoria de<strong> Donald Trump<\/strong>, fue detenido de nuevo este lunes por agentes de Inmigraci\u00f3n (ICE) en Baltimore, apenas tres d\u00edas despu\u00e9s  &#8230; de que una jueza federal ordenara su puesta en libertad.<\/p>\n<p class=\"voc-p\" style=\"\">Abrego hab\u00eda sido arrestado y deportado en marzo, pese a contar con una orden judicial que imped\u00eda su expulsi\u00f3n. Fue trasladado a El Salvador y recluido en el penal de m\u00e1xima seguridad CECOT, s\u00edmbolo de la pol\u00edtica de <strong>Nayib Bukele <\/strong>contra las bandas y pandillas. Su caso desat\u00f3 una batalla legal entre la Administraci\u00f3n Trump y los tribunales, que culmin\u00f3 en junio, cuando el Tribunal Supremo oblig\u00f3 al Gobierno a facilitar su regreso a Estados Unidos. A su llegada, fiscales en Tennessee lo imputaron por un caso de tr\u00e1fico de inmigrantes, derivado de un control de carretera en 2022 que nunca fue aclarado.<\/p>\n<p class=\"voc-p\" style=\"\">El viernes pasado, la jueza federal <strong>Barbara Holmes <\/strong>concluy\u00f3 que Abrego no representaba un riesgo de fuga ni una amenaza y orden\u00f3 su excarcelaci\u00f3n. Sin embargo, el lunes, al acudir a una cita rutinaria con ICE en Maryland, fue arrestado nuevamente. Seg\u00fan sus abogados, el Gobierno busca deportarlo de manera inminente a Uganda, una medida que consideran un intento de coacci\u00f3n para que acepte una salida negociada hacia Costa Rica. Una orden judicial en Maryland obliga a las autoridades a concederle al menos 72 horas para recurrir su deportaci\u00f3n a un pa\u00eds alternativo.<\/p>\n<p class=\"voc-p\" style=\"\">Trump ha firmado un acuerdo con Uganda, en \u00c1frica, para que acepte deportados de todas las nacionalidades.<\/p>\n<p class=\"voc-p\" style=\"\">Casado con una ciudadana estadounidense y padre de una hija estadounidense, Abrego insiste en que huy\u00f3 de El Salvador por el acoso de la mara salvatrucha. \u00c9l y su familia rechazan cualquier v\u00ednculo con esa pandilla, conocida como MS-13 tambi\u00e9n, acusaci\u00f3n que la Administraci\u00f3n Trump ha utilizado para justificar su expulsi\u00f3n. Sus abogados califican el proceso como una \u00abpersecuci\u00f3n selectiva\u00bb y sostienen que se trata de un castigo por haber desafiado al Gobierno en los tribunales.<\/p>\n<p class=\"voc-p\" style=\"\">A las puertas de la oficina de ICE en Baltimore, decenas de activistas y simpatizantes se congregaron con pancartas de \u00abFree Kilmar\u00bb, seg\u00fan la agencia Afp. Antes de entrar al edificio, Abrego se dirigi\u00f3 a ellos en espa\u00f1ol, agradeci\u00f3 el apoyo y calific\u00f3 su breve liberaci\u00f3n de \u00abmilagro\u00bb. \u00abProm\u00e9tanme que seguir\u00e1n peleando, rezando y creyendo en la dignidad y en la libertad, no solo por m\u00ed, sino por todos\u00bb, pidi\u00f3, en un mensaje que extendi\u00f3 a las familias separadas por las deportaciones masivas. \u00abAunque la justicia nos golpee fuerte, no perdamos la fe. Dios est\u00e1 con nosotros\u00bb, a\u00f1adi\u00f3.<\/p>\n<p class=\"voc-p\" style=\"\">El caso Abrego, pendiente del juicio por tr\u00e1fico de inmigrantes, se ha convertido en una prueba de fuerza entre la Administraci\u00f3n Trump y el poder judicial sobre los l\u00edmites de la deportaci\u00f3n. Activistas migratorios consideran que su situaci\u00f3n refleja una estrategia m\u00e1s amplia de presionar a acusados mediante amenazas de expulsi\u00f3n a terceros pa\u00edses.<\/p>\n","protected":false},"excerpt":{"rendered":"Kilmar Abrego Garc\u00eda, inmigrante indocumentado de El Salvador cuya deportaci\u00f3n lo convirti\u00f3 en uno de los principales s\u00edmbolos&hellip;\n","protected":false},"author":2,"featured_media":71189,"comment_status":"","ping_status":"","sticky":false,"template":"","format":"standard","meta":{"footnotes":""},"categories":[42],"tags":[28246,17,18,8838,13,14,6633,11,61,62,63,64,28245,19,20,28247,12544,9,10,15,16,524,14824,28244,6943,12,575,936,21,22,65,66,67],"class_list":{"0":"post-71188","1":"post","2":"type-post","3":"status-publish","4":"format-standard","5":"has-post-thumbnail","7":"category-internacional","8":"tag-abrego","9":"tag-breaking-news","10":"tag-breakingnews","11":"tag-detenido","12":"tag-featured-news","13":"tag-featurednews","14":"tag-haber","15":"tag-headlines","16":"tag-internacional","17":"tag-international","18":"tag-international-news","19":"tag-internationalnews","20":"tag-kilmar","21":"tag-latest-news","22":"tag-latestnews","23":"tag-liberado","24":"tag-migratoria","25":"tag-news","26":"tag-noticias","27":"tag-noticias-destacadas","28":"tag-noticiasdestacadas","29":"tag-nuevo","30":"tag-reforma","31":"tag-salvadoreno","32":"tag-simbolo","33":"tag-titulares","34":"tag-tras","35":"tag-trump","36":"tag-ultimas-noticias","37":"tag-ultimasnoticias","38":"tag-world","39":"tag-world-news","40":"tag-worldnews"},"share_on_mastodon":{"url":"","error":""},"_links":{"self":[{"href":"https:\/\/www.europesays.com\/es\/wp-json\/wp\/v2\/posts\/71188","targetHints":{"allow":["GET"]}}],"collection":[{"href":"https:\/\/www.europesays.com\/es\/wp-json\/wp\/v2\/posts"}],"about":[{"href":"https:\/\/www.europesays.com\/es\/wp-json\/wp\/v2\/types\/post"}],"author":[{"embeddable":true,"href":"https:\/\/www.europesays.com\/es\/wp-json\/wp\/v2\/users\/2"}],"replies":[{"embeddable":true,"href":"https:\/\/www.europesays.com\/es\/wp-json\/wp\/v2\/comments?post=71188"}],"version-history":[{"count":0,"href":"https:\/\/www.europesays.com\/es\/wp-json\/wp\/v2\/posts\/71188\/revisions"}],"wp:featuredmedia":[{"embeddable":true,"href":"https:\/\/www.europesays.com\/es\/wp-json\/wp\/v2\/media\/71189"}],"wp:attachment":[{"href":"https:\/\/www.europesays.com\/es\/wp-json\/wp\/v2\/media?parent=71188"}],"wp:term":[{"taxonomy":"category","embeddable":true,"href":"https:\/\/www.europesays.com\/es\/wp-json\/wp\/v2\/categories?post=71188"},{"taxonomy":"post_tag","embeddable":true,"href":"https:\/\/www.europesays.com\/es\/wp-json\/wp\/v2\/tags?post=71188"}],"curies":[{"name":"wp","href":"https:\/\/api.w.org\/{rel}","templated":true}]}}