{"id":711885,"date":"2026-08-15T00:37:20","date_gmt":"2026-08-15T00:37:20","guid":{"rendered":"https:\/\/www.europesays.com\/es\/711885\/"},"modified":"2026-08-15T00:37:20","modified_gmt":"2026-08-15T00:37:20","slug":"un-incendio-forestal-en-croacia-deja-al-menos-10-personas-en-la-uci-y-miles-de-evacuados","status":"publish","type":"post","link":"https:\/\/www.europesays.com\/es\/711885\/","title":{"rendered":"Un incendio forestal en Croacia deja al menos 10 personas en la UCI y miles de evacuados"},"content":{"rendered":"<p><a href=\"https:\/\/es.euronews.com\/video\/2026\/08\/14\/incendio-en-croacia-cerca-de-omis-hiere-a-vecinos-y-altera-los-viajes-de-vacaciones\" rel=\"nofollow noopener\" target=\"_blank\"><strong>Un incendio forestal en la costa de Croacia<\/strong><\/a> ha dejado al menos <strong>a 10 personas en cuidados intensivos y decenas m\u00e1s heridas<\/strong>, despu\u00e9s de que los Bomberos lucharan durante la noche contra uno de los peores incendios de la historia del pa\u00eds, seg\u00fan informaron las autoridades.<\/p>\n<p>          <img decoding=\"async\" class=\"c-ad__placeholder__logo\" src=\"https:\/\/static.euronews.com\/website\/images\/logos\/logo-euronews-stacked-outlined-72x72-grey-9.svg\" width=\"72\" height=\"72\" alt=\"\" loading=\"lazy\"\/><br \/>\n          PUBLICIDAD<\/p>\n<p>          <img decoding=\"async\" class=\"c-ad__placeholder__logo\" src=\"https:\/\/static.euronews.com\/website\/images\/logos\/logo-euronews-stacked-outlined-72x72-grey-9.svg\" width=\"72\" height=\"72\" alt=\"\" loading=\"lazy\"\/><br \/>\n          PUBLICIDAD<\/p>\n<p>Alrededor de <a href=\"https:\/\/es.euronews.com\/video\/2026\/08\/14\/incendio-obliga-a-evacuar-a-1000-personas-mientras-las-llamas-arrasan-la-costa-de-croacia\" rel=\"nofollow noopener\" target=\"_blank\"><strong>2.000 personas fueron evacuadas<\/strong><\/a> de los pueblos cercanos mientras el fuego arrasaba las colinas circundantes, da\u00f1ando viviendas y destruyendo veh\u00edculos en la madrugada del viernes.<\/p>\n<p>Cuando se reabri\u00f3 el acceso a media ma\u00f1ana, la agencia de noticias AFP observ\u00f3 los <strong>restos carbonizados de varios autom\u00f3viles<\/strong> calcinados en las carreteras cercanas a Omi\u0161, algunos rodeados de charcos plateados de metal fundido por el intenso calor del fuego.<\/p>\n<p>Varios edificios de la zona tambi\u00e9n resultaron da\u00f1ados por el incendio, y algunas <strong>estructuras cercanas quedaron completamente destruidas<\/strong>. Durante una visita a la zona, <strong>el primer ministro Andrej Plenkovi\u0107<\/strong> destac\u00f3 la gravedad del incendio y elogi\u00f3 la labor de los Bomberos.<\/p>\n<p>\u00abEl incendio se propag\u00f3 a la velocidad del rayo\u00bb, declar\u00f3 a los periodistas. \u00abLo que los Bomberos lograron salvar es un verdadero milagro\u00bb. Plenkovi\u0107 se\u00f1al\u00f3 que se trata de una regi\u00f3n \u00abmuy densamente poblada\u00bb, con una ciudad de <strong>15.000 habitantes<\/strong>, a la que se suman actualmente 12.000 turistas.<\/p>\n<p>Funcionarios del hospital informaron que hasta el momento 40 personas han sido ingresadas en el hospital de Split, <strong>entre ellas un turista alem\u00e1n y otro polaco<\/strong>. Cerca de 300 bomberos fueron desplegados durante la noche, pero a menudo se vieron superados por el avance del fuego, seg\u00fan el jefe de bomberos del pa\u00eds, Slavko Tucakovi\u0107, quien lo describi\u00f3 como \u00abuno de los peores incendios en la historia de Croacia\u00bb. \u00abEra aterrador incluso verlo. Muchas casas, caf\u00e9s, restaurantes, coches y barcos que se encontraban en tierra firme resultaron da\u00f1ados\u00bb, declar\u00f3 a la radio nacional.<\/p>\n<p>Turistas h\u00fangaros tambi\u00e9n quedan en la ruta del fuego<\/p>\n<p>Seg\u00fan inform\u00f3 el viernes por la ma\u00f1ana la <strong>ministra de Exteriores de Hungr\u00eda, Anita Orb\u00e1n<\/strong>, al menos 58 ciudadanos h\u00fangaros tuvieron que ser evacuados de la zona afectada. Unos 45 fueron alojados en un pabell\u00f3n deportivo y otras <strong>13 personas fueron trasladadas a otro lugar seguro<\/strong>. Dos familias h\u00fangaras, en total siete personas, solo pudieron abandonar la zona amenazada a pie, sus veh\u00edculos presumiblemente quedaron en el fuego.<\/p>\n<p><strong>Un ciudadano h\u00fangaro result\u00f3 herido<\/strong>, fue trasladado al hospital de Split con lesiones leves en las extremidades. Seg\u00fan el Ministerio de Asuntos Exteriores h\u00fangaro, por el momento no hay constancia de otros h\u00fangaros heridos. En el lugar dos polic\u00edas h\u00fangaros tambi\u00e9n participaron en las labores de asistencia consular.<\/p>\n<p>En las horas m\u00e1s cr\u00edticas <strong>participaron 286 bomberos, unos 90 veh\u00edculos<\/strong> y cuatro aviones en las labores de extinci\u00f3n. Uno de los barcos de la Marina croata tambi\u00e9n se mantuvo en alerta por si era necesario evacuar a m\u00e1s personas por mar. Parte de la poblaci\u00f3n y de los turistas fue efectivamente trasladada a un lugar seguro en barco.<\/p>\n<p>Seg\u00fan el balance de las autoridades sanitarias de Split del viernes por la ma\u00f1ana, 36 personas requirieron atenci\u00f3n m\u00e9dica, 14 fueron ingresadas en el hospital y el estado de siete se calific\u00f3 de cr\u00edtico. <strong>Muchos heridos sufrieron quemaduras o inhalaci\u00f3n de humo<\/strong>. En Omi\u0161, Dugi Rat, Makarska y Split se habilitaron centros de acogida temporales para las personas evacuadas.<\/p>\n<p>En la ma\u00f1ana del viernes la intensidad del incendio en la zona de Omi\u0161 <strong>se redujo de forma significativa<\/strong>, en muchos puntos ya no se ve\u00edan llamas, aunque continuaban las tareas de extinci\u00f3n y los trabajos posteriores. Seg\u00fan las autoridades, se logr\u00f3 impedir una nueva propagaci\u00f3n masiva del fuego. <\/p>\n<p>No solo arde Omi\u0161<\/p>\n<p>La situaci\u00f3n se complica porque los bomberos croatas luchan al mismo tiempo contra varios focos. La ma\u00f1ana del viernes <strong>se declar\u00f3 otro gran incendio forestal en la pen\u00ednsula de Pelje\u0161ac<\/strong>, cerca de Kuna Pelje\u0161ka, donde arden pastizales, matorral y pinares. Hasta all\u00ed se desviaron cuatro hidroaviones Canadair CL-415. En los d\u00edas anteriores tambi\u00e9n se produjeron incendios en la isla de Bra\u010d, en la zona de \u0160krljevo, en Hvar, Kor\u010dula y en varios puntos de la costa d\u00e1lmata.<\/p>\n<p>En esta cat\u00e1strofe se ha producido una combinaci\u00f3n <strong>especialmente peligrosa de un largo periodo de sequ\u00eda<\/strong>, vegetaci\u00f3n mediterr\u00e1nea reseca, altas temperaturas y viento fuerte. Una situaci\u00f3n similar ha provocado en las \u00faltimas semanas numerosos incendios forestales en varias regiones de Europa; en <a href=\"https:\/\/es.euronews.com\/my-europe\/2026\/08\/14\/un-muro-de-fuego-obliga-a-evacuar-por-mar-en-grecia-mientras-los-incendios-siguen-en-europ\" rel=\"nofollow noopener\" target=\"_blank\"><strong>Francia, Espa\u00f1a y Grecia<\/strong><\/a> tambi\u00e9n se han quemado grandes superficies y ha sido necesario organizar evacuaciones masivas.<\/p>\n<p>Adem\u00e1s, el incendio en Croacia arrasa en pleno pico de la temporada tur\u00edstica en uno de <strong>los tramos de costa m\u00e1s concurridos del pa\u00eds<\/strong>. Entre Omi\u0161 y Split se registraron cortes de carretera e importantes retenciones, mientras miles de turistas intentaban abandonar o evitar la zona de riesgo. Tambi\u00e9n hubo que cerrar un tramo de la carretera costera Jadranska Magistrala.<\/p>\n","protected":false},"excerpt":{"rendered":"Un incendio forestal en la costa de Croacia ha dejado al menos a 10 personas en cuidados intensivos&hellip;\n","protected":false},"author":2,"featured_media":711886,"comment_status":"","ping_status":"","sticky":false,"template":"","format":"standard","meta":{"footnotes":""},"categories":[42],"tags":[17,18,818,700,13,14,11,3345,8877,61,62,63,64,19,20,9,10,15,93331,16,12,21,22,14281,65,66,67],"class_list":["post-711885","post","type-post","status-publish","format-standard","has-post-thumbnail","category-internacional","tag-breaking-news","tag-breakingnews","tag-croacia","tag-europa","tag-featured-news","tag-featurednews","tag-headlines","tag-hospital","tag-incendios-forestales","tag-internacional","tag-international","tag-international-news","tag-internationalnews","tag-latest-news","tag-latestnews","tag-news","tag-noticias","tag-noticias-destacadas","tag-noticias-internacionales","tag-noticiasdestacadas","tag-titulares","tag-ultimas-noticias","tag-ultimasnoticias","tag-victima","tag-world","tag-world-news","tag-worldnews"],"share_on_mastodon":{"url":"https:\/\/pubeurope.com\/@es\/117096732771869373","error":""},"_links":{"self":[{"href":"https:\/\/www.europesays.com\/es\/wp-json\/wp\/v2\/posts\/711885","targetHints":{"allow":["GET"]}}],"collection":[{"href":"https:\/\/www.europesays.com\/es\/wp-json\/wp\/v2\/posts"}],"about":[{"href":"https:\/\/www.europesays.com\/es\/wp-json\/wp\/v2\/types\/post"}],"author":[{"embeddable":true,"href":"https:\/\/www.europesays.com\/es\/wp-json\/wp\/v2\/users\/2"}],"replies":[{"embeddable":true,"href":"https:\/\/www.europesays.com\/es\/wp-json\/wp\/v2\/comments?post=711885"}],"version-history":[{"count":0,"href":"https:\/\/www.europesays.com\/es\/wp-json\/wp\/v2\/posts\/711885\/revisions"}],"wp:featuredmedia":[{"embeddable":true,"href":"https:\/\/www.europesays.com\/es\/wp-json\/wp\/v2\/media\/711886"}],"wp:attachment":[{"href":"https:\/\/www.europesays.com\/es\/wp-json\/wp\/v2\/media?parent=711885"}],"wp:term":[{"taxonomy":"category","embeddable":true,"href":"https:\/\/www.europesays.com\/es\/wp-json\/wp\/v2\/categories?post=711885"},{"taxonomy":"post_tag","embeddable":true,"href":"https:\/\/www.europesays.com\/es\/wp-json\/wp\/v2\/tags?post=711885"}],"curies":[{"name":"wp","href":"https:\/\/api.w.org\/{rel}","templated":true}]}}