{"id":711967,"date":"2026-08-15T02:08:14","date_gmt":"2026-08-15T02:08:14","guid":{"rendered":"https:\/\/www.europesays.com\/es\/711967\/"},"modified":"2026-08-15T02:08:14","modified_gmt":"2026-08-15T02:08:14","slug":"la-portada-de-sport-de-hoy-sabado-15-de-agosto-de-2026","status":"publish","type":"post","link":"https:\/\/www.europesays.com\/es\/711967\/","title":{"rendered":"La portada de SPORT de hoy s\u00e1bado, 15 de agosto de 2026"},"content":{"rendered":"<p class=\"ft-text\"><strong>El Bar\u00e7a espera que Rodri pueda presentarse la pr\u00f3xima semana con ocasi\u00f3n del trofeo Joan Gamper. El madrile\u00f1o protagoniza la portada de SPORT de este s\u00e1bado<\/strong>,. despu\u00e9s de reincorporarse a los entrenamientos del Manchester City pero confiando en que el fichaje por el Bar\u00e7a se cierre en los pr\u00f3ximos d\u00edas. Desde el club barcelonista se piensa en subir la oferta hasta los 65 millones m\u00e1s 15 en variables para concluir esta operaci\u00f3n.<\/p>\n<p><img decoding=\"async\" src=\"https:\/\/www.europesays.com\/es\/wp-content\/uploads\/2026\/08\/12b637ee-a5c8-4311-8350-f84ed42f1647_alta-libre-aspect-ratio_default_0_x853y699.jpg\" width=\"1200\" height=\"1474\" alt=\"Esta es la portada de SPORT de hoy s\u00e1bado, 15 de agosto de 2026\" class=\"ft-helper-img-rd\" loading=\"lazy\" fetchpriority=\"auto\"\/><\/p>\n<p class=\"ft-helper-fontColor-quaternary ft-helper-fontSize-body-S ft-helper-spacer-t-xxs\">Esta es la portada de SPORT de hoy  \/ SPORT.es<\/p>\n<p class=\"ft-text\">Por otro lado, <strong>el frente abierto con Juli\u00e1n \u00c1lvarez ya tiene fecha l\u00edmite. El Bar\u00e7a da hasta la pr\u00f3xima semana para cerrar o no el fichaje del argentino del Atl\u00e9tico<\/strong>. La negociaci\u00f3n sigue su curso a la espera de novedades, aunque el Atl\u00e9tico sigue en sus trece.<\/p>\n<p class=\"ft-text\">Quien habl\u00f3 ayer fue <strong>Frenkie de Jong. El centrocampista neerland\u00e9s se sincer\u00f3 en una entrevista a los medios oficiales del Bar\u00e7a y mostr\u00f3 so enfado con el entorno<\/strong>: \u00abHay mucho ruido a mi alrededor\u00bb.<\/p>\n<p class=\"ft-text\">En Madrid, <strong>Kylian Mbapp\u00e9 mostr\u00f3 su cara m\u00e1s ambiciosa hablando sobre quien ya es su nuevo entrenador en el Real Madrid, Jos\u00e9 Mourinho<\/strong>. \u00abSabe como ganar\u00bb, dijo el galo del portugu\u00e9s.<\/p>\n<p class=\"ft-text\">Bar\u00e7a y Real Madrid a\u00fan no debutan en <strong>LaLiga EA Sports, que alza hoy el tel\u00f3n en Mendizorroza. Alav\u00e9s y Getafe se enfrentan en el primer partido de la temporada<\/strong> 2026-2027.<\/p>\n<p class=\"ft-text\">Y siguen los Europeos de Birmingham de atletismo con una <strong>decepci\u00f3n para la delegaci\u00f3n espa\u00f1ola: no habr\u00e1 representantes en la final del 1.500<\/strong>, en la que figuraban entre los favoritos.<\/p>\n<p class=\"ft-text\">Todo esto y mucho m\u00e1s, <strong>hoy con su SPORT. Desde primera hora, en su punto de venta habitual.<\/strong><\/p>\n","protected":false},"excerpt":{"rendered":"El Bar\u00e7a espera que Rodri pueda presentarse la pr\u00f3xima semana con ocasi\u00f3n del trofeo Joan Gamper. El madrile\u00f1o&hellip;\n","protected":false},"author":2,"featured_media":711968,"comment_status":"","ping_status":"","sticky":false,"template":"","format":"standard","meta":{"footnotes":""},"categories":[93],"tags":[9122,168,25,24,315,338,35098,3397,23,3020,167],"class_list":["post-711967","post","type-post","status-publish","format-standard","has-post-thumbnail","category-deportes","tag-9122","tag-deportes","tag-es","tag-espana","tag-hoy","tag-portada","tag-rodri","tag-sabado","tag-spain","tag-sport","tag-sports"],"share_on_mastodon":{"url":"","error":""},"_links":{"self":[{"href":"https:\/\/www.europesays.com\/es\/wp-json\/wp\/v2\/posts\/711967","targetHints":{"allow":["GET"]}}],"collection":[{"href":"https:\/\/www.europesays.com\/es\/wp-json\/wp\/v2\/posts"}],"about":[{"href":"https:\/\/www.europesays.com\/es\/wp-json\/wp\/v2\/types\/post"}],"author":[{"embeddable":true,"href":"https:\/\/www.europesays.com\/es\/wp-json\/wp\/v2\/users\/2"}],"replies":[{"embeddable":true,"href":"https:\/\/www.europesays.com\/es\/wp-json\/wp\/v2\/comments?post=711967"}],"version-history":[{"count":0,"href":"https:\/\/www.europesays.com\/es\/wp-json\/wp\/v2\/posts\/711967\/revisions"}],"wp:featuredmedia":[{"embeddable":true,"href":"https:\/\/www.europesays.com\/es\/wp-json\/wp\/v2\/media\/711968"}],"wp:attachment":[{"href":"https:\/\/www.europesays.com\/es\/wp-json\/wp\/v2\/media?parent=711967"}],"wp:term":[{"taxonomy":"category","embeddable":true,"href":"https:\/\/www.europesays.com\/es\/wp-json\/wp\/v2\/categories?post=711967"},{"taxonomy":"post_tag","embeddable":true,"href":"https:\/\/www.europesays.com\/es\/wp-json\/wp\/v2\/tags?post=711967"}],"curies":[{"name":"wp","href":"https:\/\/api.w.org\/{rel}","templated":true}]}}