{"id":712037,"date":"2026-08-15T03:23:35","date_gmt":"2026-08-15T03:23:35","guid":{"rendered":"https:\/\/www.europesays.com\/es\/712037\/"},"modified":"2026-08-15T03:23:35","modified_gmt":"2026-08-15T03:23:35","slug":"digi-group-registra-perdidas-de-482-millones-en-el-primer-semestre-pese-a-aumentar-sus-ingresos-un-11-empresas","status":"publish","type":"post","link":"https:\/\/www.europesays.com\/es\/712037\/","title":{"rendered":"Digi Group registra p\u00e9rdidas de 48,2 millones en el primer semestre pese a aumentar sus ingresos un 11% | Empresas"},"content":{"rendered":"<p class=\"\">Digi Communications registr\u00f3 unas p\u00e9rdidas netas atribuidas de 48,2 millones de euros en el primer semestre de 2026, frente al beneficio neto de 5 millones de euros obtenido en el mismo per\u00edodo del a\u00f1o anterior, seg\u00fan el informe financiero no auditado remitido este viernes a la Autoridad de Supervisi\u00f3n Financiera de Ruman\u00eda y a la Bolsa de Valores de Bucarest. El incremento de los costes operativos de la filial espa\u00f1ola, que adelant\u00f3 ayer sus resultados semestrales, lastr\u00f3 las cuentas del grupo rumano.<\/p>\n<p class=\"\">Los ingresos consolidados del grupo de telecomunicaciones alcanzaron los 1.190,7 millones de euros entre enero y junio, lo que representa un incremento interanual del 10,6% en comparaci\u00f3n con los 1.076,8 millones de euros contabilizados en la primera mitad de 2025.El beneficio operativo (Ebit) totaliz\u00f3 76,6 millones de euros hasta junio, una reducci\u00f3n del 1,7% respecto a los 77,9 millones de euros del ejercicio precedente. Por su parte, el resultado bruto de explotaci\u00f3n (Ebitda) aument\u00f3 un 11,4% interanual para situarse en 411,7 millones de euros.<\/p>\n<p class=\"\">Por demarcaciones geogr\u00e1ficas, la facturaci\u00f3n en Ruman\u00eda creci\u00f3 un 7,2% hasta los 623,3 millones de euros. En Espa\u00f1a, segundo mercado de la compa\u00f1\u00eda por volumen de negocio, la cifra de ingresos ascendi\u00f3 a 515 millones de euros, un 15,7% m\u00e1s que los 445,0 millones de euros registrados en el primer semestre del a\u00f1o anterior.<\/p>\n<p class=\"\">Pese al crecimiento de las ventas en el mercado espa\u00f1ol, la filial Digi Spain Telecom \u2014que debut\u00f3 en la Bolsa espa\u00f1ola el pasado 16 de julio\u2014 cerr\u00f3 los primeros seis meses con una p\u00e9rdida neta atribuida de 14,5 millones de euros, frente a los n\u00fameros rojos de 1 mill\u00f3n de euros del mismo per\u00edodo de 2025.<\/p>\n<p class=\"\">\u201cLa primera mitad del a\u00f1o ofreci\u00f3 otro s\u00f3lido conjunto de resultados para la compa\u00f1\u00eda, en l\u00ednea con nuestras expectativas y reflejando la ejecuci\u00f3n consistente de la estrategia en todos nuestros mercados\u201d, declar\u00f3 el consejero delegado de Digi Communications, Serghei Bulgac, en el comunicado corporativo.<\/p>\n","protected":false},"excerpt":{"rendered":"Digi Communications registr\u00f3 unas p\u00e9rdidas netas atribuidas de 48,2 millones de euros en el primer semestre de 2026,&hellip;\n","protected":false},"author":2,"featured_media":712038,"comment_status":"","ping_status":"","sticky":false,"template":"","format":"standard","meta":{"footnotes":""},"categories":[80],"tags":[82,54116,41955,95,94,2308,25,24,14473,23,6538,2307,42445,21372],"class_list":["post-712037","post","type-post","status-publish","format-standard","has-post-thumbnail","category-economia","tag-business","tag-cuenta-resultados","tag-digi-mobil","tag-economia","tag-economy","tag-empresas","tag-es","tag-espana","tag-fibra-optica","tag-spain","tag-telecomunicaciones","tag-telefonia","tag-telefonia-5g","tag-telefonia-movil"],"share_on_mastodon":{"url":"https:\/\/pubeurope.com\/@es\/117097385750725598","error":""},"_links":{"self":[{"href":"https:\/\/www.europesays.com\/es\/wp-json\/wp\/v2\/posts\/712037","targetHints":{"allow":["GET"]}}],"collection":[{"href":"https:\/\/www.europesays.com\/es\/wp-json\/wp\/v2\/posts"}],"about":[{"href":"https:\/\/www.europesays.com\/es\/wp-json\/wp\/v2\/types\/post"}],"author":[{"embeddable":true,"href":"https:\/\/www.europesays.com\/es\/wp-json\/wp\/v2\/users\/2"}],"replies":[{"embeddable":true,"href":"https:\/\/www.europesays.com\/es\/wp-json\/wp\/v2\/comments?post=712037"}],"version-history":[{"count":0,"href":"https:\/\/www.europesays.com\/es\/wp-json\/wp\/v2\/posts\/712037\/revisions"}],"wp:featuredmedia":[{"embeddable":true,"href":"https:\/\/www.europesays.com\/es\/wp-json\/wp\/v2\/media\/712038"}],"wp:attachment":[{"href":"https:\/\/www.europesays.com\/es\/wp-json\/wp\/v2\/media?parent=712037"}],"wp:term":[{"taxonomy":"category","embeddable":true,"href":"https:\/\/www.europesays.com\/es\/wp-json\/wp\/v2\/categories?post=712037"},{"taxonomy":"post_tag","embeddable":true,"href":"https:\/\/www.europesays.com\/es\/wp-json\/wp\/v2\/tags?post=712037"}],"curies":[{"name":"wp","href":"https:\/\/api.w.org\/{rel}","templated":true}]}}