{"id":712227,"date":"2026-08-15T06:33:21","date_gmt":"2026-08-15T06:33:21","guid":{"rendered":"https:\/\/www.europesays.com\/es\/712227\/"},"modified":"2026-08-15T06:33:21","modified_gmt":"2026-08-15T06:33:21","slug":"el-pp-vuelve-a-citar-a-marlaska-en-el-senado-pese-a-que-el-gobierno-avisa-de-que-no-acudira","status":"publish","type":"post","link":"https:\/\/www.europesays.com\/es\/712227\/","title":{"rendered":"El PP vuelve a citar a Marlaska en el Senado pese a que el Gobierno avisa de que no acudir\u00e1"},"content":{"rendered":"<p>El PP no piensa dejar que la silla vac\u00eda de <a title=\"Fernando Grande-Marlaska \" href=\"https:\/\/www.larazon.es\/espana\/marlaska-vuelve-ceuta-ministro-todas-crisis-sanchez_202608136a7d87e7a5690f047377634a.html\" target=\"_blank\" rel=\"nofollow noopener\">Fernando Grande-Marlaska <\/a>obstaculice su ofensiva contra el Gobierno por la crisis de Ceuta. Los populares han vuelto a utilizar su mayor\u00eda absoluta en el Senado para convocar al ministro del Interior el pr\u00f3ximo jueves, 20 de agosto, apenas ocho d\u00edas despu\u00e9s de que el titular del departamento se ausentara de la primera <b>comparecencia extraordinaria organizada por la C\u00e1mara Alta.<\/b><\/p>\n<p>El resultado, sin embargo, amenaza con ser el mismo. El Gobierno ya ha adelantado que <b>Marlaska tampoco acudir\u00e1 a esta segunda convocatoria<\/b>, al considerar que el ministro ha fijado su propio calendario para rendir cuentas sobre lo sucedido en Ceuta y que lo har\u00e1 pr\u00f3ximamente en el Congreso de los Diputados.<\/p>\n<p>La nueva citaci\u00f3n convierte en un pulso institucional lo que comenz\u00f3 siendo una batalla por el calendario parlamentario. El PP habilit\u00f3 agosto en el Senado, donde dispone de mayor\u00eda absoluta, para obligar a comparecer a los tres ministros situados en primera l\u00ednea de la crisis: <b>Marlaska, por la gesti\u00f3n de la frontera y de las Fuerzas y Cuerpos de Seguridad; Jos\u00e9 Manuel Albares, por la relaci\u00f3n con Rabat; y Margarita Robles, por la intervenci\u00f3n de las Fuerzas Armadas y las actuaciones correspondientes a Defensa<\/b>.<\/p>\n<p>Pero Moncloa se ha resistido desde el principio. El Ejecutivo sostiene que los ministros ya han solicitado comparecer en el Congreso y rechaza que el PP utilice su mayor\u00eda en la C\u00e1mara Alta para imponer unas fechas diferentes. La discrepancia ya no est\u00e1, por tanto, en si los ministros deben explicar lo sucedido, sino en qui\u00e9n decide cu\u00e1ndo y d\u00f3nde lo hacen.<\/p>\n<p><b>El primer choque se produjo esta semana.<\/b> La Comisi\u00f3n de Interior del Senado se reuni\u00f3 el mi\u00e9rcoles para escuchar a Marlaska, pero el ministro no apareci\u00f3. A la sesi\u00f3n \u00fanicamente asistieron representantes de PP, Vox y Junts, mientras el resto de grupos tampoco particip\u00f3 en una comparecencia que termin\u00f3 teniendo como protagonista precisamente a quien faltaba.<\/p>\n<p>La silla vac\u00eda de Marlaska se convirti\u00f3 inmediatamente en el argumento de la oposici\u00f3n. PP y Vox acusaron al ministro de eludir el control parlamentario y anunciaron durante la propia sesi\u00f3n que promover\u00edan una nueva convocatoria para tratar de obligarle a comparecer antes de que lo hiciera en el Congreso.<\/p>\n<p>Dicho y hecho. El orden del d\u00eda del Senado para la pr\u00f3xima semana incluye <b>una nueva reuni\u00f3n extraordinaria de la Comisi\u00f3n de Interior para el jueves 20<\/b>. Marlaska volver\u00e1 a estar citado y, salvo cambio de criterio del Gobierno, volver\u00e1 a faltar.<\/p>\n<p>Los populares pretenden mantener as\u00ed abierta durante agosto una fotograf\u00eda especialmente inc\u00f3moda para Moncloa: una comisi\u00f3n parlamentaria constituida para fiscalizar la actuaci\u00f3n del Gobierno y un asiento reservado para un ministro que decide no ocuparlo.<\/p>\n<p><b>La ofensiva no se limita a Interior.<\/b> El PP ha tratado de llevar al Senado tambi\u00e9n a Albares y Robles. La titular de Defensa lleg\u00f3 a mostrar su disposici\u00f3n a comparecer el 18 de agosto, pero finalmente comunic\u00f3 por carta al presidente del Senado, Pedro Roll\u00e1n, que necesitaba m\u00e1s tiempo para preparar una explicaci\u00f3n \u00abprecisa y exhaustiva\u00bb y emplaz\u00f3 su presencia en la C\u00e1mara Alta al periodo ordinario de sesiones, en septiembre. Antes s\u00ed acudir\u00e1 al Congreso.<\/p>\n<p>La estrategia del PP consiste precisamente en explotar esa contradicci\u00f3n. Los ministros han acudido a Ceuta para dar una imagen de control sobre el terreno, pero el Gobierno rechaza que comparezcan ahora en el Senado en las fechas fijadas por la oposici\u00f3n.<b> Marlaska ha visitado incluso dos veces la ciudad aut\u00f3noma desde que estall\u00f3 la crisis.<\/b><\/p>\n<p>G\u00e9nova quiere convertir el calendario en una cuesti\u00f3n de rendici\u00f3n de cuentas. Moncloa, por su parte, pretende evitar que la mayor\u00eda absoluta del PP en el Senado le arrebate el control sobre los tiempos de una crisis que todav\u00eda contin\u00faa abierta.<\/p>\n<p><b>Por eso el pr\u00f3ximo jueves puede repetirse exactamente la misma escena<\/b>. La Comisi\u00f3n de Interior volver\u00e1 a reunirse. El PP volver\u00e1 a preguntar por Ceuta. Y Marlaska volver\u00e1 a estar convocado.<\/p>\n<p>La diferencia es que, esta vez, todos saben de antemano que su silla puede volver a quedarse vac\u00eda.<\/p>\n","protected":false},"excerpt":{"rendered":"El PP no piensa dejar que la silla vac\u00eda de Fernando Grande-Marlaska obstaculice su ofensiva contra el Gobierno&hellip;\n","protected":false},"author":2,"featured_media":712228,"comment_status":"","ping_status":"","sticky":false,"template":"","format":"standard","meta":{"footnotes":""},"categories":[5],"tags":[17,18,4486,126339,14892,25,24,13,14,14341,582,11,19,20,9,10,15,16,6066,1699,6912,23,12,21,22],"class_list":["post-712227","post","type-post","status-publish","format-standard","has-post-thumbnail","category-titulares","tag-breaking-news","tag-breakingnews","tag-ceuta","tag-ciudad-autonoma-de-ceuta","tag-congreso-de-los-diputados","tag-es","tag-espana","tag-featured-news","tag-featurednews","tag-fernando-grande-marlaska","tag-gobierno","tag-headlines","tag-latest-news","tag-latestnews","tag-news","tag-noticias","tag-noticias-destacadas","tag-noticiasdestacadas","tag-partido-popular-pp","tag-psoe","tag-senado","tag-spain","tag-titulares","tag-ultimas-noticias","tag-ultimasnoticias"],"share_on_mastodon":{"url":"https:\/\/pubeurope.com\/@es\/117098132760280549","error":""},"_links":{"self":[{"href":"https:\/\/www.europesays.com\/es\/wp-json\/wp\/v2\/posts\/712227","targetHints":{"allow":["GET"]}}],"collection":[{"href":"https:\/\/www.europesays.com\/es\/wp-json\/wp\/v2\/posts"}],"about":[{"href":"https:\/\/www.europesays.com\/es\/wp-json\/wp\/v2\/types\/post"}],"author":[{"embeddable":true,"href":"https:\/\/www.europesays.com\/es\/wp-json\/wp\/v2\/users\/2"}],"replies":[{"embeddable":true,"href":"https:\/\/www.europesays.com\/es\/wp-json\/wp\/v2\/comments?post=712227"}],"version-history":[{"count":0,"href":"https:\/\/www.europesays.com\/es\/wp-json\/wp\/v2\/posts\/712227\/revisions"}],"wp:featuredmedia":[{"embeddable":true,"href":"https:\/\/www.europesays.com\/es\/wp-json\/wp\/v2\/media\/712228"}],"wp:attachment":[{"href":"https:\/\/www.europesays.com\/es\/wp-json\/wp\/v2\/media?parent=712227"}],"wp:term":[{"taxonomy":"category","embeddable":true,"href":"https:\/\/www.europesays.com\/es\/wp-json\/wp\/v2\/categories?post=712227"},{"taxonomy":"post_tag","embeddable":true,"href":"https:\/\/www.europesays.com\/es\/wp-json\/wp\/v2\/tags?post=712227"}],"curies":[{"name":"wp","href":"https:\/\/api.w.org\/{rel}","templated":true}]}}