{"id":712251,"date":"2026-08-15T06:55:19","date_gmt":"2026-08-15T06:55:19","guid":{"rendered":"https:\/\/www.europesays.com\/es\/712251\/"},"modified":"2026-08-15T06:55:19","modified_gmt":"2026-08-15T06:55:19","slug":"el-pp-sigue-con-su-ofensiva-en-el-senado-vuelve-a-citar-a-marlaska-mientras-mantiene-las-comparecencias-de-albares-y-robles-pese-a-las-negativas","status":"publish","type":"post","link":"https:\/\/www.europesays.com\/es\/712251\/","title":{"rendered":"El PP sigue con su ofensiva en el Senado: vuelve a citar a Marlaska mientras mantiene las comparecencias de Albares y Robles pese a las negativas"},"content":{"rendered":"<p class=\"L6-news-detail__text\">Mientras <a title=\"Ceuta y Melilla terminan de blindarse\" href=\"https:\/\/www.lasexta.com\/noticias\/nacional\/ceuta-melilla-blindan-llamamientos-nueva-llegada-masiva-migrantes-marruecos_202608146a7ed3fa71b42a0b5dee92df.html\" target=\"_blank\" rel=\"nofollow noopener\"><b>Ceuta y Melilla terminan de blindarse<\/b><\/a> ante los llamamientos a una <b>nueva llegada masiva de migrantes desde Marruecos<\/b>, prevista para este 15 de agosto, el PP ha apostado por atacar, una y otra vez, la actuaci\u00f3n del Gobierno de Pedro S\u00e1nchez y las medidas tomadas para tratar de frenar la <a title=\"actual crisis migratoria\" href=\"https:\/\/www.lasexta.com\/noticias\/sociedad\/escondidos-quedarse-lasexta-accede-lugares-casi-imposibles-donde-ocultan-migrantes-ceuta_202608146a7f15bba046ad6ebcb111e3.html\" target=\"_blank\" rel=\"nofollow noopener\"><b>actual crisis migratoria<\/b><\/a>.<\/p>\n<p class=\"L6-news-detail__text\">Se cumplen dos semanas de la <a title=\"entrada de 80.000 migrantes\" href=\"https:\/\/www.lasexta.com\/noticias\/nacional\/respalda-suspender-derecho-asilo-ceuta-expulsar-migrantes-gobierno-rechaza_202608146a7f1826a046ad6ebcb116d7.html\" target=\"_blank\" rel=\"nofollow noopener\"><b>entrada de 80.000 migrantes<\/b><\/a> y el <b>Partido Popular<\/b> no ha dejado de aprovechar la situaci\u00f3n para usar la mayor\u00eda absoluta que ostentan en el Senado. Ha llamado a declarar a m\u00e1s de un ministro del Ejecutivo y este viernes, ha repetido su estrategia.<\/p>\n<p class=\"L6-news-detail__text\">Porque hemos sabido que el <b>Senado <\/b>va a mantener su agenda para la semana que viene. O lo que es lo mismo, se espera en la c\u00e1mara al<b> ministro de Exteriores para el 17 de agosto<\/b> y a <b>la<\/b> <b>de Defensa para el 18<\/b> del mismo mes, pese a que ambos, tanto <a title=\"Margarita Robles\" href=\"https:\/\/www.lasexta.com\/temas\/margarita_robles-1\" target=\"_blank\" rel=\"nofollow noopener\"><b>Margarita Robles<\/b><\/a> como <a title=\"Jos\u00e9 Manuel Albares\" href=\"https:\/\/www.lasexta.com\/noticias\/nacional\/albares-asegura-que-ultima-persona-que-entrado-irregularmente-ceuta-volvera-marruecos_202608116a7b022271b42a0b5de95ce1.html\" target=\"_blank\" rel=\"nofollow noopener\"><b>Jos\u00e9 Manuel Albares<\/b><\/a>, ya han anunciado que <b>no har\u00e1n acto de presencia<\/b>.<\/p>\n<p class=\"L6-news-detail__text\">Dentro de las comisiones de Defensa y Asuntos Exteriores, los populares quieren que los ministros de S\u00e1nchez den explicaciones sobre la prevenci\u00f3n, gesti\u00f3n y medidas tomadas a posteriori para tratar de frenar la llegada de miles de migrantes a las costas de <b>Ceuta entre los d\u00edas 30 y 31 de julio <\/b>de este verano.<\/p>\n<p class=\"L6-news-detail__text\">Y por si esta ofensiva no fuera suficiente, se ha producido otro movimiento, porque el <b>PP ha vuelto a citar al ministro del Interior, <\/b><a title=\"Fernando Grande-Marlaska\" href=\"https:\/\/www.lasexta.com\/noticias\/nacional\/marlaska-anuncia-refuerzo-policial-frontera-ceuta-amenaza-nueva-avalancha-migratoria_202608136a7dc44fa5690f047377c850.html\" target=\"_blank\" rel=\"nofollow noopener\"><b>Fernando Grande-Marlaska<\/b><\/a>, para el pr\u00f3ximo jueves 20 de agosto. As\u00ed consta en la agenda parlamentaria del Senado, donde se convoca la comparecencia del ministro el <b>d\u00eda 20 a las 11:00 horas<\/b> en el marco de la Comisi\u00f3n de Interior.<\/p>\n<p>&#8216;Plant\u00f3n&#8217; de los ministros<\/p>\n<p class=\"L6-news-detail__text\">Hay que recordar que<b> Marlaska ya fue citado el pasado mi\u00e9rcoles 12<\/b> por esta misma raz\u00f3n y ante esa misma comisi\u00f3n. Tambi\u00e9n hay que subrayar que el ministro <b>ni acudi\u00f3 ni compareci\u00f3<\/b>. En respuesta, la C\u00e1mara Alta anunci\u00f3 que tomar\u00eda medidas.<\/p>\n<p class=\"L6-news-detail__text\">El PP acord\u00f3 hace unos d\u00edas citar en diferentes comisiones a los ministros de <b>Interior, Exteriores y Defensa<\/b> para explicar las actuaciones de sus departamentos en la crisis provocada por la <a title=\"llegada masiva a Ceuta los d\u00edas 30 y 31 de julio de personas procedentes de Marruecos\" href=\"https:\/\/www.lasexta.com\/noticias\/internacional\/bloqueo-llamamiento-espana-marruecos-intentan-apagar-convocatoria-nueva-entrada-masiva-ceuta-15-agosto_202608146a7ee35aa5690f04737932ae.html\" target=\"_blank\" rel=\"nofollow noopener\"><b>llegada masiva a Ceuta los d\u00edas 30 y 31 de julio de personas procedentes de Marruecos<\/b><\/a>.<\/p>\n<p class=\"L6-news-detail__text\">Sin embargo, el Gobierno ya anunci\u00f3 que los <b>tres ministros, adem\u00e1s del de Presidencia, F\u00e9lix Bola\u00f1os, comparecer\u00e1n a finales de agosto<\/b> y solo ante el <b>Congreso<\/b>, donde todos ellos est\u00e1n citados a petici\u00f3n propia. Es m\u00e1s, consideran que el Congreso de los Diputados es la c\u00e1mara prevalente.<\/p>\n<p class=\"L6-news-detail__text\">Un argumento que ha rechazado la Presidencia del Senado, que niega la prevalencia del Congreso, y que entiende que los ministros est\u00e1n obligados a dar explicaciones ante la c\u00e1mara que solicite su presencia.<\/p>\n<p class=\"L6-news-detail__text\">El pasado mi\u00e9rcoles, <b>Marlaska<\/b> dej\u00f3 su silla vac\u00eda en la Comisi\u00f3n de Interior del Senado argumentando que lo hac\u00eda \u00abpor circunstancias obvias\u00bb que se \u00abexplican por s\u00ed mismas\u00bb y anunci\u00f3 que <b>comparecer\u00eda el 28 de agosto en el Congreso <\/b>\u00abpara dar las explicaciones necesarias\u00bb. \u00abNo hay ninguna voluntad de incumplimiento, sino otra, la voluntad de seguir cumpliendo nuestras responsabilidades, nuestras responsabilidades como Ejecutivo y nuestras responsabilidades tambi\u00e9n hacia el Parlamento\u00bb, dijo.<\/p>\n<p class=\"L6-news-detail__text\">Pero para el PP esa ausencia solo demuestra \u00abuna falta de respeto\u00bb por parte de un miembro del Gobierno.<\/p>\n<p class=\"L6-news-detail__text\"><a title=\"*A\u00f1ade laSexta como tu medio de referencia en Google y no te pierdas toda la actualidad y el mejor contenido\" href=\"https:\/\/www.google.com\/preferences\/source?q=lasexta.com\" target=\"_blank\" rel=\"nofollow noopener\"><b>*A\u00f1ade laSexta como tu medio de referencia en Google y no te pierdas toda la actualidad y el mejor contenido<\/b><\/a><\/p>\n<p class=\"L6-support-news-video__title\">\u00abDesviar el tiro\u00bb<\/p>\n<p> <a href=\"https:\/\/www.lasexta.com\/noticias\/nacional\/antonio-maestre-quejas-ayuso-gasto-gobierno-eclipse-intenta-que-miremos-atico_202608146a7f73a4a046ad6ebcb19a32.html\" class=\"L6-news__link\" rel=\"nofollow noopener\" target=\"_blank\">Antonio Maestre, sobre las quejas de Ayuso por el gasto del Gobierno para el eclipse: \u00abIntenta que no miremos al \u00e1tico\u00bb<\/p>\n<p class=\"recirculation-video-desc\">La presidenta madrile\u00f1a considera este gasto superfluo cuando, como expone el periodista, \u00abpor cada gasto que ella considera prescindible, va a tener ella uno igual o peor en la Comunidad de Madrid\u00bb.<\/p>\n<p> <\/a><\/p>\n","protected":false},"excerpt":{"rendered":"Mientras Ceuta y Melilla terminan de blindarse ante los llamamientos a una nueva llegada masiva de migrantes desde&hellip;\n","protected":false},"author":2,"featured_media":712252,"comment_status":"","ping_status":"","sticky":false,"template":"","format":"standard","meta":{"footnotes":""},"categories":[8],"tags":[17,18,4486,2125,25,24,13,14,14341,11,125894,19,20,7835,1898,890,9,10,15,110362,16,6066,2959,6912,23,12,21,22],"class_list":["post-712251","post","type-post","status-publish","format-standard","has-post-thumbnail","category-espana","tag-breaking-news","tag-breakingnews","tag-ceuta","tag-directo","tag-es","tag-espana","tag-featured-news","tag-featurednews","tag-fernando-grande-marlaska","tag-headlines","tag-jose-manuel-albares-bueno","tag-latest-news","tag-latestnews","tag-margarita-robles","tag-menores-migrantes","tag-migrantes","tag-news","tag-noticias","tag-noticias-destacadas","tag-noticias-ultima-hora","tag-noticiasdestacadas","tag-partido-popular-pp","tag-pedro-sanchez","tag-senado","tag-spain","tag-titulares","tag-ultimas-noticias","tag-ultimasnoticias"],"share_on_mastodon":{"url":"","error":"Validation failed: Text character limit of 500 exceeded"},"_links":{"self":[{"href":"https:\/\/www.europesays.com\/es\/wp-json\/wp\/v2\/posts\/712251","targetHints":{"allow":["GET"]}}],"collection":[{"href":"https:\/\/www.europesays.com\/es\/wp-json\/wp\/v2\/posts"}],"about":[{"href":"https:\/\/www.europesays.com\/es\/wp-json\/wp\/v2\/types\/post"}],"author":[{"embeddable":true,"href":"https:\/\/www.europesays.com\/es\/wp-json\/wp\/v2\/users\/2"}],"replies":[{"embeddable":true,"href":"https:\/\/www.europesays.com\/es\/wp-json\/wp\/v2\/comments?post=712251"}],"version-history":[{"count":0,"href":"https:\/\/www.europesays.com\/es\/wp-json\/wp\/v2\/posts\/712251\/revisions"}],"wp:featuredmedia":[{"embeddable":true,"href":"https:\/\/www.europesays.com\/es\/wp-json\/wp\/v2\/media\/712252"}],"wp:attachment":[{"href":"https:\/\/www.europesays.com\/es\/wp-json\/wp\/v2\/media?parent=712251"}],"wp:term":[{"taxonomy":"category","embeddable":true,"href":"https:\/\/www.europesays.com\/es\/wp-json\/wp\/v2\/categories?post=712251"},{"taxonomy":"post_tag","embeddable":true,"href":"https:\/\/www.europesays.com\/es\/wp-json\/wp\/v2\/tags?post=712251"}],"curies":[{"name":"wp","href":"https:\/\/api.w.org\/{rel}","templated":true}]}}