{"id":712407,"date":"2026-08-15T08:59:14","date_gmt":"2026-08-15T08:59:14","guid":{"rendered":"https:\/\/www.europesays.com\/es\/712407\/"},"modified":"2026-08-15T08:59:14","modified_gmt":"2026-08-15T08:59:14","slug":"victor-arteaga-regresa-al-breogan-lavozdegalicia-es","status":"publish","type":"post","link":"https:\/\/www.europesays.com\/es\/712407\/","title":{"rendered":"V\u00edctor Arteaga regresa al Breog\u00e1n &#8211; lavozdegalicia.es"},"content":{"rendered":"<ol>\n<li><a href=\"https:\/\/news.google.com\/rss\/articles\/CBMirgFBVV95cUxQNzdFTk80M2tKLWg5emd3U01MVnZnQUZZQWlIeXFyUldPQS1XakFqV2k0X2hWSzZZckZrNTRfTzdWTWVDS1o1OTZscDVXSlpJdWVwVkR3QWJkdDR1S1BmRjJzMW5aeGlsQnpTNnBicjJnY3pQblJudjQzWnhfYTFPYUo5ZlZOcC01Tkx0UzMzUDkzMEpMMWtwaUtReXpvUXlkd0g3MVd3ZW5HM0pZX1HSAcoBQVVfeXFMUE9kV3V0WnhVMGVNekd2anJ0N1BuZGV4R2IyYWxCSjVDRlRxb1hzVGw0STZnVzFiZG43SGNKUFRfODRsUmk0U2FKSUtoNmNJNGxzN1I2VU9BNEQtMDVzM3MwVm8wSEZaVS1jTkh2ZHJqNWR4QWxwWEM1cy1NNkg0UWpLQ1JRUk1DRjhydXFWVE1ybWw3dW9kWENzWnUtLW9rQVB2SUxIa3dXZExEQnBlYm5QeFNmMXhPNEdlUUF2dzNfLWxtSHBjY05YQQ?oc=5\" target=\"_blank\" rel=\"nofollow noopener\">V\u00edctor Arteaga regresa al Breog\u00e1n<\/a>&nbsp;&nbsp;lavozdegalicia.es<\/li>\n<li><a href=\"https:\/\/news.google.com\/rss\/articles\/CBMinAFBVV95cUxQSGM0VjRPMkpZbGhRbk5lZXBqdnF2Z1VQMEhkdFBESnVMczBSNDU1QnExRFhtZEhSNURyM0VUVUhJcWMwRXNDUFFacUpuNkgwRHZCSXhlUHRKVEh5TTRuWEZiY2tRaTdkb3FJX0dkU21DUDhIUklEQkJsd2pyMk9VcVM4bENzVU1hdEUzYll5NkhLZjNNMExDcUNPeVc?oc=5\" target=\"_blank\" rel=\"nofollow noopener\">V\u00edctor Arteaga se suma a la pretemporada del R\u00edo Breog\u00e1n<\/a>&nbsp;&nbsp;ACB<\/li>\n<li><a href=\"https:\/\/news.google.com\/rss\/articles\/CBMiqgFBVV95cUxQMk9HOEVqVlJMbXNtSHBITUloVnpUUmNISXpUc1podkRKYVF2cXVuNXNYZ3RXOV9RU0gxWnc0SHNBZ2JHcDJfckFfamdkLUJmM1BvRDVsajhNcGNrRkQzMFZ3TjFldnRUaHdldmdUWEZRR0F0a1l0UU1VZjlnZzZqSS10LUR6V0ltM293OHdWazVFc2Z3RWJnWXc2b2RyMzNPQTVfd21SRHZ4Z9IBxgFBVV95cUxPeFYyUUR2WUtMRDl2TS1DT3FMZDk0dWxBRWNyVlM0dE9hSVJKWHl2b0VLX2JYUXZ4NFhJekxudlVpTnBodWpLaVZjclJKYTBWNVNzNVdkdGNJU2VlbVNNaDRuakM4WWx3cWhKZjdXVVo0NjlMbmVYZWZOdWNZNzhXa1hRdFJkSS1VblFBa3dCckpsWk0teEtYV2dRQ3dVaVFsVHJnS3JGOWhhdHRZa0Q2SEw3cGkxM3pjdm00WUlMZGRGcUI5U0E?oc=5\" target=\"_blank\" rel=\"nofollow noopener\">El Breog\u00e1n inicia su a\u00f1o de diamante<\/a>&nbsp;&nbsp;lavozdegalicia.es<\/li>\n<li><a href=\"https:\/\/news.google.com\/rss\/articles\/CBMi2wFBVV95cUxQVXBoTDZFcmk4TnA1WC1CcktmSlByVHI5VHFfTFpKdm5PTWxIV2otLWw3eFBkOVMyazlpMWR4LUVmYmJYVXNLdWhCSEpPa0QwaG54RHFmQ3RubHpHa2tVTkVqbkRvOEMxM2cycEdWMkZNYU5VM1hhOEtkYTREbWFfVjNJb3Rkbnhld2VaMzdITVRQSW5oYUhGQUtMUExxenNUTnNzaUF4QTJIS2lESHkxczRteWxVRUNkRnItQXJNOXE5bkNsMm1memV0OVhiYXhKMnBfVnU1QWs0SHM?oc=5\" target=\"_blank\" rel=\"nofollow noopener\">Tito D\u00edaz asegura que el R\u00edo Breog\u00e1n pidi\u00f3 empezar la temporada en el Pazo<\/a>&nbsp;&nbsp;El Progreso de Lugo<\/li>\n<li><a href=\"https:\/\/news.google.com\/rss\/articles\/CBMihAFBVV95cUxOQ1IwWE1tekQzb3pLU2VMUVItWU9DM0RrNEduUU1vdzJMeFEweEo1RWI5dUVJSHhJVThudllhY0JLeFlmdDVMNjBlX0xrTl9UcG83SUZHQ1pYeVJUY1NKd3Jqcnctb3RFbk11bEpqZkx0Z3NLNFd3ZkJTQ0RpbHlaSE1rYTA?oc=5\" target=\"_blank\" rel=\"nofollow noopener\">Los jugadores del CB Breog\u00e1n pasan reconocimiento m\u00e9dico en el hospital Ribera Polusa<\/a>&nbsp;&nbsp;Ribera Salud<\/li>\n<\/ol>\n","protected":false},"excerpt":{"rendered":"V\u00edctor Arteaga regresa al Breog\u00e1n&nbsp;&nbsp;lavozdegalicia.es V\u00edctor Arteaga se suma a la pretemporada del R\u00edo Breog\u00e1n&nbsp;&nbsp;ACB El Breog\u00e1n inicia&hellip;\n","protected":false},"author":2,"featured_media":712408,"comment_status":"","ping_status":"","sticky":false,"template":"","format":"standard","meta":{"footnotes":""},"categories":[269],"tags":[299,298,8778,818,168,25,24,665,22425,23,167],"class_list":["post-712407","post","type-post","status-publish","format-standard","has-post-thumbnail","category-baloncesto","tag-baloncesto","tag-basketball","tag-cb-breogan","tag-croacia","tag-deportes","tag-es","tag-espana","tag-liga-endesa","tag-lugo-ciudad","tag-spain","tag-sports"],"share_on_mastodon":{"url":"https:\/\/pubeurope.com\/@es\/117098706760137820","error":""},"_links":{"self":[{"href":"https:\/\/www.europesays.com\/es\/wp-json\/wp\/v2\/posts\/712407","targetHints":{"allow":["GET"]}}],"collection":[{"href":"https:\/\/www.europesays.com\/es\/wp-json\/wp\/v2\/posts"}],"about":[{"href":"https:\/\/www.europesays.com\/es\/wp-json\/wp\/v2\/types\/post"}],"author":[{"embeddable":true,"href":"https:\/\/www.europesays.com\/es\/wp-json\/wp\/v2\/users\/2"}],"replies":[{"embeddable":true,"href":"https:\/\/www.europesays.com\/es\/wp-json\/wp\/v2\/comments?post=712407"}],"version-history":[{"count":0,"href":"https:\/\/www.europesays.com\/es\/wp-json\/wp\/v2\/posts\/712407\/revisions"}],"wp:featuredmedia":[{"embeddable":true,"href":"https:\/\/www.europesays.com\/es\/wp-json\/wp\/v2\/media\/712408"}],"wp:attachment":[{"href":"https:\/\/www.europesays.com\/es\/wp-json\/wp\/v2\/media?parent=712407"}],"wp:term":[{"taxonomy":"category","embeddable":true,"href":"https:\/\/www.europesays.com\/es\/wp-json\/wp\/v2\/categories?post=712407"},{"taxonomy":"post_tag","embeddable":true,"href":"https:\/\/www.europesays.com\/es\/wp-json\/wp\/v2\/tags?post=712407"}],"curies":[{"name":"wp","href":"https:\/\/api.w.org\/{rel}","templated":true}]}}