{"id":712653,"date":"2026-08-15T12:01:14","date_gmt":"2026-08-15T12:01:14","guid":{"rendered":"https:\/\/www.europesays.com\/es\/712653\/"},"modified":"2026-08-15T12:01:14","modified_gmt":"2026-08-15T12:01:14","slug":"ultima-hora-de-la-entrada-de-inmigrantes-a-ceuta-en-directo-marruecos-bloquea-el-paso-a-ceuta-de-cientos-de-migrantes-subsaharianos-espana","status":"publish","type":"post","link":"https:\/\/www.europesays.com\/es\/712653\/","title":{"rendered":"\u00daltima hora de la entrada de inmigrantes a Ceuta, en directo | Marruecos bloquea el paso a Ceuta de cientos de migrantes subsaharianos | Espa\u00f1a"},"content":{"rendered":"<p class=\"ev-title\">El ministro de Exteriores italiano, sobre la crisis de Ceuta: \u201cEspa\u00f1a deber\u00eda preocuparse por Marruecos, no por Italia\u201d<\/p>\n<p>El ministro de Exteriores italiano, Antonio Tajani, considera que, en relaci\u00f3n con la crisis migratoria de Ceuta, Espa\u00f1a deber\u00eda preocuparse por Marruecos y no por Italia, puesto que es el pa\u00eds \u201cdonde se originan los problemas\u201d.<\/p>\n<p>\u201cEn lugar de preocuparse por nosotros, Espa\u00f1a deber\u00eda preocuparse por Marruecos: ah\u00ed es donde se originan los problemas, no en nuestros controles, que sirven al prop\u00f3sito de todos de impedir que inmigrantes ilegales y, peor a\u00fan, potenciales terroristas, lleguen a Europa\u201d, indica el ministro de ultraderecha italiano en una entrevista al diario Corriere della Sera.<\/p>\n<p>Las relaciones entre Italia y Espa\u00f1a viven un momento de tensi\u00f3n a ra\u00edz de la crisis migratoria de Ceuta, ya que el Gobierno de Giorgia Meloni decidi\u00f3 suspender temporalmente el acuerdo Schengen con Espa\u00f1a y aplicar controles en puertos y aeropuertos a viajeros procedentes del pa\u00eds ib\u00e9rico por una \u201ccuesti\u00f3n de seguridad\u201d ante la masiva entrada de inmigrantes irregulares.<\/p>\n<p>Espa\u00f1a, tras exigir sin \u00e9xito a Roma el levantamiento de estos controles, respondi\u00f3 con la misma medida, suspendiendo el Schengen con Italia y restableciendo controles en los viajes procedentes de territorio italiano.<\/p>\n<p>Preguntado sobre si Italia mantendr\u00e1 la suspensi\u00f3n del acuerdo comunitario de libre circulaci\u00f3n, Tajani afirma en la entrevista que tienen que ver \u201csi la alerta est\u00e1 justificada\u201d y luego decidir\u00e1n, en aparente alusi\u00f3n a la posibilidad de que vuelva a producirse una entrada masiva de migrantes irregulares en Ceuta este fin de semana. (Efe)<\/p>\n","protected":false},"excerpt":{"rendered":"El ministro de Exteriores italiano, sobre la crisis de Ceuta: \u201cEspa\u00f1a deber\u00eda preocuparse por Marruecos, no por Italia\u201d&hellip;\n","protected":false},"author":2,"featured_media":712654,"comment_status":"","ping_status":"","sticky":false,"template":"","format":"standard","meta":{"footnotes":""},"categories":[8],"tags":[1161,17,18,4486,25,24,13,14,14341,2069,14655,11,590,895,15398,628,19,20,4485,892,9,10,15,16,2959,23,12,21,22],"class_list":["post-712653","post","type-post","status-publish","format-standard","has-post-thumbnail","category-espana","tag-aeropuertos","tag-breaking-news","tag-breakingnews","tag-ceuta","tag-es","tag-espana","tag-featured-news","tag-featurednews","tag-fernando-grande-marlaska","tag-fronteras","tag-giorgia-meloni","tag-headlines","tag-inmigracion","tag-inmigracion-irregular","tag-inmigracion-irregular-espana","tag-italia","tag-latest-news","tag-latestnews","tag-marruecos","tag-migracion","tag-news","tag-noticias","tag-noticias-destacadas","tag-noticiasdestacadas","tag-pedro-sanchez","tag-spain","tag-titulares","tag-ultimas-noticias","tag-ultimasnoticias"],"share_on_mastodon":{"url":"","error":"Validation failed: Text character limit of 500 exceeded"},"_links":{"self":[{"href":"https:\/\/www.europesays.com\/es\/wp-json\/wp\/v2\/posts\/712653","targetHints":{"allow":["GET"]}}],"collection":[{"href":"https:\/\/www.europesays.com\/es\/wp-json\/wp\/v2\/posts"}],"about":[{"href":"https:\/\/www.europesays.com\/es\/wp-json\/wp\/v2\/types\/post"}],"author":[{"embeddable":true,"href":"https:\/\/www.europesays.com\/es\/wp-json\/wp\/v2\/users\/2"}],"replies":[{"embeddable":true,"href":"https:\/\/www.europesays.com\/es\/wp-json\/wp\/v2\/comments?post=712653"}],"version-history":[{"count":0,"href":"https:\/\/www.europesays.com\/es\/wp-json\/wp\/v2\/posts\/712653\/revisions"}],"wp:featuredmedia":[{"embeddable":true,"href":"https:\/\/www.europesays.com\/es\/wp-json\/wp\/v2\/media\/712654"}],"wp:attachment":[{"href":"https:\/\/www.europesays.com\/es\/wp-json\/wp\/v2\/media?parent=712653"}],"wp:term":[{"taxonomy":"category","embeddable":true,"href":"https:\/\/www.europesays.com\/es\/wp-json\/wp\/v2\/categories?post=712653"},{"taxonomy":"post_tag","embeddable":true,"href":"https:\/\/www.europesays.com\/es\/wp-json\/wp\/v2\/tags?post=712653"}],"curies":[{"name":"wp","href":"https:\/\/api.w.org\/{rel}","templated":true}]}}