{"id":712681,"date":"2026-08-15T12:23:13","date_gmt":"2026-08-15T12:23:13","guid":{"rendered":"https:\/\/www.europesays.com\/es\/712681\/"},"modified":"2026-08-15T12:23:13","modified_gmt":"2026-08-15T12:23:13","slug":"los-talibanes-celebran-los-cinco-anos-de-su-regreso-al-poder-en-afganistan-como-una-gran-victoria-sobre-occidente-internacional","status":"publish","type":"post","link":"https:\/\/www.europesays.com\/es\/712681\/","title":{"rendered":"Los talibanes celebran los cinco a\u00f1os de su regreso al poder en Afganist\u00e1n como una \u201cgran victoria\u201d sobre Occidente | Internacional"},"content":{"rendered":"<p class=\"\">Los talibanes celebraron este s\u00e1bado <a href=\"https:\/\/elpais.com\/internacional\/2026-08-15\/el-regreso-taliban-cinco-anos-de-una-de-las-mayores-derrotas-del-mundo.html\" target=\"_self\" rel=\"nofollow noopener\" title=\"https:\/\/elpais.com\/internacional\/2026-08-15\/el-regreso-taliban-cinco-anos-de-una-de-las-mayores-derrotas-del-mundo.html\">sus cinco a\u00f1os de retorno al poder, <\/a>tratando de presentar a su Gobierno como una autoridad firme, a pesar de que las organizaciones humanitarias y de derechos humanos denuncian la represi\u00f3n, <a href=\"https:\/\/elpais.com\/internacional\/2026-08-15\/un-dia-cualquiera-para-una-mujer-de-afganistan-he-perdido-mi-lugar-en-la-sociedad.html\" target=\"_self\" rel=\"nofollow noopener\" title=\"https:\/\/elpais.com\/internacional\/2026-08-15\/un-dia-cualquiera-para-una-mujer-de-afganistan-he-perdido-mi-lugar-en-la-sociedad.html\">especialmente de las mujeres, <\/a>y advierten de la grave crisis que atraviesa Afganist\u00e1n. <\/p>\n<p class=\"\">Frente a la antigua Embajada de Estados Unidos en Kabul, veh\u00edculos blindados de los talibanes participaron en un desfile, en el que exhibieron banderas y pancartas y celebraron lo que el Gobierno describi\u00f3 como <a href=\"https:\/\/elpais.com\/internacional\/2021-08-15\/los-talibanes-empiezan-a-entrar-en-kabul-tras-una-ofensiva-relampago.html\" target=\"_self\" rel=\"nofollow noopener\" title=\"https:\/\/elpais.com\/internacional\/2021-08-15\/los-talibanes-empiezan-a-entrar-en-kabul-tras-una-ofensiva-relampago.html\">el \u201cd\u00eda de la victoria\u201d<\/a> frente al dominio occidental. Sirajuddin Haqqani, ministro del Interior, afirm\u00f3 en un discurso grabado en v\u00eddeo que su regreso al poder fue fruto de \u201cla moral, el valor\u201d y \u201cla ayuda divina\u201d. <\/p>\n<p class=\"\">\u201cAfganist\u00e1n desea vivir en una atm\u00f3sfera de paz y tranquilidad con todos los pa\u00edses del mundo, no permitir\u00e1 que nadie utilice el suelo afgano contra ning\u00fan otro pa\u00eds, y pide a los dem\u00e1s pa\u00edses que tampoco se involucren en ninguna conspiraci\u00f3n contra Afganist\u00e1n y respeten nuestro territorio, espacio a\u00e9reo e intereses\u201d, recogi\u00f3 en otro comunicado el autodenominado Emirato Isl\u00e1mico de Afganist\u00e1n. Su reafirmaci\u00f3n de no utilizar su suelo contra terceros se produce tras las acusaciones de Pakist\u00e1n de que Kabul da cobijo a grupos que atentan en su territorio. <\/p>\n<p class=\"\">El mensaje de celebraci\u00f3n reivindic\u00f3 tambi\u00e9n la toma del pa\u00eds el 15 de agosto de 2021 como una \u201cgran victoria y liberaci\u00f3n del yugo extranjero\u201d. La jornada de este quinto aniversario estar\u00e1 marcada en Kabul por un f\u00e9rreo despliegue de seguridad, desfiles militares del ej\u00e9rcito talib\u00e1n y diversos eventos deportivos en la capital, donde se espera que altos cargos del r\u00e9gimen de facto se dirijan formalmente a la naci\u00f3n a lo largo del d\u00eda.<\/p>\n<p><img alt=\"\" decoding=\"auto\" class=\"_re lazyload a_m-h\" height=\"276\"  width=\"414\"  src=\"https:\/\/www.europesays.com\/es\/wp-content\/uploads\/2026\/08\/UU2ZT3US6ZOBTFPKYMRQ6X73PI.jpg\" loading=\"lazy\" fetchpriority=\"low\"\/>Celebraci\u00f3n de los cinco a\u00f1os del regreso al poder de los talibanes, en Kandahar, el 15 de agosto. QUDRATULLAH RAZWAN (EFE)<\/p>\n<p class=\"\">Aunque la jornada est\u00e1 marcada por la celebraci\u00f3n, en su mensaje, el ministro del Interior tambi\u00e9n hizo un inusual reconocimiento de \u201ccuestiones y problemas que a\u00fan pueden existir\u201d. Las organizaciones internacionales y la ONU destacan que los talibanes han tenido dificultades para hacer frente a las crisis naturales y humanitarias a las que se ha enfrentado Afganist\u00e1n en los \u00faltimos cinco a\u00f1os, en parte debido a las severas restricciones a las que est\u00e1n sometidas las mujeres afganas. <\/p>\n<p class=\"\">Cuando los talibanes volvieron al poder en agosto de 2021, en medio de la retirada de EE UU y sus aliados, prometieron gobernar de forma m\u00e1s liberal de lo que lo hab\u00edan hecho a finales de la d\u00e9cada de 1990 y principios de la de 2000 \u2014un periodo marcado por las ejecuciones p\u00fablicas y el refugio dado a Osama bin Laden tras el 11-S\u2014. Pero esas garant\u00edas se desvanecieron r\u00e1pidamente. Los talibanes han impuesto restricciones generalizadas a las mujeres y las ni\u00f1as desde 2021, <a href=\"https:\/\/elpais.com\/planeta-futuro\/2026-08-11\/los-talibanes-han-dejado-a-24-millones-de-ninas-sin-educacion-secundaria-en-afganistan-desde-su-regreso-al-poder-en-2021-segun-la-onu.html\" target=\"_self\" rel=\"nofollow noopener\" title=\"https:\/\/elpais.com\/planeta-futuro\/2026-08-11\/los-talibanes-han-dejado-a-24-millones-de-ninas-sin-educacion-secundaria-en-afganistan-desde-su-regreso-al-poder-en-2021-segun-la-onu.html\">impidiendo que 2,5 millones accedan a la ense\u00f1anza secundaria y universitaria, <\/a>seg\u00fan la Unesco, y limitando su libertad de movimiento. La mitad de las mujeres afganas solo salen de casa una o dos veces al mes, seg\u00fan datos publicados el mi\u00e9rcoles por ONU Mujeres. Los talibanes alegan que act\u00faan con las mujeres de conformidad con la shar\u00eda isl\u00e1mica. <\/p>\n<p class=\"\">Cinco a\u00f1os despu\u00e9s, a excepci\u00f3n de Rusia, su Gobierno sigue sin ser reconocido internacionalmente. Las relaciones entre los talibanes y Pakist\u00e1n \u2014inicialmente su socio m\u00e1s importante\u2014 son tensas, ya que Islamabad acusa a Kabul de apoyar a insurgentes paquistan\u00edes. Muchas de las antiguas embajadas de Kabul permanecen vac\u00edas desde el regreso de los talibanes al poder, incluida la de EE UU, que sirvi\u00f3 de tel\u00f3n de fondo para las celebraciones talibanes de este s\u00e1bado. Sin embargo, los talibanes han logrado avances diplom\u00e1ticos discretos, ya que algunos pa\u00edses sopesan los l\u00edmites de su influencia en Afganist\u00e1n y la necesidad de entablar relaciones con el Gobierno. <\/p>\n<p class=\"\">Los talibanes est\u00e1n presionando cada vez m\u00e1s para alcanzar <a href=\"https:\/\/elpais.com\/internacional\/2026-08-15\/la-ue-busca-el-dificil-equilibrio-entre-el-rechazo-total-al-regimen-de-los-talibanes-y-las-reuniones-tecnicas-para-impulsar-las-deportaciones.html\" target=\"_self\" rel=\"nofollow noopener\" title=\"https:\/\/elpais.com\/internacional\/2026-08-15\/la-ue-busca-el-dificil-equilibrio-entre-el-rechazo-total-al-regimen-de-los-talibanes-y-las-reuniones-tecnicas-para-impulsar-las-deportaciones.html\">acuerdos con los pa\u00edses europeos<\/a> que han estado buscando formas de deportar a m\u00e1s afganos. El Gobierno de Kabul tambi\u00e9n est\u00e1 aprovechando su ubicaci\u00f3n geogr\u00e1fica, en la encrucijada entre Asia Meridional, Asia Central y Oriente Pr\u00f3ximo, para cerrar acuerdos econ\u00f3micos. <\/p>\n<p class=\"\">Zia Ahmad Takal, portavoz adjunto del Ministerio de Asuntos Exteriores de los talibanes, declar\u00f3 que se esperaba que las ceremonias conmemorativas del quinto aniversario del Gobierno se celebraran en las capitales de Pakist\u00e1n, China, Uzbekist\u00e1n, Ir\u00e1n, Turqu\u00eda y Malasia. <\/p>\n<p><img alt=\"\" decoding=\"auto\" class=\"_re lazyload a_m-h\" height=\"276\"  width=\"414\"  src=\"https:\/\/www.europesays.com\/es\/wp-content\/uploads\/2026\/08\/2UCPQGYDOVKS3P5XMCYNFCFVJU.jpg\" loading=\"lazy\" fetchpriority=\"low\"\/>Dirigentes talibanes durante la conmemoraci\u00f3n de los cinco a\u00f1os de regreso al poder en Kabul, el 15 de agosto. SAMIULLAH POPAL (EFE)<\/p>\n<p class=\"\">\u201cMi esperanza para el futuro de Afganist\u00e1n es que avancemos hacia el desarrollo, si Dios quiere\u201d, afirm\u00f3 Najibullah Ghorzang, un comerciante de 28 a\u00f1os que asisti\u00f3 a las ceremonias en Kabul. \u201cDerrotamos a un gran imperio y volveremos a derrotarlos\u201d, dijo refiri\u00e9ndose a EE UU y sus aliados. <\/p>\n<p class=\"\">La ONG Comit\u00e9 Internacional de Rescate (IRC, en sus siglas en ingl\u00e9s) advirti\u00f3 el viernes que las necesidades humanitarias de Afganist\u00e1n han alcanzado un nivel r\u00e9cord, debido a las sequ\u00edas, las consecuencias de los mort\u00edferos terremotos y la deportaci\u00f3n de afganos desde los pa\u00edses vecinos Ir\u00e1n y Pakist\u00e1n. Seg\u00fan se\u00f1al\u00f3, mientras que los presupuestos de ayuda exterior se han reducido, el n\u00famero de afganos que necesitan asistencia humanitaria ha aumentado en 3,5 millones de personas desde 2021. <\/p>\n<p class=\"\">\u201cLa paz y la prosperidad sostenibles requieren algo m\u00e1s que la mera ausencia de conflicto\u201d, afirm\u00f3 Georgette Gagnon, alta representante de la ONU para Afganist\u00e1n, en un comunicado. \u201cEl futuro de Afganist\u00e1n depende de que se construya una sociedad en la que se respeten los derechos y se aprovechen las posibilidades de todos los afganos\u00bb. <\/p>\n<p class=\"\">F\u00e1tima, de 28 a\u00f1os, ha luchado por sobrevivir junto a su hijo. Tras el regreso de los talibanes al poder, huy\u00f3 a Ir\u00e1n, donde pudo seguir trabajando como maquilladora, a pesar de que los talibanes prohibieron a las mujeres ejercer esa profesi\u00f3n en Afganist\u00e1n. El a\u00f1o pasado fue expulsada de Ir\u00e1n y deportada a Afganist\u00e1n. \u201cCada ma\u00f1ana me despierto pregunt\u00e1ndome c\u00f3mo voy a cubrir mis gastos b\u00e1sicos, y cada noche cierro los ojos preocupada por el futuro de mi hijo\u201d, afirma.<\/p>\n","protected":false},"excerpt":{"rendered":"Los talibanes celebraron este s\u00e1bado sus cinco a\u00f1os de retorno al poder, tratando de presentar a su Gobierno&hellip;\n","protected":false},"author":2,"featured_media":712682,"comment_status":"","ping_status":"","sticky":false,"template":"","format":"standard","meta":{"footnotes":""},"categories":[42],"tags":[10051,17,18,5282,23914,629,13,14,34625,11,61,62,63,64,19,20,4044,9,10,15,16,28219,8375,2575,12,21,22,1617,65,66,67],"class_list":["post-712681","post","type-post","status-publish","format-standard","has-post-thumbnail","category-internacional","tag-afganistan","tag-breaking-news","tag-breakingnews","tag-derechos-humanos","tag-derechos-mujer","tag-estados-unidos","tag-featured-news","tag-featurednews","tag-guerrilla-taliban","tag-headlines","tag-internacional","tag-international","tag-international-news","tag-internationalnews","tag-latest-news","tag-latestnews","tag-mujeres","tag-news","tag-noticias","tag-noticias-destacadas","tag-noticiasdestacadas","tag-pakistan","tag-pobreza","tag-represion-politica","tag-titulares","tag-ultimas-noticias","tag-ultimasnoticias","tag-union-europea","tag-world","tag-world-news","tag-worldnews"],"share_on_mastodon":{"url":"","error":"Validation failed: Text character limit of 500 exceeded"},"_links":{"self":[{"href":"https:\/\/www.europesays.com\/es\/wp-json\/wp\/v2\/posts\/712681","targetHints":{"allow":["GET"]}}],"collection":[{"href":"https:\/\/www.europesays.com\/es\/wp-json\/wp\/v2\/posts"}],"about":[{"href":"https:\/\/www.europesays.com\/es\/wp-json\/wp\/v2\/types\/post"}],"author":[{"embeddable":true,"href":"https:\/\/www.europesays.com\/es\/wp-json\/wp\/v2\/users\/2"}],"replies":[{"embeddable":true,"href":"https:\/\/www.europesays.com\/es\/wp-json\/wp\/v2\/comments?post=712681"}],"version-history":[{"count":0,"href":"https:\/\/www.europesays.com\/es\/wp-json\/wp\/v2\/posts\/712681\/revisions"}],"wp:featuredmedia":[{"embeddable":true,"href":"https:\/\/www.europesays.com\/es\/wp-json\/wp\/v2\/media\/712682"}],"wp:attachment":[{"href":"https:\/\/www.europesays.com\/es\/wp-json\/wp\/v2\/media?parent=712681"}],"wp:term":[{"taxonomy":"category","embeddable":true,"href":"https:\/\/www.europesays.com\/es\/wp-json\/wp\/v2\/categories?post=712681"},{"taxonomy":"post_tag","embeddable":true,"href":"https:\/\/www.europesays.com\/es\/wp-json\/wp\/v2\/tags?post=712681"}],"curies":[{"name":"wp","href":"https:\/\/api.w.org\/{rel}","templated":true}]}}