{"id":712817,"date":"2026-08-15T14:20:13","date_gmt":"2026-08-15T14:20:13","guid":{"rendered":"https:\/\/www.europesays.com\/es\/712817\/"},"modified":"2026-08-15T14:20:13","modified_gmt":"2026-08-15T14:20:13","slug":"la-loteria-nacional-deja-parte-del-segundo-premio-en-santa-cruz-de-tenerife-este-sabado-15-de-agosto","status":"publish","type":"post","link":"https:\/\/www.europesays.com\/es\/712817\/","title":{"rendered":"La Loter\u00eda Nacional deja parte del segundo premio en Santa Cruz de Tenerife este s\u00e1bado 15 de agosto"},"content":{"rendered":"<p class=\"ft-text\">El sorteo ordinario de la <strong>Loter\u00eda Nacional<\/strong> celebrado este s\u00e1bado, <strong>15 de agosto de 2026<\/strong>, ha vuelto a sonre\u00edr a la provincia de <strong>Santa Cruz de Tenerife<\/strong>, donde ha reca\u00eddo parte del <strong>segundo premio<\/strong>, agraciado con <strong>120.000 euros a la serie<\/strong> (12.000 euros al d\u00e9cimo).<\/p>\n<p class=\"ft-text\">El n\u00famero afortunado con este segundo premio ha sido el <strong>45289<\/strong>, repartido entre la provincia tinerfe\u00f1a y otras siete provincias espa\u00f1olas (Almer\u00eda, \u00c1vila, Asturias, Barcelona, C\u00f3rdoba, Madrid y Murcia).<\/p>\n<p>Un primer premio que tambi\u00e9n toc\u00f3 en Canarias<\/p>\n<p class=\"ft-text\">Por su parte, el <strong>primer premio<\/strong> del sorteo, dotado con <strong>600.000 euros a la serie<\/strong> (60.000 euros al d\u00e9cimo), correspondi\u00f3 al n\u00famero <strong>90742<\/strong>.<\/p>\n<p class=\"ft-text\">Aunque pas\u00f3 de largo por Tenerife, el primer premio s\u00ed toc\u00f3 de lleno en el Archipi\u00e9lago canario tras venderse d\u00e9cimos agraciados en la provincia de <strong>Las Palmas<\/strong>, compartiendo la fortuna con consignaciones en \u00c1vila, Barcelona, Vizcaya, Castell\u00f3n, Girona, La Rioja, Madrid y Murcia.<\/p>\n","protected":false},"excerpt":{"rendered":"El sorteo ordinario de la Loter\u00eda Nacional celebrado este s\u00e1bado, 15 de agosto de 2026, ha vuelto a&hellip;\n","protected":false},"author":2,"featured_media":712818,"comment_status":"","ping_status":"","sticky":false,"template":"","format":"standard","meta":{"footnotes":""},"categories":[80],"tags":[82,51,95,94,25,24,530,18865,813,863,48805,1566,23],"class_list":["post-712817","post","type-post","status-publish","format-standard","has-post-thumbnail","category-economia","tag-business","tag-deja","tag-economia","tag-economy","tag-es","tag-espana","tag-loteria","tag-loteria-nacional","tag-nacional","tag-parte","tag-santa-cruz-de-tenerife","tag-segundo","tag-spain"],"share_on_mastodon":{"url":"https:\/\/pubeurope.com\/@es\/117099968975076824","error":""},"_links":{"self":[{"href":"https:\/\/www.europesays.com\/es\/wp-json\/wp\/v2\/posts\/712817","targetHints":{"allow":["GET"]}}],"collection":[{"href":"https:\/\/www.europesays.com\/es\/wp-json\/wp\/v2\/posts"}],"about":[{"href":"https:\/\/www.europesays.com\/es\/wp-json\/wp\/v2\/types\/post"}],"author":[{"embeddable":true,"href":"https:\/\/www.europesays.com\/es\/wp-json\/wp\/v2\/users\/2"}],"replies":[{"embeddable":true,"href":"https:\/\/www.europesays.com\/es\/wp-json\/wp\/v2\/comments?post=712817"}],"version-history":[{"count":0,"href":"https:\/\/www.europesays.com\/es\/wp-json\/wp\/v2\/posts\/712817\/revisions"}],"wp:featuredmedia":[{"embeddable":true,"href":"https:\/\/www.europesays.com\/es\/wp-json\/wp\/v2\/media\/712818"}],"wp:attachment":[{"href":"https:\/\/www.europesays.com\/es\/wp-json\/wp\/v2\/media?parent=712817"}],"wp:term":[{"taxonomy":"category","embeddable":true,"href":"https:\/\/www.europesays.com\/es\/wp-json\/wp\/v2\/categories?post=712817"},{"taxonomy":"post_tag","embeddable":true,"href":"https:\/\/www.europesays.com\/es\/wp-json\/wp\/v2\/tags?post=712817"}],"curies":[{"name":"wp","href":"https:\/\/api.w.org\/{rel}","templated":true}]}}