{"id":712881,"date":"2026-08-15T15:08:12","date_gmt":"2026-08-15T15:08:12","guid":{"rendered":"https:\/\/www.europesays.com\/es\/712881\/"},"modified":"2026-08-15T15:08:12","modified_gmt":"2026-08-15T15:08:12","slug":"al-menos-nueve-muertos-en-nuevos-ataques-de-israel-contra-el-sur-de-libano-internacional","status":"publish","type":"post","link":"https:\/\/www.europesays.com\/es\/712881\/","title":{"rendered":"Al menos nueve muertos en nuevos ataques de Israel contra el sur de L\u00edbano | Internacional"},"content":{"rendered":"<p class=\"\">Al menos nueve personas han muerto en ataques israel\u00edes en el sur del L\u00edbano este s\u00e1bado, seg\u00fan ha informado la agencia estatal de noticias libanesa. Siete de las v\u00edctimas perecieron cuando aviones de guerra israel\u00edes atacaron una casa en la aldea sure\u00f1a de Ansar, mientras que otras dos murieron en un ataque contra la aldea de Deir el Zahrani, seg\u00fan ha comunicado la Agencia Nacional de Noticias. La ofensiva ha causado heridas a otras 11 personas. Estos ataques se encuentran entre los m\u00e1s mort\u00edferos en las semanas transcurridas desde que L\u00edbano acord\u00f3 <a href=\"https:\/\/elpais.com\/internacional\/2026-06-04\/israel-y-libano-acuerdan-un-alto-el-fuego-mediado-por-estados-unidos.html\" target=\"_self\" rel=\"nofollow noopener\" title=\"https:\/\/elpais.com\/internacional\/2026-06-04\/israel-y-libano-acuerdan-un-alto-el-fuego-mediado-por-estados-unidos.html\">un alto el fuego con Israel con la mediaci\u00f3n de Estados Unidos, a principios de junio<\/a>. <\/p>\n<p class=\"\">El acuerdo prev\u00e9 que las tropas israel\u00edes se mantengan dentro del sur ocupado del L\u00edbano hasta que la milicia libanesa Hezbol\u00e1, su principal enemigo de guerra, sea desarmado, y el ej\u00e9rcito liban\u00e9s tome el control. Estas condiciones ha sido rechazadas por el grupo armado apoyado por Ir\u00e1n por considerarlas una rendici\u00f3n. \u201cEl acuerdo marco&#8230; es una orden israel\u00ed escrita con tinta israel\u00ed que las autoridades libanesas han firmado\u201d, ha dicho el l\u00edder de Hezbol\u00e1, Naim Qassem, en un discurso este viernes. <\/p>\n<p class=\"\">El ej\u00e9rcito israel\u00ed afirm\u00f3 haber atacado infraestructura de Hezbol\u00e1 durante la noche en lo que describi\u00f3 como una zona de seguridad en el sur del L\u00edbano, en respuesta a acciones contra sus soldados. Seg\u00fan la agencia estatal de noticias, entre los siete fallecidos en Ansar se encontraban tres ni\u00f1os y dos mujeres. Funcionarios libaneses condenaron los ataques.<\/p>\n<p class=\"\">\u201cLos m\u00e1rtires del ataque israel\u00ed contra la aldea de Ansar no son infraestructura militar, y las mujeres y los ni\u00f1os asesinados no son objetivos militares\u201d, ha declarado el primer ministro liban\u00e9s, Nawaf Salam.<\/p>\n<p class=\"\">El ej\u00e9rcito israel\u00ed ha ocupado una franja del sur del L\u00edbano <a href=\"https:\/\/elpais.com\/internacional\/2026-06-05\/la-ofensiva-israeli-en-el-sur-de-libano-tres-meses-de-devastacion-e-impunidad.html\" target=\"_self\" rel=\"nofollow noopener\" title=\"https:\/\/elpais.com\/internacional\/2026-06-05\/la-ofensiva-israeli-en-el-sur-de-libano-tres-meses-de-devastacion-e-impunidad.html\">durante la \u00faltima contienda mantenida con Hezbola<\/a>, desencadenada despu\u00e9s de que la milicia libanesa disparara contra Israel tras el inicio de la guerra entre Estados Unidos e Israel contra Ir\u00e1n, a finales de febrero. <\/p>\n<p class=\"\">El Gobierno israel\u00ed ha declarado que mantendr\u00e1 sus fuerzas all\u00ed para proteger el norte de Israel de nuevos ataques. Durante una visita al sur del L\u00edbano el jueves, el ministro de Defensa, Israel Katz, afirm\u00f3 que su ej\u00e9rcito no se retirar\u00eda de las zonas bajo su control hasta que Hezbol\u00e1 fuera desarmado. <\/p>\n<p class=\"\">Un funcionario del Departamento de Estado de Estados Unidos declar\u00f3 que una presencia militar israel\u00ed permanente en la zona no era compatible con los compromisos establecidos en el acuerdo con el gobierno liban\u00e9s. Al menos 4.300 personas han muerto en el L\u00edbano durante la \u00faltima escalada b\u00e9lica entre los bandos iniciada el pasado 2 de marzo.<\/p>\n","protected":false},"excerpt":{"rendered":"Al menos nueve personas han muerto en ataques israel\u00edes en el sur del L\u00edbano este s\u00e1bado, seg\u00fan ha&hellip;\n","protected":false},"author":2,"featured_media":712882,"comment_status":"","ping_status":"","sticky":false,"template":"","format":"standard","meta":{"footnotes":""},"categories":[42],"tags":[17,18,68,70,71,72,13,14,73,69,75,11,61,62,63,64,74,19,20,9,10,15,16,77,76,12,21,22,65,66,67],"class_list":["post-712881","post","type-post","status-publish","format-standard","has-post-thumbnail","category-internacional","tag-breaking-news","tag-breakingnews","tag-conflicto-arabe-israeli","tag-conflictos","tag-conflictos-armados","tag-conflictos-internacionales","tag-featured-news","tag-featurednews","tag-franja-gaza","tag-guerra","tag-hamas","tag-headlines","tag-internacional","tag-international","tag-international-news","tag-internationalnews","tag-israel","tag-latest-news","tag-latestnews","tag-news","tag-noticias","tag-noticias-destacadas","tag-noticiasdestacadas","tag-oriente-proximo","tag-palestina","tag-titulares","tag-ultimas-noticias","tag-ultimasnoticias","tag-world","tag-world-news","tag-worldnews"],"share_on_mastodon":{"url":"","error":"Validation failed: Text character limit of 500 exceeded"},"_links":{"self":[{"href":"https:\/\/www.europesays.com\/es\/wp-json\/wp\/v2\/posts\/712881","targetHints":{"allow":["GET"]}}],"collection":[{"href":"https:\/\/www.europesays.com\/es\/wp-json\/wp\/v2\/posts"}],"about":[{"href":"https:\/\/www.europesays.com\/es\/wp-json\/wp\/v2\/types\/post"}],"author":[{"embeddable":true,"href":"https:\/\/www.europesays.com\/es\/wp-json\/wp\/v2\/users\/2"}],"replies":[{"embeddable":true,"href":"https:\/\/www.europesays.com\/es\/wp-json\/wp\/v2\/comments?post=712881"}],"version-history":[{"count":0,"href":"https:\/\/www.europesays.com\/es\/wp-json\/wp\/v2\/posts\/712881\/revisions"}],"wp:featuredmedia":[{"embeddable":true,"href":"https:\/\/www.europesays.com\/es\/wp-json\/wp\/v2\/media\/712882"}],"wp:attachment":[{"href":"https:\/\/www.europesays.com\/es\/wp-json\/wp\/v2\/media?parent=712881"}],"wp:term":[{"taxonomy":"category","embeddable":true,"href":"https:\/\/www.europesays.com\/es\/wp-json\/wp\/v2\/categories?post=712881"},{"taxonomy":"post_tag","embeddable":true,"href":"https:\/\/www.europesays.com\/es\/wp-json\/wp\/v2\/tags?post=712881"}],"curies":[{"name":"wp","href":"https:\/\/api.w.org\/{rel}","templated":true}]}}