{"id":712953,"date":"2026-08-15T16:07:41","date_gmt":"2026-08-15T16:07:41","guid":{"rendered":"https:\/\/www.europesays.com\/es\/712953\/"},"modified":"2026-08-15T16:07:41","modified_gmt":"2026-08-15T16:07:41","slug":"el-verano-sencillo-y-familiar-de-barbara-goenaga-y-borja-semper-despues-del-ano-mas-duro-tras-superar-el-cancer","status":"publish","type":"post","link":"https:\/\/www.europesays.com\/es\/712953\/","title":{"rendered":"El verano sencillo y familiar de B\u00e1rbara Goenaga y Borja S\u00e9mper despu\u00e9s del a\u00f1o m\u00e1s duro tras superar el c\u00e1ncer"},"content":{"rendered":"<p id=\"eQh01ZnBfY\" data-wc=\"72\"><a class=\"hm-link ho-link\" href=\"https:\/\/www.hola.com\/actualidad\/20250714844074\/borja-semper-anuncia-que-tiene-cancer\/\" rel=\"noopener nofollow\" target=\"_blank\" data-mrf-recirculation=\"article-body-link\">El 14 de julio de 2025, Borja S\u00e9mper se preparaba para la rueda de prensa m\u00e1s complicada de su vida.<\/a> Ante los medios, y de forma totalmente inesperada para los profesionales de la informaci\u00f3n, el portavoz de la direcci\u00f3n nacional del Partido Popular anunciaba que se alejaba de la pol\u00edtica por un tiempo indeterminado para tratarse el c\u00e1ncer de p\u00e1ncreas que le hab\u00edan diagnosticado. <a class=\"hm-link ho-link\" href=\"https:\/\/www.hola.com\/actualidad\/2015030977323\/borja-semper-habla-barbara-goenaga\/\" data-mrf-recirculation=\"article-body-link\" rel=\"nofollow noopener\" target=\"_blank\">\u00abNo est\u00e1 siendo f\u00e1cil\u00bb, dijo, pero \u00absaldremos adelante\u00bb<\/a><strong>.<\/strong><\/p>\n<p>Te recomendamosSeguir leyendo<br \/>\n <img src=\"https:\/\/www.europesays.com\/es\/wp-content\/uploads\/2026\/08\/3abf5e8654f9-gettyimages-2276249700.jpg\"   width=\"1024\" height=\"682\" loading=\"lazy\" decoding=\"async\" alt=\"Borja S\u00e9mper, portavoz y vicesecretario de Cultura y Deporte del Partido Popular, durante un paseo electoral en la Plaza de la Encarnaci\u00f3n de Sevilla (Andaluc\u00eda), el 14 de mayo de 2026. El dirigente visit\u00f3 la capital andaluza para apoyar la campa\u00f1a del PP-A de cara a las elecciones del 17 de mayo, retomando su actividad pol\u00edtica tras casi diez meses de baja m\u00e9dica debido a un c\u00e1ncer.\" fetchpriority=\"auto\" class=\"image ho-image\"\/>\u00a9 Getty ImagesBorja S\u00e9mper, portavoz y vicesecretario de Cultura y Deporte del Partido Popular<\/p>\n<p id=\"elUKwSpHuJE\" data-wc=\"94\">Poco m\u00e1s de un a\u00f1o despu\u00e9s, el verano ha sido completamente distinto para el pol\u00edtico y su mujer, la actriz B\u00e1rbara Goenaga. <strong>Tras haber superado la enfermedad, este periodo estival adquiere para \u00e9l y su familia un nuevo significado\u00a0<\/strong>en el que la palabra gratitud se destaca en negrita. <a class=\"hm-link ho-link\" href=\"https:\/\/www.hola.com\/actualidad\/20260730915539\/borja-semper-y-barbara-goenaga-con-sus-hijos-entre-el-mar-y-la-playa-de-san-sebastian\/\" rel=\"noopener nofollow\" target=\"_blank\" data-mrf-recirculation=\"article-body-link\">\u00abEl mar, la playa y el verano de San Sebasti\u00e1n\u00bb<\/a>: as\u00ed defini\u00f3 hace poco S\u00e9mper los tres elementos que est\u00e1n devolvi\u00e9ndole la sonrisa y que est\u00e1n marcando las vacaciones de verano. Entre la sencillez y la calma, el pol\u00edtico recupera la serenidad y la normalidad.\u00a0<\/p>\n<p> <img src=\"https:\/\/www.europesays.com\/es\/wp-content\/uploads\/2026\/08\/b51f5e39ce8f-snapinstato775523624186425224870327295988084722240268904n.jpg\"   width=\"768\" height=\"1024\" loading=\"lazy\" decoding=\"async\" alt=\"Una imagen del verano m\u00e1s especial de B\u00e1rbara Goenaga\" fetchpriority=\"auto\" class=\"image ho-image\"\/>\u00a9 barbaragoenagaUna imagen del verano m\u00e1s especial de B\u00e1rbara Goenaga<\/p>\n<p> <img src=\"https:\/\/www.europesays.com\/es\/wp-content\/uploads\/2026\/08\/fc9189037108-snapinstato77415700418642522400032729571176491186056185n.jpg\"   width=\"768\" height=\"1024\" loading=\"lazy\" decoding=\"async\" alt=\"B\u00e1rbara Goenaga disfruta de su verano acompa\u00f1ada de Borja S\u00e9mper y sus dos peque\u00f1os\" fetchpriority=\"auto\" class=\"image ho-image\"\/>\u00a9 barbaragoenagaB\u00e1rbara Goenaga disfruta de su verano acompa\u00f1ada de Borja S\u00e9mper y sus dos peque\u00f1os<\/p>\n<p> <img src=\"https:\/\/www.europesays.com\/es\/wp-content\/uploads\/2026\/08\/1bedb6f9a040-snapinstato770584764186425223.jpg\"   width=\"768\" height=\"1024\" loading=\"lazy\" decoding=\"async\" alt=\"Como una sirena\" fetchpriority=\"auto\" class=\"image ho-image\"\/>\u00a9 barbaragoenagaComo una sirena<\/p>\n<p id=\"e6b8j2BKn56\" data-wc=\"113\">Si a finales de julio la pareja compart\u00eda unas bell\u00edsimas im\u00e1genes de sus paseos por la playa de la Concha, ahora ha sido B\u00e1rbara quien nos ha permitido adentrarnos en sus d\u00edas de descanso y relajaci\u00f3n a trav\u00e9s de una publicaci\u00f3n en sus redes sociales. Calamares en un chiringuito, el mar rozando los dedos de los pies y tiempo de calidad con su marido y sus hijos en una nueva escapada estival de lo m\u00e1s especial. Sin duda, unas postales que demuestran que ambos <strong>est\u00e1n exprimiendo estos d\u00edas de agosto al m\u00e1ximo despu\u00e9s del a\u00f1o m\u00e1s complicado para el pol\u00edtico<\/strong>, que vuelve a apreciar de nuevo que la clave est\u00e1 en la sencillez.<\/p>\n<p> <img src=\"https:\/\/www.europesays.com\/es\/wp-content\/uploads\/2026\/08\/ce5692bae6b4-snapinstato773975582186425224180327298990533687441197911n.jpg\"   width=\"768\" height=\"1024\" loading=\"lazy\" decoding=\"async\" alt=\"B\u00e1rbara, disfrutando del sol\" fetchpriority=\"auto\" class=\"image ho-image\"\/>\u00a9 barbaragoenagaB\u00e1rbara, disfrutando del sol<\/p>\n<p> <img src=\"https:\/\/www.europesays.com\/es\/wp-content\/uploads\/2026\/08\/64fbecdc40f6-snapinstato773098991186425225410327297843878596274207585n.jpg\"   width=\"768\" height=\"1024\" loading=\"lazy\" decoding=\"async\" alt=\"Un ba\u00f1o nocturno\" fetchpriority=\"auto\" class=\"image ho-image\"\/>\u00a9 barbaragoenagaUn ba\u00f1o nocturno<\/p>\n<p> <img src=\"https:\/\/www.europesays.com\/es\/wp-content\/uploads\/2026\/08\/8fcd9d052df5-snapinstato7734926041864252245403272934373760255563911n.jpg\"   width=\"768\" height=\"1024\" loading=\"lazy\" decoding=\"async\" alt=\"Una de las deliciosas comidas \" fetchpriority=\"auto\" class=\"image ho-image\"\/>\u00a9 barbaragoenagaUna de las deliciosas comidas <\/p>\n<p> <img src=\"https:\/\/www.europesays.com\/es\/wp-content\/uploads\/2026\/08\/e81cbadab9a5-snapinstato774128079186425224750327294963113434495502872n.jpg\"   width=\"768\" height=\"1024\" loading=\"lazy\" decoding=\"async\" alt=\"Las vistas desde el barco en el que pasan unos d\u00edas de lo m\u00e1s lujosos\" fetchpriority=\"auto\" class=\"image ho-image\"\/>\u00a9 barbaragoenagaLas vistas desde el barco en el que pasan unos d\u00edas de lo m\u00e1s lujosos<br \/>\nSu reconocimiento en M\u00e1laga<\/p>\n<p id=\"e4sDlHc2uf\" data-wc=\"104\"><a class=\"hm-link ho-link\" href=\"https:\/\/www.hola.com\/actualidad\/20260811917553\/borja-semper-vida-despues-cancer-un-anio\/\" rel=\"noopener nofollow\" target=\"_blank\" data-mrf-recirculation=\"article-body-link\">Hace unos d\u00edas, adem\u00e1s, Borja recibi\u00f3 un bonito homenaje en M\u00e1laga.<\/a> El portavoz del Partido Popular est\u00e1 muy agradecido a la delegaci\u00f3n que tiene en la ciudad andaluza la Asociaci\u00f3n Contra el C\u00e1ncer. En una especial y elegante gala le entregaron el <strong>Premio The Fighter<\/strong>, traducido como &#8216;El luchador&#8217;, \u00abporque<strong>\u00a0su ejemplo ante la enfermedad y su testimonio, que ha contribuido de forma significativa a mostrar la realidad del c\u00e1ncer y a dar esperanza a quienes atraviesan una situaci\u00f3n similar\u201d.<\/strong><strong>\u00a0<\/strong>Se trata de un reconocimiento que distingue a personas que contribuyen a normalizar la enfermedad y a romper los estigmas que a\u00fan lo rodean.<\/p>\n<p> <img src=\"https:\/\/www.europesays.com\/es\/wp-content\/uploads\/2026\/08\/9e78234b9d6c-borja-semper-y-presidente-y-vicepresidenta-marbella.jpg\"   width=\"682\" height=\"1024\" loading=\"lazy\" decoding=\"async\" alt=\"Borja S\u00e9mper posa con el Premio The Figher\" fetchpriority=\"auto\" class=\"image ho-image\"\/>Borja S\u00e9mper posa con el Premio The Figher<\/p>\n<p id=\"eIH5MAtYxEp\" data-wc=\"51\">\u00abHay cientos de miles de personas que hoy, justo en este momento, afrontan un tratamiento contra el c\u00e1ncer, tienen miedo, est\u00e1n f\u00edsica y emocionalmente agotadas y cualquier \u00e1nimo y esperanza es muy importante. <strong>Si de algo sirve lo que pueda contarles, quiero hacer de mi propia experiencia algo \u00fatil\u00bb<\/strong>, dijo emocionado.<\/p>\n<p> <img src=\"https:\/\/www.europesays.com\/es\/wp-content\/uploads\/2026\/08\/6f8c795b180a-borja-semper-mesa.jpg\"   width=\"1024\" height=\"682\" loading=\"lazy\" decoding=\"async\" alt=\"La mesa donde estuvo sentado el politico vasco y su mujer\" fetchpriority=\"auto\" class=\"image ho-image\"\/>La mesa donde estuvo sentado el politico vasco y su mujer<br \/>\nB\u00e1rbara, su mayor apoyo<\/p>\n<p data-wc=\"103\" id=\"eKqY-HQmTL\"><strong>\u00a0\u201cEstoy muy feliz y B\u00e1rbara es una mujer espectacular\u201d<\/strong>, dijo de ella hace casi una d\u00e9cada, cuando comenzaron un noviazgo que ya se ha materializado en forma de familia. La actriz vasca, hija del reconocido pintor Juan Luis Goenaga y sobrina de la directora de cine Aizpea Goenaga, y Borja S\u00e9mper se conocieron en el verano de 2014 a trav\u00e9s de amigos en com\u00fan. Sin embargo, su relaci\u00f3n no se hizo oficial hasta marzo de 2015, cuando <a class=\"hm-link ho-link\" href=\"https:\/\/www.hola.com\/actualidad\/2015030377213\/barbara-goenaga-romance-borja-semper\/\" data-mrf-recirculation=\"article-body-link\" rel=\"nofollow noopener\" target=\"_blank\">la actriz lo confirm\u00f3 de manera virtual<\/a>. Desde entonces, se han vuelto inseparables y no pueden estar m\u00e1s orgullosos de todo lo que han construido juntos.\u00a0<\/p>\n<p> <img src=\"https:\/\/www.europesays.com\/es\/wp-content\/uploads\/2026\/08\/5e7379a73db4-gettyimages-2264989423.jpg\"   width=\"1024\" height=\"657\" loading=\"lazy\" decoding=\"async\" alt=\"Borja S\u00e9mper y B\u00e1rbara Goenaga en la Feria ARCO 2026\" fetchpriority=\"auto\" class=\"image ho-image\"\/>\u00a9 Europa PressBorja S\u00e9mper y Barbara Goenaga en la Feria ARCO 2026<\/p>\n<p data-wc=\"75\" id=\"eUdw-ZxnQQx\">Borja tiene un ni\u00f1o llamado Pablo, fruto de su primer matrimonio con la hija de un conocido empresario vasco, y B\u00e1rbara es madre de Aran, nacido de su relaci\u00f3n de seis a\u00f1os con el tambi\u00e9n actor \u00d3scar Jaenada. <a class=\"hm-link ho-link\" href=\"https:\/\/www.hola.com\/actualidad\/20220112202628\/barbara-goenaga-nuevos-proyectos-joyas\/\" data-mrf-recirculation=\"article-body-link\" rel=\"nofollow noopener\" target=\"_blank\">De su romance, sin embargo, han nacido sus dos hijos en com\u00fan<\/a><strong>.\u00a0<\/strong>En febrero de 2016 la pareja dio la bienvenida a su primer hijo, <strong>Telmo<\/strong>. Su segundo ni\u00f1o, <strong>Eliot<\/strong>, naci\u00f3 el 7 de septiembre de 2018.\u00a0<\/p>\n","protected":false},"excerpt":{"rendered":"El 14 de julio de 2025, Borja S\u00e9mper se preparaba para la rueda de prensa m\u00e1s complicada de&hellip;\n","protected":false},"author":2,"featured_media":712954,"comment_status":"","ping_status":"","sticky":false,"template":"","format":"standard","meta":{"footnotes":""},"categories":[174],"tags":[517,22657,22722,255,146,147,25,24,256,23],"class_list":["post-712953","post","type-post","status-publish","format-standard","has-post-thumbnail","category-famosos","tag-actualidad","tag-barbara-goenaga","tag-borja-semper","tag-celebrities","tag-entertainment","tag-entretenimiento","tag-es","tag-espana","tag-famosos","tag-spain"],"share_on_mastodon":{"url":"https:\/\/pubeurope.com\/@es\/117100391191313201","error":""},"_links":{"self":[{"href":"https:\/\/www.europesays.com\/es\/wp-json\/wp\/v2\/posts\/712953","targetHints":{"allow":["GET"]}}],"collection":[{"href":"https:\/\/www.europesays.com\/es\/wp-json\/wp\/v2\/posts"}],"about":[{"href":"https:\/\/www.europesays.com\/es\/wp-json\/wp\/v2\/types\/post"}],"author":[{"embeddable":true,"href":"https:\/\/www.europesays.com\/es\/wp-json\/wp\/v2\/users\/2"}],"replies":[{"embeddable":true,"href":"https:\/\/www.europesays.com\/es\/wp-json\/wp\/v2\/comments?post=712953"}],"version-history":[{"count":0,"href":"https:\/\/www.europesays.com\/es\/wp-json\/wp\/v2\/posts\/712953\/revisions"}],"wp:featuredmedia":[{"embeddable":true,"href":"https:\/\/www.europesays.com\/es\/wp-json\/wp\/v2\/media\/712954"}],"wp:attachment":[{"href":"https:\/\/www.europesays.com\/es\/wp-json\/wp\/v2\/media?parent=712953"}],"wp:term":[{"taxonomy":"category","embeddable":true,"href":"https:\/\/www.europesays.com\/es\/wp-json\/wp\/v2\/categories?post=712953"},{"taxonomy":"post_tag","embeddable":true,"href":"https:\/\/www.europesays.com\/es\/wp-json\/wp\/v2\/tags?post=712953"}],"curies":[{"name":"wp","href":"https:\/\/api.w.org\/{rel}","templated":true}]}}