{"id":71311,"date":"2025-08-25T14:37:12","date_gmt":"2025-08-25T14:37:12","guid":{"rendered":"https:\/\/www.europesays.com\/es\/71311\/"},"modified":"2025-08-25T14:37:12","modified_gmt":"2025-08-25T14:37:12","slug":"frank-torres-exdirectivo-de-nissan-liderara-la-division-de-vehiculos-militares-de-indra","status":"publish","type":"post","link":"https:\/\/www.europesays.com\/es\/71311\/","title":{"rendered":"Frank Torres, exdirectivo de Nissan, liderar\u00e1 la divisi\u00f3n de veh\u00edculos militares de Indra"},"content":{"rendered":"\n<p class=\"yf-1090901\">El consejo de administraci\u00f3n de <a class=\"link \" href=\"https:\/\/www.estrategiasdeinversion.com\/cotizaciones\/indices\/mercado-continuo\/indra\" rel=\"nofollow noopener\" target=\"_blank\" data-ylk=\"slk:Indra;elm:context_link;itc:0;sec:content-canvas\">Indra<\/a>\u00a0 ha tomado la decisi\u00f3n de designar a <strong>Frank Torres<\/strong>, exdirectivo de Nissan, como director general de<strong> Indra Land Vehicles<\/strong>, la divisi\u00f3n de la compa\u00f1\u00eda dedicada a veh\u00edculos militares terrestres. Esta noticia fue comunicada a trav\u00e9s de la Comisi\u00f3n Nacional del Mercado de Valores (CNMV).<\/p>\n<p class=\"yf-1090901\">Frank Torres cuenta con una amplia experiencia en el sector automotriz, habiendo ocupado diversos cargos de alta direcci\u00f3n en Nissan, incluyendo la presidencia de la filial de la compa\u00f1\u00eda en India. Su trayectoria profesional abarca m\u00e1s de 30 a\u00f1os y se ha destacado por su liderazgo en la gesti\u00f3n de proyectos complejos, la estrategia de desarrollo y producci\u00f3n de veh\u00edculos a nivel internacional.<\/p>\n<p class=\"yf-1090901\">Desde Indra, se destaca que la incorporaci\u00f3n de Frank Torres fortalece la apuesta estrat\u00e9gica de la compa\u00f1\u00eda por el desarrollo de capacidades industriales en el \u00e1mbito de los veh\u00edculos militares terrestres. Seg\u00fan un comunicado de la empresa, Torres aporta una s\u00f3lida experiencia en liderazgo y transformaci\u00f3n de negocios, siendo un referente en la ejecuci\u00f3n de programas estrat\u00e9gicos a gran escala.<\/p>\n<p class=\"yf-1090901\">Jos\u00e9 Vicente de los Mozos, consejero delegado de Indra, ha expresado que la llegada de Torres refuerza la apuesta por el talento y la excelencia operativa de la empresa, subrayando su experiencia internacional y capacidad de liderazgo para afrontar los retos estrat\u00e9gicos futuros.<\/p>\n<p class=\"yf-1090901\">La designaci\u00f3n de Frank Torres como director general de Indra Land Vehicles tiene como objetivo impulsar el desarrollo de soluciones avanzadas para veh\u00edculos militares terrestres, coordinar programas clave del grupo y fortalecer las sinergias entre las diferentes \u00e1reas de negocio de la compa\u00f1\u00eda. Indra considera que esta divisi\u00f3n es fundamental en su plan estrat\u00e9gico para posicionarse como un actor global en el sector aeroespacial y de defensa para el a\u00f1o 2030.<\/p>\n<p class=\"yf-1090901\">En l\u00ednea con su estrategia de crecimiento, Indra ha cerrado recientemente la adquisici\u00f3n de &#8216;El Taller\u00f3n&#8217;, una f\u00e1brica de calderer\u00eda pesada en Gij\u00f3n, por 3,6 millones de euros. Esta instalaci\u00f3n, que ser\u00e1 reconvertida para la producci\u00f3n de veh\u00edculos blindados, se convertir\u00e1 en el centro neur\u00e1lgico de la divisi\u00f3n de veh\u00edculos militares de la compa\u00f1\u00eda. Se prev\u00e9 una inversi\u00f3n significativa en modernizaci\u00f3n y formaci\u00f3n, as\u00ed como la integraci\u00f3n de m\u00e1s de 150 profesionales.<\/p>\n<p class=\"yf-1090901\">Adem\u00e1s, Indra ha firmado un acuerdo de hasta 13 millones de euros con General Dynamics European Land Systems (GDELS) para formar a los empleados de Tess Defence en las labores de montaje final de los blindados 8&#215;8 Drag\u00f3n para el Ej\u00e9rcito espa\u00f1ol. Este acuerdo busca fortalecer las capacidades de producci\u00f3n de la compa\u00f1\u00eda y garantizar la calidad de sus productos en el mercado de defensa.<\/p>\n","protected":false},"excerpt":{"rendered":"El consejo de administraci\u00f3n de Indra\u00a0 ha tomado la decisi\u00f3n de designar a Frank Torres, exdirectivo de Nissan,&hellip;\n","protected":false},"author":2,"featured_media":71312,"comment_status":"","ping_status":"","sticky":false,"template":"","format":"standard","meta":{"footnotes":""},"categories":[80],"tags":[82,95,94,25,24,28283,28282,7834,96,23,14968],"class_list":{"0":"post-71311","1":"post","2":"type-post","3":"status-publish","4":"format-standard","5":"has-post-thumbnail","7":"category-economia","8":"tag-business","9":"tag-economia","10":"tag-economy","11":"tag-es","12":"tag-espana","13":"tag-estrategia-de-crecimiento","14":"tag-frank-torres","15":"tag-indra","16":"tag-millones-de-euros","17":"tag-spain","18":"tag-vehiculos-militares"},"share_on_mastodon":{"url":"","error":""},"_links":{"self":[{"href":"https:\/\/www.europesays.com\/es\/wp-json\/wp\/v2\/posts\/71311","targetHints":{"allow":["GET"]}}],"collection":[{"href":"https:\/\/www.europesays.com\/es\/wp-json\/wp\/v2\/posts"}],"about":[{"href":"https:\/\/www.europesays.com\/es\/wp-json\/wp\/v2\/types\/post"}],"author":[{"embeddable":true,"href":"https:\/\/www.europesays.com\/es\/wp-json\/wp\/v2\/users\/2"}],"replies":[{"embeddable":true,"href":"https:\/\/www.europesays.com\/es\/wp-json\/wp\/v2\/comments?post=71311"}],"version-history":[{"count":0,"href":"https:\/\/www.europesays.com\/es\/wp-json\/wp\/v2\/posts\/71311\/revisions"}],"wp:featuredmedia":[{"embeddable":true,"href":"https:\/\/www.europesays.com\/es\/wp-json\/wp\/v2\/media\/71312"}],"wp:attachment":[{"href":"https:\/\/www.europesays.com\/es\/wp-json\/wp\/v2\/media?parent=71311"}],"wp:term":[{"taxonomy":"category","embeddable":true,"href":"https:\/\/www.europesays.com\/es\/wp-json\/wp\/v2\/categories?post=71311"},{"taxonomy":"post_tag","embeddable":true,"href":"https:\/\/www.europesays.com\/es\/wp-json\/wp\/v2\/tags?post=71311"}],"curies":[{"name":"wp","href":"https:\/\/api.w.org\/{rel}","templated":true}]}}