{"id":71315,"date":"2025-08-25T14:39:08","date_gmt":"2025-08-25T14:39:08","guid":{"rendered":"https:\/\/www.europesays.com\/es\/71315\/"},"modified":"2025-08-25T14:39:08","modified_gmt":"2025-08-25T14:39:08","slug":"eh-bildu-y-erc-exigen-a-sanchez-mas-nacion-para-euskadi-y-cataluna-frente-a-la-ola-reaccionaria-espana","status":"publish","type":"post","link":"https:\/\/www.europesays.com\/es\/71315\/","title":{"rendered":"EH Bildu y ERC exigen a S\u00e1nchez \u201cm\u00e1s naci\u00f3n\u201d para Euskadi y Catalu\u00f1a \u201cfrente a la ola reaccionaria\u201d | Espa\u00f1a"},"content":{"rendered":"<p class=\"\">EH Bildu y ERC, dos de los partidos que vienen sosteniendo al Gobierno de Pedro S\u00e1nchez desde su investidura, han querido marcar territorio y fijar cu\u00e1les ser\u00e1n sus condiciones para seguir apoyando las pol\u00edticas del Ejecutivo central en los pr\u00f3ximos meses. Ante el oto\u00f1o caliente que le espera a S\u00e1nchez tras el par\u00f3n veraniego y <a href=\"https:\/\/elpais.com\/espana\/2025-07-28\/sanchez-asegura-que-presentara-los-presupuestos-de-2026-y-descarta-el-adelanto-electoral-las-legislaturas-duran-cuatro-anos-no-cuatro-minutos-como-quiere-el-pp.html\" target=\"_self\" rel=\"nofollow noopener\" title=\"https:\/\/elpais.com\/espana\/2025-07-28\/sanchez-asegura-que-presentara-los-presupuestos-de-2026-y-descarta-el-adelanto-electoral-las-legislaturas-duran-cuatro-anos-no-cuatro-minutos-como-quiere-el-pp.html\">en v\u00edsperas de que arranque la negociaci\u00f3n de los Presupuestos del Estado de 2026<\/a>, las dos formaciones soberanistas han coincidido hoy en que \u201cla soluci\u00f3n\u201d para \u201chacer frente a la ola reaccionaria que se levanta\u201d en Espa\u00f1a es \u201cm\u00e1s naci\u00f3n y m\u00e1s construcci\u00f3n nacional\u201d en Euskadi y Catalu\u00f1a, seg\u00fan indican en un comunicado conjunto distribuido tras una reuni\u00f3n en San Sebasti\u00e1n.<\/p>\n<p class=\"\">Los l\u00edderes de ambos partidos, <a href=\"\" rel=\"\" title=\"\">Arnaldo Otegi<\/a> y <a href=\"https:\/\/elpais.com\/espana\/catalunya\/2025-08-18\/junqueras-cuestiona-la-idoneidad-de-montero-para-negociar-los-presupuestos-de-2026.html\" target=\"_self\" rel=\"nofollow noopener\" title=\"https:\/\/elpais.com\/espana\/catalunya\/2025-08-18\/junqueras-cuestiona-la-idoneidad-de-montero-para-negociar-los-presupuestos-de-2026.html\">Oriol Junqueras<\/a>, han encabezado este lunes sendas delegaciones de EH Bildu y ERC en un encuentro celebrado en la sede de la formaci\u00f3n vasca en San Sebasti\u00e1n, en la que tambi\u00e9n han participado, por parte de EH Bildu, su secretario de Relaciones pol\u00edticas y portavoz en el Senado, Gorka Elejabarrieta, y la portavoz adjunta del Senado y miembro de la Mesa Pol\u00edtica, Idurre Bideguren, y por ERC su secretaria general, Elisenda Alamany, y el adjunto a la Secretar\u00eda General, Oriol L\u00f3pez.<\/p>\n<p class=\"\">En v\u00edsperas de arrancar un nuevo curso pol\u00edtico, los dirigentes de EH Bildu y ERC han analizado los escenarios que se pueden dar en los pr\u00f3ximos meses, con <a href=\"https:\/\/elpais.com\/espana\/2025-08-21\/el-gobierno-hace-gestos-a-erc-y-junts-para-encarar-la-negociacion-de-los-presupuestos.html\" target=\"_self\" rel=\"nofollow noopener\" title=\"https:\/\/elpais.com\/espana\/2025-08-21\/el-gobierno-hace-gestos-a-erc-y-junts-para-encarar-la-negociacion-de-los-presupuestos.html\">una negociaci\u00f3n presupuestaria a la vista<\/a> y la reactivaci\u00f3n de los procesos judiciales que afectan al PSOE por el caso Cerd\u00e1n y las causas abiertas contra familiares del presidente del Gobierno. Ninguno de los asistentes a la reuni\u00f3n ha comparecido ante los medios informativos y de lo tratado solo se conoce lo que ambos partidos han explicado en una breve nota informativa.<\/p>\n<p class=\"\">\u201cDesde EH Bildu y Esquerra Republicana entendemos que nos encontramos en un momento crucial para los pueblos vasco y catal\u00e1n. El Estado espa\u00f1ol vive una situaci\u00f3n compleja, ya que se encuentra en un punto de inflexi\u00f3n, con nuevos retos por delante\u201d, aseguran las formaciones en su comunicado.<\/p>\n<p class=\"\">Los independentistas vascos y catalanes coinciden en que, en la situaci\u00f3n actual, \u201cfrente a la ola reaccionaria\u201d que a su juicio \u201cse levanta\u201d en Espa\u00f1a solo cabe una \u201csoluci\u00f3n\u201d: \u201cM\u00e1s naci\u00f3n y m\u00e1s construcci\u00f3n nacional\u201d. \u201cEste fue y ser\u00e1 siempre el camino para hacer frente a situaciones como la actual\u201d, han apuntado. EH Bildu y ERC han avanzado que seguir\u00e1n esta senda \u201ctanto desde la calle como desde las instituciones\u201d.<\/p>\n<p class=\"\">\u201cEH Bildu y Esquerra Republicana somos partidos hermanos, independentistas y de izquierdas, de pueblos hermanos. Y siempre colaboraremos para que nuestros proyectos sean m\u00e1s fuertes y nuestras naciones m\u00e1s justas y m\u00e1s libres. Esto es lo que nos gu\u00eda\u201d, se\u00f1alan.<\/p>\n","protected":false},"excerpt":{"rendered":"EH Bildu y ERC, dos de los partidos que vienen sosteniendo al Gobierno de Pedro S\u00e1nchez desde su&hellip;\n","protected":false},"author":2,"featured_media":71316,"comment_status":"","ping_status":"","sticky":false,"template":"","format":"standard","meta":{"footnotes":""},"categories":[8],"tags":[28284,25690,17,18,13451,6324,25,24,13,14,248,11,19,20,9,10,15,16,28285,957,2959,21589,23,12,21,22],"class_list":{"0":"post-71315","1":"post","2":"type-post","3":"status-publish","4":"format-standard","5":"has-post-thumbnail","7":"category-espana","8":"tag-arnaldo-otegi","9":"tag-bildu","10":"tag-breaking-news","11":"tag-breakingnews","12":"tag-eh-bildu","13":"tag-erc","14":"tag-es","15":"tag-espana","16":"tag-featured-news","17":"tag-featurednews","18":"tag-gobierno-de-espana","19":"tag-headlines","20":"tag-latest-news","21":"tag-latestnews","22":"tag-news","23":"tag-noticias","24":"tag-noticias-destacadas","25":"tag-noticiasdestacadas","26":"tag-oriol-junqueras","27":"tag-partidos-politicos","28":"tag-pedro-sanchez","29":"tag-presupuestos-generales-estado","30":"tag-spain","31":"tag-titulares","32":"tag-ultimas-noticias","33":"tag-ultimasnoticias"},"share_on_mastodon":{"url":"","error":""},"_links":{"self":[{"href":"https:\/\/www.europesays.com\/es\/wp-json\/wp\/v2\/posts\/71315","targetHints":{"allow":["GET"]}}],"collection":[{"href":"https:\/\/www.europesays.com\/es\/wp-json\/wp\/v2\/posts"}],"about":[{"href":"https:\/\/www.europesays.com\/es\/wp-json\/wp\/v2\/types\/post"}],"author":[{"embeddable":true,"href":"https:\/\/www.europesays.com\/es\/wp-json\/wp\/v2\/users\/2"}],"replies":[{"embeddable":true,"href":"https:\/\/www.europesays.com\/es\/wp-json\/wp\/v2\/comments?post=71315"}],"version-history":[{"count":0,"href":"https:\/\/www.europesays.com\/es\/wp-json\/wp\/v2\/posts\/71315\/revisions"}],"wp:featuredmedia":[{"embeddable":true,"href":"https:\/\/www.europesays.com\/es\/wp-json\/wp\/v2\/media\/71316"}],"wp:attachment":[{"href":"https:\/\/www.europesays.com\/es\/wp-json\/wp\/v2\/media?parent=71315"}],"wp:term":[{"taxonomy":"category","embeddable":true,"href":"https:\/\/www.europesays.com\/es\/wp-json\/wp\/v2\/categories?post=71315"},{"taxonomy":"post_tag","embeddable":true,"href":"https:\/\/www.europesays.com\/es\/wp-json\/wp\/v2\/tags?post=71315"}],"curies":[{"name":"wp","href":"https:\/\/api.w.org\/{rel}","templated":true}]}}