{"id":713203,"date":"2026-08-15T19:29:20","date_gmt":"2026-08-15T19:29:20","guid":{"rendered":"https:\/\/www.europesays.com\/es\/713203\/"},"modified":"2026-08-15T19:29:20","modified_gmt":"2026-08-15T19:29:20","slug":"incendios-forestales-en-catalunya-y-resto-de-espana-en-directo-una-semana-del-fuego-de-niebla-huelva","status":"publish","type":"post","link":"https:\/\/www.europesays.com\/es\/713203\/","title":{"rendered":"Incendios forestales en Catalunya y resto de Espa\u00f1a, en directo: una semana del fuego de Niebla (Huelva)"},"content":{"rendered":"<p class=\"ft-text\">El Servicio Operativo de Extinci\u00f3n de Incendios Forestales de Andaluc\u00eda (Infoca) mantiene desplegados siete medios a\u00e9reos para combatir el incendio declarado este s\u00e1bado en un paraje de El Tur\u00f3n (Granada).<\/p>\n<p class=\"ft-text\">Seg\u00fan han informado a EFE fuentes del Infoca, el incendio forestal se ha declarado al mediod\u00eda de este s\u00e1bado en un paraje conocido como Las Ca\u00f1as de este municipio de la Alpujarra de Granada de unos 200 vecinos, un n\u00facleo cercano a la provincia de Almer\u00eda.<\/p>\n<p class=\"ft-text\">Para combatir el fuego, vinculado a la tormenta el\u00e9ctrica activa durante la jornada en Andaluc\u00eda Oriental, el Infoca ha reforzado los medios tanto a\u00e9reos como terrestres destinados a este paraje, que aunque no tiene mucha vegetaci\u00f3n, predomina el esparto, lo que hace m\u00e1s complejo su extinci\u00f3n.<\/p>\n<p class=\"ft-text\">Trabajan en la zona dos helic\u00f3pteros semipesados, dos ligeros y uno de mando, adem\u00e1s de dos aviones anfibios ligeros.<\/p>\n<p class=\"ft-text\">Estos medios refuerzan la labor que desarrollan desde tierra nueve grupos de bomberos forestales, con tres t\u00e9cnicos de operaciones, dos agentes de medio ambiente, una brica y cuatro autobomba.<\/p>\n<p class=\"ft-text\">Por otro lado, medios del Plan Infoca han controlado a las 13:35 horas de este s\u00e1bado el incendio declarado en un paraje de Alfacar por el impacto de un rayo.<\/p>\n","protected":false},"excerpt":{"rendered":"El Servicio Operativo de Extinci\u00f3n de Incendios Forestales de Andaluc\u00eda (Infoca) mantiene desplegados siete medios a\u00e9reos para combatir&hellip;\n","protected":false},"author":2,"featured_media":713204,"comment_status":"","ping_status":"","sticky":false,"template":"","format":"standard","meta":{"footnotes":""},"categories":[5],"tags":[4343,17,18,7800,2125,25,24,13,14,11,1458,315,4342,8877,19,20,9,10,15,16,23,12,1885,21,22],"class_list":["post-713203","post","type-post","status-publish","format-standard","has-post-thumbnail","category-titulares","tag-bomberos","tag-breaking-news","tag-breakingnews","tag-catalunya","tag-directo","tag-es","tag-espana","tag-featured-news","tag-featurednews","tag-headlines","tag-hora","tag-hoy","tag-incendios","tag-incendios-forestales","tag-latest-news","tag-latestnews","tag-news","tag-noticias","tag-noticias-destacadas","tag-noticiasdestacadas","tag-spain","tag-titulares","tag-ultima","tag-ultimas-noticias","tag-ultimasnoticias"],"share_on_mastodon":{"url":"https:\/\/pubeurope.com\/@es\/117101183975987217","error":""},"_links":{"self":[{"href":"https:\/\/www.europesays.com\/es\/wp-json\/wp\/v2\/posts\/713203","targetHints":{"allow":["GET"]}}],"collection":[{"href":"https:\/\/www.europesays.com\/es\/wp-json\/wp\/v2\/posts"}],"about":[{"href":"https:\/\/www.europesays.com\/es\/wp-json\/wp\/v2\/types\/post"}],"author":[{"embeddable":true,"href":"https:\/\/www.europesays.com\/es\/wp-json\/wp\/v2\/users\/2"}],"replies":[{"embeddable":true,"href":"https:\/\/www.europesays.com\/es\/wp-json\/wp\/v2\/comments?post=713203"}],"version-history":[{"count":0,"href":"https:\/\/www.europesays.com\/es\/wp-json\/wp\/v2\/posts\/713203\/revisions"}],"wp:featuredmedia":[{"embeddable":true,"href":"https:\/\/www.europesays.com\/es\/wp-json\/wp\/v2\/media\/713204"}],"wp:attachment":[{"href":"https:\/\/www.europesays.com\/es\/wp-json\/wp\/v2\/media?parent=713203"}],"wp:term":[{"taxonomy":"category","embeddable":true,"href":"https:\/\/www.europesays.com\/es\/wp-json\/wp\/v2\/categories?post=713203"},{"taxonomy":"post_tag","embeddable":true,"href":"https:\/\/www.europesays.com\/es\/wp-json\/wp\/v2\/tags?post=713203"}],"curies":[{"name":"wp","href":"https:\/\/api.w.org\/{rel}","templated":true}]}}