{"id":71321,"date":"2025-08-25T14:42:14","date_gmt":"2025-08-25T14:42:14","guid":{"rendered":"https:\/\/www.europesays.com\/es\/71321\/"},"modified":"2025-08-25T14:42:14","modified_gmt":"2025-08-25T14:42:14","slug":"conmocion-por-la-muerte-de-forcado-manuel-trindade-tras-ser-embestido-por-el-toro-durante-una-corrida","status":"publish","type":"post","link":"https:\/\/www.europesays.com\/es\/71321\/","title":{"rendered":"Conmoci\u00f3n por la muerte de forcado Manuel Trindade, tras ser embestido por el toro durante una corrida"},"content":{"rendered":"<p style=\"text-align: justify;\">La <strong>tragedia golpe\u00f3 al mundo taurino portugu\u00e9s<\/strong> este fin de semana con la <strong>muerte de\u00a0Manuel Trindade<\/strong>, un <strong>joven forcado de tan solo 22 a\u00f1os<\/strong>, quien falleci\u00f3 en la madrugada del s\u00e1bado\u00a0tras no superar las <strong>graves heridas sufridas durante una corrida <\/strong>en la plaza Campo Pequeno, en Lisboa, seg\u00fan informa el medio Touro e Ouro.<\/p>\n<p style=\"text-align: justify;\">El accidente tuvo lugar el <strong>viernes por la noche<\/strong>, durante una <strong>tradicional corrida de rejones<\/strong>. Trindade, miembro del grupo de forcados, participaba en la \u201cpega\u201d \u2014acto en el que los forcados <strong>enfrentan al toro cuerpo a cuerpo sin armas<\/strong>\u2014 cuando fue <strong>violentamente embestido contra las tablas por el primer toro<\/strong> de la ganader\u00eda de Vinhas. El impacto lo dej\u00f3 inconsciente en el ruedo ante la mirada at\u00f3nita del p\u00fablico.<\/p>\n<p style=\"text-align: justify;\">Tras ser atendido de urgencia en el lugar, fue <strong>trasladado al Hospital<\/strong> de San Jos\u00e9 en Lisboa, ingresando en <strong>parada cardiorrespiratoria<\/strong>. Aunque los m\u00e9dicos <strong>lograron reanimarlo e inducirle un coma <\/strong>para intentar estabilizarlo,\u00a0las <strong>lesiones cerebrales eran irreversibles<\/strong>. Su <strong>fallecimiento fue confirmado en la madrugada del s\u00e1bado.<\/strong><\/p>\n<p style=\"text-align: justify;\">Trindade era considerado una <strong>joven promesa dentro de los forcados<\/strong>, una figura emblem\u00e1tica del toreo a la portuguesa. Su muerte ha conmocionado al sector y ha generado mensajes de pesar por parte de compa\u00f1eros, aficionados y asociaciones taurinas.<\/p>\n","protected":false},"excerpt":{"rendered":"La tragedia golpe\u00f3 al mundo taurino portugu\u00e9s este fin de semana con la muerte de\u00a0Manuel Trindade, un joven&hellip;\n","protected":false},"author":2,"featured_media":71322,"comment_status":"","ping_status":"","sticky":false,"template":"","format":"standard","meta":{"footnotes":""},"categories":[277],"tags":[517,373,168,25,24,18892,260,1462,23,167,374,444],"class_list":{"0":"post-71321","1":"post","2":"type-post","3":"status-publish","4":"format-standard","5":"has-post-thumbnail","7":"category-toreo","8":"tag-actualidad","9":"tag-bullfighting","10":"tag-deportes","11":"tag-es","12":"tag-espana","13":"tag-fallecidos","14":"tag-gente","15":"tag-portugal","16":"tag-spain","17":"tag-sports","18":"tag-toreo","19":"tag-toros"},"share_on_mastodon":{"url":"","error":""},"_links":{"self":[{"href":"https:\/\/www.europesays.com\/es\/wp-json\/wp\/v2\/posts\/71321","targetHints":{"allow":["GET"]}}],"collection":[{"href":"https:\/\/www.europesays.com\/es\/wp-json\/wp\/v2\/posts"}],"about":[{"href":"https:\/\/www.europesays.com\/es\/wp-json\/wp\/v2\/types\/post"}],"author":[{"embeddable":true,"href":"https:\/\/www.europesays.com\/es\/wp-json\/wp\/v2\/users\/2"}],"replies":[{"embeddable":true,"href":"https:\/\/www.europesays.com\/es\/wp-json\/wp\/v2\/comments?post=71321"}],"version-history":[{"count":0,"href":"https:\/\/www.europesays.com\/es\/wp-json\/wp\/v2\/posts\/71321\/revisions"}],"wp:featuredmedia":[{"embeddable":true,"href":"https:\/\/www.europesays.com\/es\/wp-json\/wp\/v2\/media\/71322"}],"wp:attachment":[{"href":"https:\/\/www.europesays.com\/es\/wp-json\/wp\/v2\/media?parent=71321"}],"wp:term":[{"taxonomy":"category","embeddable":true,"href":"https:\/\/www.europesays.com\/es\/wp-json\/wp\/v2\/categories?post=71321"},{"taxonomy":"post_tag","embeddable":true,"href":"https:\/\/www.europesays.com\/es\/wp-json\/wp\/v2\/tags?post=71321"}],"curies":[{"name":"wp","href":"https:\/\/api.w.org\/{rel}","templated":true}]}}