{"id":71327,"date":"2025-08-25T14:46:08","date_gmt":"2025-08-25T14:46:08","guid":{"rendered":"https:\/\/www.europesays.com\/es\/71327\/"},"modified":"2025-08-25T14:46:08","modified_gmt":"2025-08-25T14:46:08","slug":"rtve-empieza-a-decidir-entre-la-vuelta-y-malas-lenguas-con-primer-dia-sin-cintora-en-la-sobremesa","status":"publish","type":"post","link":"https:\/\/www.europesays.com\/es\/71327\/","title":{"rendered":"RTVE empieza a \u00abdecidir\u00bb entre La Vuelta y &#8216;Malas Lenguas&#8217;, con primer d\u00eda sin Cintora en la sobremesa"},"content":{"rendered":"<p class=\"article-text\">\n        <strong>La Vuelta a Espa\u00f1a<\/strong> arranc\u00f3 este s\u00e1bado 23 de agosto, y <strong>RTVE <\/strong>vuelve a dedicarle una <a href=\"https:\/\/www.eldiario.es\/vertele\/noticias\/rtve-explica-retransmision-vuelta-enumera-etapas-afectaran-tardes-1-2_1_12548301.html\" data-mrf-recirculation=\"links-noticia\" class=\"link\" rel=\"nofollow noopener\" target=\"_blank\">cobertura especial<\/a> en sus canales&#8230; pero sin explicar en qu\u00e9 etapas y qu\u00e9 d\u00edas su retransmisi\u00f3n pasar\u00e1 a <strong>La 1<\/strong>.\n    <\/p>\n<p>    <a href=\"https:\/\/www.eldiario.es\/series\/muertos-sl-15-series-buscaron-nueva-casa-seguir-vida-plataformas_1_12548753.html\" data-mrf-recirculation=\"saber-mas\" data-dl-event=\"saber-mas\" rel=\"nofollow noopener\" target=\"_blank\"><\/p>\n<p class=\"know-more__title\">&#8216;Muertos SL&#8217; y otras 15 series que buscaron nueva casa para seguir con vida<\/p>\n<p>            <img decoding=\"async\" class=\"lazy\" loading=\"lazy\" data-src=\"https:\/\/static.eldiario.es\/clip\/ea6a2c32-1eeb-42c5-afba-edcf1590cb26_16-9-aspect-ratio_default_0.jpg\" src=\"data:image\/svg+xml,%3Csvg xmlns=\" http:=\"\" viewbox=\"0 0 880 495\" alt=\"'Muertos SL' y otras 15 series que buscaron nueva casa para seguir con vida\"\/><\/p>\n<p>                        <\/a><\/p>\n<p class=\"article-text\">\n        La corporaci\u00f3n p\u00fablica ya explic\u00f3 que las 21 etapas que conforman el recorrido se ver\u00e1n en su canal <strong>Teledeporte <\/strong>(las 10 m\u00e1s llamativas, de forma \u00edntegra) y que su tramo final pasar\u00e1 a verse <strong>\u201cen La 1 o en La 2\u201d<\/strong>, sin detallar ni especificar cu\u00e1les. El a\u00f1o pasado esa retransmisi\u00f3n de la parte final de las etapas (en La 1 o en La 2) se iniciaba a las <strong>16:00 horas<\/strong>, alarg\u00e1ndose aproximadamente hasta las <strong>17:30 horas.<\/strong>\n    <\/p>\n<p class=\"article-text\">\n        Ese horario es el que suele ocupar <strong>Malas lenguas<\/strong>. El magac\u00edn de <strong>Jes\u00fas Cintora<\/strong> emite su primer tramo <strong>de 15:55 a 17:20 horas<\/strong>, y <a href=\"https:\/\/www.eldiario.es\/vertele\/noticias\/exclusiva-hoja-ruta-rtve-tardes-la-1-piramide-vuelta-ciclista-espana-marta-flich-directo-al-grano-nuevo-programa-magacin_1_12529645.html\" data-mrf-recirculation=\"links-noticia\" class=\"link\" rel=\"nofollow noopener\" target=\"_blank\">como ya explicamos<\/a> la idea de RTVE es ir \u201cjugando\u201d con las retransmisiones deportivas y el programa, teniendo en cuenta que su segundo tramo (de 19:20 a 20:30 horas) se est\u00e1 emitiendo emite en simulcast en La 1 y La 2.\n    <\/p>\n<p class=\"article-text\">\n        \u00bfQu\u00e9 ocurre? Que al no saber qu\u00e9 etapas terminar\u00e1n en La 1, <strong>no se sabe qu\u00e9 d\u00edas se emitir\u00e1 <\/strong><strong>Malas lenguas<\/strong><strong> en la sobremesa<\/strong>. As\u00ed que hay que irlo averiguando a medida que RTVE publica sus programaciones adelantadas, teniendo adem\u00e1s en cuenta que pueden cambiar a \u00faltima hora.\n    <\/p>\n<p class=\"article-text\">\n        De momento, <strong>Malas lenguas<\/strong><strong> no se emite este lunes 25 de agosto<\/strong>. En su lugar, el final de la tercera etapa de La Vuelta pasa a La 1, sin que a priori afecte a la emisi\u00f3n habitual de las series Valle Salvaje y La Promesa.\n    <\/p>\n<p>    <a href=\"https:\/\/www.eldiario.es\/vertele\/analisis\/exito-mananeros-360-da-aire-telediario-1-rtve-anos-espera-telonero-funciona_1_12549051.html\" data-mrf-recirculation=\"saber-mas-abajo\" data-dl-event=\"saber-mas-abajo\" rel=\"nofollow noopener\" target=\"_blank\"><\/p>\n<p class=\"know-more__title\">El \u00e9xito de &#8216;Ma\u00f1aneros 360&#8217; da aire al &#8216;Telediario 1&#8217; de RTVE: tras a\u00f1os de espera, al fin un telonero que funciona<\/p>\n<p>            <img decoding=\"async\" class=\"lazy\" loading=\"lazy\" data-src=\"https:\/\/static.eldiario.es\/clip\/e0bad212-a6a8-4cd6-a4f1-50e2c053b62e_16-9-aspect-ratio_default_0.jpg\" src=\"data:image\/svg+xml,%3Csvg xmlns=\" http:=\"\" viewbox=\"0 0 880 495\" alt=\"El \u00e9xito de 'Ma\u00f1aneros 360' da aire al 'Telediario 1' de RTVE: tras a\u00f1os de espera, al fin un telonero que funciona\"\/><\/p>\n<p>                        <\/a><\/p>\n<p class=\"article-text\">\n        Sin embargo, y como puede comprobarse en la parrilla oficial de la cadena p\u00fablica, <strong>s\u00ed habr\u00e1 <\/strong><strong>Malas lenguas<\/strong><strong> el martes 26 y el mi\u00e9rcoles 27<\/strong>. Y para el jueves y el viernes, habr\u00e1 que ir esperando a que RTVE desvele sus programaciones. Su decisi\u00f3n depender\u00e1 de las etapas de La Vuelta, y de c\u00f3mo vaya la ronda ciclista.\n    <\/p>\n","protected":false},"excerpt":{"rendered":"La Vuelta a Espa\u00f1a arranc\u00f3 este s\u00e1bado 23 de agosto, y RTVE vuelve a dedicarle una cobertura especial&hellip;\n","protected":false},"author":2,"featured_media":71328,"comment_status":"","ping_status":"","sticky":false,"template":"","format":"standard","meta":{"footnotes":""},"categories":[273],"tags":[313,9460,312,10927,168,978,7954,25,24,9463,9462,977,518,21441,23,167,1357],"class_list":{"0":"post-71327","1":"post","2":"type-post","3":"status-publish","4":"format-standard","5":"has-post-thumbnail","7":"category-ciclismo","8":"tag-ciclismo","9":"tag-cintora","10":"tag-cycling","11":"tag-decidir","12":"tag-deportes","13":"tag-dia","14":"tag-empieza","15":"tag-es","16":"tag-espana","17":"tag-lenguas","18":"tag-malas","19":"tag-primer","20":"tag-rtve","21":"tag-sobremesa","22":"tag-spain","23":"tag-sports","24":"tag-vuelta"},"share_on_mastodon":{"url":"","error":""},"_links":{"self":[{"href":"https:\/\/www.europesays.com\/es\/wp-json\/wp\/v2\/posts\/71327","targetHints":{"allow":["GET"]}}],"collection":[{"href":"https:\/\/www.europesays.com\/es\/wp-json\/wp\/v2\/posts"}],"about":[{"href":"https:\/\/www.europesays.com\/es\/wp-json\/wp\/v2\/types\/post"}],"author":[{"embeddable":true,"href":"https:\/\/www.europesays.com\/es\/wp-json\/wp\/v2\/users\/2"}],"replies":[{"embeddable":true,"href":"https:\/\/www.europesays.com\/es\/wp-json\/wp\/v2\/comments?post=71327"}],"version-history":[{"count":0,"href":"https:\/\/www.europesays.com\/es\/wp-json\/wp\/v2\/posts\/71327\/revisions"}],"wp:featuredmedia":[{"embeddable":true,"href":"https:\/\/www.europesays.com\/es\/wp-json\/wp\/v2\/media\/71328"}],"wp:attachment":[{"href":"https:\/\/www.europesays.com\/es\/wp-json\/wp\/v2\/media?parent=71327"}],"wp:term":[{"taxonomy":"category","embeddable":true,"href":"https:\/\/www.europesays.com\/es\/wp-json\/wp\/v2\/categories?post=71327"},{"taxonomy":"post_tag","embeddable":true,"href":"https:\/\/www.europesays.com\/es\/wp-json\/wp\/v2\/tags?post=71327"}],"curies":[{"name":"wp","href":"https:\/\/api.w.org\/{rel}","templated":true}]}}