{"id":71329,"date":"2025-08-25T14:47:08","date_gmt":"2025-08-25T14:47:08","guid":{"rendered":"https:\/\/www.europesays.com\/es\/71329\/"},"modified":"2025-08-25T14:47:08","modified_gmt":"2025-08-25T14:47:08","slug":"siguen-presentes-desde-la-comodidad-de-haas-un-piloto-se-la-pudrio-al-equipo-de-franco-colapinto","status":"publish","type":"post","link":"https:\/\/www.europesays.com\/es\/71329\/","title":{"rendered":"\u00abSiguen presentes\u00bb: desde la comodidad de Haas, un piloto se la pudri\u00f3 al equipo de Franco Colapinto"},"content":{"rendered":"\n<p>Hasta la temporada pasada, <a href=\"https:\/\/www.eldestapeweb.com\/deportes\/automovilismo\/el-fichaje-estrella-de-alpine-que-sera-clave-para-colapinto-en-la-f1-2025820183047\" class=\"link\" rel=\"nofollow noopener\" target=\"_blank\"><strong>Alpine<\/strong><\/a> form\u00f3 con <strong><a href=\"https:\/\/www.eldestapeweb.com\/deportes\/formula-1\/el-inesperado-dardo-a-francia-de-franco-colapinto-ante-la-mirada-de-gasly-robaron--202581313110\" class=\"link\" rel=\"nofollow noopener\" target=\"_blank\">Pierre Gasly<\/a> y Esteban Ocon<\/strong>, quien pas\u00f3 <strong>cinco a\u00f1os en las instalaciones de Enstone<\/strong> hasta que el equipo decidi\u00f3 <strong>no renovar su contrato<\/strong> debido a algunos incidentes en pista con su compa\u00f1ero en la primera parte del 2024. De hecho, el franc\u00e9s ni siquiera lleg\u00f3 a despedirse en el <strong>GP de Abu Dhabi<\/strong>, puesto que la escuder\u00eda prefiri\u00f3 darle su asiento a <a href=\"https:\/\/www.eldestapeweb.com\/deportes\/automovilismo\/f1-el-polemico-ranking-que-pone-a-colapinto-por-debajo-de-doohan-2025812203127\" class=\"link\" rel=\"nofollow noopener\" target=\"_blank\"><strong>Jack Doohan<\/strong><\/a> para que tenga su<strong> debut en la <a href=\"https:\/\/www.eldestapeweb.com\/deportes\/automovilismo\/formula-1-2025-calendario-carreras-escuderias-y-pilotos-202523183817\" class=\"link\" rel=\"nofollow noopener\" target=\"_blank\">F\u00f3rmula 1<\/a> <\/strong>en la \u00faltima fecha.<\/p>\n<p>Claro que <strong>el piloto galo negoci\u00f3 esto<\/strong>, ya que se lo habilit\u00f3 para disputar los <strong>test de postemporada con Haas<\/strong>, la escuder\u00eda que lo fich\u00f3 para cubrir la <strong>salida de Kevin Magnussen<\/strong> y la <strong>partida de <a href=\"https:\/\/www.eldestapeweb.com\/deportes\/automovilismo\/nico-hulkenberg-hizo-historia-en-la-formula-1-la-emocionante-celebracion-y-el-divertido-contratiempo-de-sauber-202576201711\" class=\"link\" rel=\"nofollow noopener\" target=\"_blank\">Nico H\u00fclkenberg<\/a> a Sauber<\/strong>. En el equipo estadounidense, <strong>Ocon se encontr\u00f3 con un ambiente muy distinto<\/strong> al que ven\u00eda de experimentar en <strong>Alpine<\/strong>, donde ahora <strong><a href=\"https:\/\/www.eldestapeweb.com\/deportes\/automovilismo\/el-apoyo-de-franco-colapinto-a-mastantuono-en-su-debut-con-el-real-madrid--2025820182349\" class=\"link\" rel=\"nofollow noopener\" target=\"_blank\">Franco Colapinto<\/a> padece la falta de rendimiento del equipo.<\/strong><\/p>\n<p>A pesar de que en <strong>m\u00faltiples oportunidades<\/strong> ha mostrado cari\u00f1o por la<strong> sede de Enstone<\/strong>, <strong>Ocon <\/strong>no se guard\u00f3 nada al se\u00f1alar los <strong>problemas que tuvo en su paso por la escuder\u00eda de su pa\u00eds<\/strong> en una reciente entrevista con Motorsport. Tal es as\u00ed que el <strong>piloto de Haas<\/strong> remarc\u00f3 que <strong>en Alpine se negaron a escuchar las cr\u00edticas constructivas<\/strong> que hac\u00eda desde su lugar, lo que hizo que <strong>no haya demasiados avances<\/strong> en relaci\u00f3n con otros equipos.<\/p>\n<p><strong>\u201cNo siempre nos escuchaban y por eso algunos de los problemas siguen presentes despu\u00e9s de cinco a\u00f1os en ese equipo\u201d<\/strong>, afirm\u00f3 <strong>Ocon<\/strong>, que contrapuso ese pasado con su presente en <strong>Kannapolis<\/strong>. \u201cComparado con mi experiencia anterior, <strong>ahora estoy en un entorno mucho m\u00e1s saludable<\/strong> donde nadie se esconde detr\u00e1s de nada. Si no hacemos algo bien, hablamos entre nosotros, de inmediato al final de la carrera, y esperamos no repetirlo\u201d, agreg\u00f3 el franc\u00e9s.<\/p>\n<p>Claro que no todo es color de rosas, ya que <strong>Haas se encuentra en el noveno lugar<\/strong> de la <a href=\"https:\/\/www.eldestapeweb.com\/deportes\/automovilismo\/formula-1-asi-quedo-la-lucha-por-la-copa-de-constructores-tras-el-gran-premio-de-hungria-202583135129\" class=\"link\" rel=\"nofollow noopener\" target=\"_blank\"><strong>tabla de constructores<\/strong><\/a> con <strong>35 puntos<\/strong>, <strong>15 m\u00e1s que Alpine<\/strong>, pero, a\u00fan as\u00ed, su presente es mejor que en la temporada pasada. \u201cHay cosas que debemos mejorar, obviamente. Pero <strong>tenemos una base muy s\u00f3lida sobre la que trabajar desde que me un\u00ed<\/strong>, y estamos avanzando. <strong>Estoy contento con la direcci\u00f3n que estamos tomando<\/strong>\u201d, finaliz\u00f3 <strong>Ocon<\/strong>.<\/p>\n<p>El d\u00eda que Ocon perjudic\u00f3 a Colapinto por orden de Alpine<\/p>\n<p>Durante el <strong>GP de Estados Unidos<\/strong> de la temporada pasada, <strong>Esteban Ocon<\/strong> fue noticia por <strong>quitarle el r\u00e9cord de vuelta r\u00e1pida a Franco Colapinto<\/strong> en la \u00faltima vuelta, para lo cual debi\u00f3 ingresar a boxes y calzarse las gomas rojas. Para ese momento, <strong>el franc\u00e9s estaba fuera de la zona de puntos<\/strong>, por lo que no iba a sumar el punto extra, pero <strong>Alpine le dio la orden<\/strong> para evitar que <strong>Williams <\/strong>se aleje en el campeonato.<\/p>\n<p>Ocon corri\u00f3 en Alpine entre 2020 y 2024.<\/p>\n<p><strong>\u201cLo \u00fanico que pod\u00edamos conseguir al final era la vuelta r\u00e1pida. Eso se lo pod\u00edamos quitar a Williams y a Colapinto. Normalmente, el d\u00e9cimo no tiene la vuelta r\u00e1pida, por eso tambi\u00e9n cuestion\u00e9 la decisi\u00f3n\u201d<\/strong>, hab\u00eda reconocido <strong>Ocon <\/strong>tiempo despu\u00e9s. Si bien no estuvo de acuerdo con la decisi\u00f3n, el franc\u00e9s cumpli\u00f3 con la tarea asignada y <strong>le quit\u00f3 el punto al argentino<\/strong>, con quien luego <strong>se disculp\u00f3 p\u00fablicamente<\/strong>.<\/p>\n","protected":false},"excerpt":{"rendered":"Hasta la temporada pasada, Alpine form\u00f3 con Pierre Gasly y Esteban Ocon, quien pas\u00f3 cinco a\u00f1os en las&hellip;\n","protected":false},"author":2,"featured_media":71330,"comment_status":"","ping_status":"","sticky":false,"template":"","format":"standard","meta":{"footnotes":""},"categories":[270],"tags":[1331,1763,168,25,24,2100,306,271,272,1723,2362,23,167],"class_list":{"0":"post-71329","1":"post","2":"type-post","3":"status-publish","4":"format-standard","5":"has-post-thumbnail","7":"category-formula-1","8":"tag-alpine","9":"tag-automovilismo","10":"tag-deportes","11":"tag-es","12":"tag-espana","13":"tag-esteban-ocon","14":"tag-f1","15":"tag-formula-1","16":"tag-formula1","17":"tag-franco-colapinto","18":"tag-motor","19":"tag-spain","20":"tag-sports"},"share_on_mastodon":{"url":"","error":""},"_links":{"self":[{"href":"https:\/\/www.europesays.com\/es\/wp-json\/wp\/v2\/posts\/71329","targetHints":{"allow":["GET"]}}],"collection":[{"href":"https:\/\/www.europesays.com\/es\/wp-json\/wp\/v2\/posts"}],"about":[{"href":"https:\/\/www.europesays.com\/es\/wp-json\/wp\/v2\/types\/post"}],"author":[{"embeddable":true,"href":"https:\/\/www.europesays.com\/es\/wp-json\/wp\/v2\/users\/2"}],"replies":[{"embeddable":true,"href":"https:\/\/www.europesays.com\/es\/wp-json\/wp\/v2\/comments?post=71329"}],"version-history":[{"count":0,"href":"https:\/\/www.europesays.com\/es\/wp-json\/wp\/v2\/posts\/71329\/revisions"}],"wp:featuredmedia":[{"embeddable":true,"href":"https:\/\/www.europesays.com\/es\/wp-json\/wp\/v2\/media\/71330"}],"wp:attachment":[{"href":"https:\/\/www.europesays.com\/es\/wp-json\/wp\/v2\/media?parent=71329"}],"wp:term":[{"taxonomy":"category","embeddable":true,"href":"https:\/\/www.europesays.com\/es\/wp-json\/wp\/v2\/categories?post=71329"},{"taxonomy":"post_tag","embeddable":true,"href":"https:\/\/www.europesays.com\/es\/wp-json\/wp\/v2\/tags?post=71329"}],"curies":[{"name":"wp","href":"https:\/\/api.w.org\/{rel}","templated":true}]}}