{"id":71333,"date":"2025-08-25T14:49:08","date_gmt":"2025-08-25T14:49:08","guid":{"rendered":"https:\/\/www.europesays.com\/es\/71333\/"},"modified":"2025-08-25T14:49:08","modified_gmt":"2025-08-25T14:49:08","slug":"asi-deberian-gestionarse-las-herencias-en-espana","status":"publish","type":"post","link":"https:\/\/www.europesays.com\/es\/71333\/","title":{"rendered":"as\u00ed deber\u00edan gestionarse las herencias en Espa\u00f1a"},"content":{"rendered":"<p class=\"ft-text\">Son varios los aspectos que generan <strong>incertidumbre econ\u00f3mica entre los espa\u00f1oles:<\/strong>\u00a0los precios disparados de la inflaci\u00f3n, el encarecimiento de los alimentos, las cuotas hipotecarias. Adem\u00e1s de tener que estar pendiente de los\u00a0<strong>conflictos sociales<\/strong>.<\/p>\n<p class=\"ft-text\">Es por ese motivo que<strong>\u00a0expertos econ\u00f3micos<\/strong>\u00a0como\u00a0<a href=\"https:\/\/www.sport.es\/es\/temas\/nino-becerra-1945524\" class=\"ft-link ft-link--decoration\" rel=\"nofollow noopener\" target=\"_blank\"><strong>Santiago Ni\u00f1o Becerra<\/strong><\/a><strong>,\u00a0<\/strong><a href=\"https:\/\/www.sport.es\/es\/noticias\/actualidad\/gonzalo-bernardos-inquietante-prediccion-recorte-pensiones-101799621\" class=\"ft-link ft-link--decoration\" rel=\"nofollow noopener\" target=\"_blank\"><strong>Gonzalo Bernardos<\/strong><\/a><strong>\u00a0o Juan Ram\u00f3n Rallo,<\/strong>\u00a0entre otros, ofrecen pistas sobre c\u00f3mo podr\u00eda evolucionar la econom\u00eda en el futuro.<\/p>\n<p class=\"ft-text\"><strong>Gonzalo Bernardos<\/strong> es un profesor de econom\u00eda de la Universidad de Barcelona tambi\u00e9n conocido por ser un\u00a0<strong>tertuliano habitual en diferentes medios de comunicaci\u00f3n<\/strong>\u00a0como RAC1 o La Sexta.<\/p>\n<p class=\"ft-text\">El pasado domingo, el experto se pronunci\u00f3 en &#8216;<strong>laSexta Xplica&#8217; <\/strong>sobre las<strong>\u00a0herencias y las donaciones,<\/strong>\u00a0y es que la gesti\u00f3n y tramitaci\u00f3n de estas pueden resultar complicadas y un verdadero quebradero de cabeza para los beneficiarios.<\/p>\n<p class=\"ft-text\">Respecto a las herencias, el economista defendi\u00f3 que una de las funciones principales del Estado es reducir las desigualdades de oportunidades: \u00ab<strong>Aquellos que nacen y ya tienen mucho dinero porque sus padres lo poseen, est\u00e1 muy bien que una parte la dejen a la Administraci\u00f3n, para que ayude a aquellos ni\u00f1os cuyos padres no tienen dinero<\/strong>, para que su vida sea mejor que la de sus progenitores\u00bb.<\/p>\n<p class=\"ft-text\">Gonzalo Bernardos argument\u00f3 que si todos estamos de acuerdo en que nuestros amigos o conocidos vivan mejor, estamos apoyando a la igualdad de oportunidades: <strong>\u00abNo quiere decir que todos seamos iguales, pero s\u00ed que podamos aprovechar las oportunidades que nos vengan, de una manera similar\u00bb. <\/strong><\/p>\n<p class=\"ft-text\">El economista asegur\u00f3 que<strong> el impuesto sobre las herencias \u00abes muy justo\u00bb<\/strong> y calific\u00f3 de \u00abhorroroso\u00bb lo que hace la Comunidad de Madrid, \u00abque es\u00a0<strong>favorecer a los ricos para perjudicar a los pobres\u00bb. <\/strong><\/p>\n","protected":false},"excerpt":{"rendered":"Son varios los aspectos que generan incertidumbre econ\u00f3mica entre los espa\u00f1oles:\u00a0los precios disparados de la inflaci\u00f3n, el encarecimiento&hellip;\n","protected":false},"author":2,"featured_media":71334,"comment_status":"","ping_status":"","sticky":false,"template":"","format":"standard","meta":{"footnotes":""},"categories":[268],"tags":[11805,168,95,25,24,9915,280,282,4799,28287,21570,10165,13004,28286,281,23,167],"class_list":{"0":"post-71333","1":"post","2":"type-post","3":"status-publish","4":"format-standard","5":"has-post-thumbnail","7":"category-futbol","8":"tag-bernardos","9":"tag-deportes","10":"tag-economia","11":"tag-es","12":"tag-espana","13":"tag-estalla","14":"tag-football","15":"tag-futbol","16":"tag-gonzalo","17":"tag-gonzalo-bernardos","18":"tag-herencias","19":"tag-impuesto","20":"tag-justo","21":"tag-ricos","22":"tag-soccer","23":"tag-spain","24":"tag-sports"},"share_on_mastodon":{"url":"","error":""},"_links":{"self":[{"href":"https:\/\/www.europesays.com\/es\/wp-json\/wp\/v2\/posts\/71333","targetHints":{"allow":["GET"]}}],"collection":[{"href":"https:\/\/www.europesays.com\/es\/wp-json\/wp\/v2\/posts"}],"about":[{"href":"https:\/\/www.europesays.com\/es\/wp-json\/wp\/v2\/types\/post"}],"author":[{"embeddable":true,"href":"https:\/\/www.europesays.com\/es\/wp-json\/wp\/v2\/users\/2"}],"replies":[{"embeddable":true,"href":"https:\/\/www.europesays.com\/es\/wp-json\/wp\/v2\/comments?post=71333"}],"version-history":[{"count":0,"href":"https:\/\/www.europesays.com\/es\/wp-json\/wp\/v2\/posts\/71333\/revisions"}],"wp:featuredmedia":[{"embeddable":true,"href":"https:\/\/www.europesays.com\/es\/wp-json\/wp\/v2\/media\/71334"}],"wp:attachment":[{"href":"https:\/\/www.europesays.com\/es\/wp-json\/wp\/v2\/media?parent=71333"}],"wp:term":[{"taxonomy":"category","embeddable":true,"href":"https:\/\/www.europesays.com\/es\/wp-json\/wp\/v2\/categories?post=71333"},{"taxonomy":"post_tag","embeddable":true,"href":"https:\/\/www.europesays.com\/es\/wp-json\/wp\/v2\/tags?post=71333"}],"curies":[{"name":"wp","href":"https:\/\/api.w.org\/{rel}","templated":true}]}}