{"id":713351,"date":"2026-08-15T21:36:15","date_gmt":"2026-08-15T21:36:15","guid":{"rendered":"https:\/\/www.europesays.com\/es\/713351\/"},"modified":"2026-08-15T21:36:15","modified_gmt":"2026-08-15T21:36:15","slug":"calero-tras-el-0-0-del-oviedo-ante-el-granada-en-el-primer-tiempo-se-ha-visto-al-oviedo-que-quiero-la-voz-de-asturias","status":"publish","type":"post","link":"https:\/\/www.europesays.com\/es\/713351\/","title":{"rendered":"Calero, tras el 0-0 del Oviedo ante el Granada: \u00abEn el primer tiempo se ha visto al Oviedo que quiero\u00bb &#8211; La Voz de Asturias"},"content":{"rendered":"<ol>\n<li><a href=\"https:\/\/news.google.com\/rss\/articles\/CBMi8gFBVV95cUxPU25SMWRCSHJBNk9VSE80ai1NeEdCZmhJLUkydWFJbmhENVJWdkd3RlZxZldqNDVfaUNTZnppTTZONDliNXF6VWdIeUE2MFVPVWhoLXdMX3NpRGxoWGE4OVNEQWVnd21GYmRCa1NVb3pRTl9xd0xrcWJYbm0zcTUtTl9RSlg1UlRHcVF1cEVxMGJQZTRjTFdRcFhUTTB1SXRjOU9UeW9jbTk3NGQ5cUJRZG5tQmJyaFAwMlJZWGd5THVCcnhQeFBPam9WMlJERzNfTHdDN3gzZGZnLWlOZGZiRlRjTjEwZVVJaGRxS01BXzRfZ9IBjgJBVV95cUxPbVJHMXRoMW1CYW9nQlA3VnFRa3dMRGZFVi1FUUZMQ0hzMGIyaFl6b0VaZXBCVGI2d0NFX2pnUFdhZVNub3lKdzJraFFEdjNkZ1FhS0p2VUZVZGxQcGdwWXBvWXhlbUJMWHJNcUpCeFZ0XzhidDk0QUVpRENIVWtISXNoZmNadk9TVFpKeXJwREdOb2pnekFTZk8xR0Vpandqa2FRWjNsS1ljdmU1N2ZxbFQ4cHdxSjZVTnlfWVM2bk9pZ3JJUEtkSmludzJKM0IwVVpNekhtSmh3ZlJVQUItcnJTRGJjOEVzaUtqYkFWVk1pUG9yNHFmNE10OE1XSlNheFo5M00wbTRONWlQVHc?oc=5\" target=\"_blank\" rel=\"nofollow noopener\">Calero, tras el 0-0 del Oviedo ante el Granada: \u00abEn el primer tiempo se ha visto al Oviedo que quiero\u00bb<\/a>&nbsp;&nbsp;La Voz de Asturias<\/li>\n<li><a href=\"https:\/\/news.google.com\/rss\/articles\/CBMipAFBVV95cUxNY0stTW1GWHhJVnRuN1BmbEdadndwM056SjJjcTZDMGFuV1ZwUGR0d2t3ZTJpTGdpZUlYa2pSR1MtclR0eURRdTBBRmR6ZVFEMTNSMFFydWZjZi1ReVZ3OEhsREozV1hoYmJkTlJDb3Zzem10RDJkaUl6RUhiYTNDblcxaloxRFJKWmpUTXdLYjB5LWtCZ09tVUhvYVU1UHktQWV2RtIBuAFBVV95cUxObWtlVmxfbnRiaHJfZ1VwaXJqalJMbm92Y2dJOWFvekY0dU54cGZTcER4NVh3cXNUTTdXbXB6OVBvVDVlNTI0M29mNERVT05oQ2N3SlJFX0d3cGlHQzhmNEVqTHJvOC1nbHJuRGdDZG44cnNNakZwOGhNVUR3eVpMRG5jM0g0NEhXU3JCZHlmb2IwWjVyczlBWkRfQ3BfdjlGY1hTT0k1RHc4MldUcDdVZTd5VG1DeGtM?oc=5\" target=\"_blank\" rel=\"nofollow noopener\">Calero: \u201cEn la primera parte se ha visto al Oviedo que queremos\u201d<\/a>&nbsp;&nbsp;Diario AS<\/li>\n<li><a href=\"https:\/\/news.google.com\/rss\/articles\/CBMilAFBVV95cUxQWWFva05ESU5VbE0xNkRrVl9ia25nVm1NR0NabDZ0LVlsQnB3Z3Z3T0U5MlNRUXphbTl0TzJyVzJBdjF4SDNMbkpSQW0xTXNfR1lSclo3T0ZDTzlhelpTT0tiMTlJOUFUVzE4aGxiN0tRMy1RU3BfOVh6bUdrdGNhbFZ6R29CUFJxcEtRaU1nd3lhajB20gGaAUFVX3lxTE95VG1RWTd0d3RndVMyeWxNc2o1OGd5bXRLTmZJemZTMjBqczBCMGluQzVQaFNuemRBSnplVU9CZTFwbEdsNHdENEJYeHRueHh4b1gtQ09PQWFudjlHWmwzRVFLcnE2d2ROT2ZQYjh1VWo3cWlmRnVQcElVM3JLSzFzNzZWYmFQWG5tVkJXMllTWk5TdnlQY0l2RlE?oc=5\" target=\"_blank\" rel=\"nofollow noopener\">El \u00abpero\u00bb de un positivo Juli\u00e1n Calero al juego de los suyos: \u00abMe ha dado rabia esa situaci\u00f3n\u00bb<\/a>&nbsp;&nbsp;LNE<\/li>\n<li><a href=\"https:\/\/news.google.com\/rss\/articles\/CBMijgFBVV95cUxQZkx3eUVRSUNhX1RZRlV2ZFNTaXNnVk5CeVd5UFFLRllDWXhXUVFucDRjMDVOZFZBajZGZl9tLTloSzBQaVdmSGZpellUMjdUdDdIM3o3a1plZ3VLdDVGYnR3NFVmNkJhNTNxejl4TDN0eXc4Mm5xYWd5MkZmYVhvRldGVWstUWNBU1pXbzZ30gGTAUFVX3lxTE1SLVpDNmVuQ1UwNUJGWF9RVGo1dXgwM1dtNVhudnEzS0N0MzI2X0h1Wk5ldmZXczIyTDY5LUNqVkhkanUwWW5wNndMTzRtcHdVQXZ2SklzcmVwN2JwU2h3YjdhZUFUMkdBTFRWbWpYMTRoREZVN2tpT3MwQ3piYXBsTUdqYmltTlp3N1I1bFJlS2ZKdw?oc=5\" target=\"_blank\" rel=\"nofollow noopener\">Calero: \u00abEl equipo me ped\u00eda ox\u00edgeno pero no ten\u00edamos los jugadores adecuados\u00bb<\/a>&nbsp;&nbsp;granadahoy.com<\/li>\n<li><a href=\"https:\/\/news.google.com\/rss\/articles\/CBMipgFBVV95cUxOSzdVTDZEalAtV0h1dVRtRTh5U0g3cWkwUlJ6VDdzZG5mdF95WjRTaTljWG5aZDZKS3FZc054bFZPTTdjRVNub3FqSGhFdkw4MnJfWl9lU1RDOGhNUEw1TlUxNEJvdE1tb2NEMnF0S0dvUmpQUF9BRFpKUkE5c21fUGpDdDh2UkZ5ak85cmF4ejNkTzVaS2FBSU1nT1lKVnZxbXJJV3FB?oc=5\" target=\"_blank\" rel=\"nofollow noopener\">Calero: \u00abEn la primera parte nos falt\u00f3 acierto y luego, ox\u00edgeno\u00bb<\/a>&nbsp;&nbsp;Ideal<\/li>\n<\/ol>\n","protected":false},"excerpt":{"rendered":"Calero, tras el 0-0 del Oviedo ante el Granada: \u00abEn el primer tiempo se ha visto al Oviedo&hellip;\n","protected":false},"author":2,"featured_media":713352,"comment_status":"","ping_status":"","sticky":false,"template":"","format":"standard","meta":{"footnotes":""},"categories":[268],"tags":[1770,168,25,24,280,282,18015,1796,3302,7640,281,23,167],"class_list":["post-713351","post","type-post","status-publish","format-standard","has-post-thumbnail","category-futbol","tag-asturias","tag-deportes","tag-es","tag-espana","tag-football","tag-futbol","tag-granada-cf","tag-oviedo","tag-real-oviedo","tag-segunda-division","tag-soccer","tag-spain","tag-sports"],"share_on_mastodon":{"url":"https:\/\/pubeurope.com\/@es\/117101683396127906","error":""},"_links":{"self":[{"href":"https:\/\/www.europesays.com\/es\/wp-json\/wp\/v2\/posts\/713351","targetHints":{"allow":["GET"]}}],"collection":[{"href":"https:\/\/www.europesays.com\/es\/wp-json\/wp\/v2\/posts"}],"about":[{"href":"https:\/\/www.europesays.com\/es\/wp-json\/wp\/v2\/types\/post"}],"author":[{"embeddable":true,"href":"https:\/\/www.europesays.com\/es\/wp-json\/wp\/v2\/users\/2"}],"replies":[{"embeddable":true,"href":"https:\/\/www.europesays.com\/es\/wp-json\/wp\/v2\/comments?post=713351"}],"version-history":[{"count":0,"href":"https:\/\/www.europesays.com\/es\/wp-json\/wp\/v2\/posts\/713351\/revisions"}],"wp:featuredmedia":[{"embeddable":true,"href":"https:\/\/www.europesays.com\/es\/wp-json\/wp\/v2\/media\/713352"}],"wp:attachment":[{"href":"https:\/\/www.europesays.com\/es\/wp-json\/wp\/v2\/media?parent=713351"}],"wp:term":[{"taxonomy":"category","embeddable":true,"href":"https:\/\/www.europesays.com\/es\/wp-json\/wp\/v2\/categories?post=713351"},{"taxonomy":"post_tag","embeddable":true,"href":"https:\/\/www.europesays.com\/es\/wp-json\/wp\/v2\/tags?post=713351"}],"curies":[{"name":"wp","href":"https:\/\/api.w.org\/{rel}","templated":true}]}}