{"id":71337,"date":"2025-08-25T14:51:11","date_gmt":"2025-08-25T14:51:11","guid":{"rendered":"https:\/\/www.europesays.com\/es\/71337\/"},"modified":"2025-08-25T14:51:11","modified_gmt":"2025-08-25T14:51:11","slug":"sothebys-estrena-sede-en-nueva-york-y-es-uno-de-los-edificios-brutalistas-mas-iconicos-de-marcel-breuer","status":"publish","type":"post","link":"https:\/\/www.europesays.com\/es\/71337\/","title":{"rendered":"Sotheby&#8217;s estrena sede en Nueva York y es uno de los edificios brutalistas m\u00e1s ic\u00f3nicos de Marcel Breuer"},"content":{"rendered":"<p><strong>Sotheby&#8217;s tiene nueva sede en <a href=\"https:\/\/www.revistaad.es\/tags\/nueva-york\" isautogenerated=\"true\" rel=\"nofollow noopener\" target=\"_blank\">Nueva York<\/a>: el estudio Herzog &amp; de Meuron reinventa el ic\u00f3nico edificio Breuer para acoger el hogar de la casa de <a href=\"https:\/\/www.revistaad.es\/tags\/subastas\" isautogenerated=\"true\" rel=\"nofollow noopener\" target=\"_blank\">subastas<\/a>.<\/strong><\/p>\n<p>Hay construcciones que conquistan a primera vista y otras que requieren tiempo para ser comprendidas, como la que el arquitecto Marcel Breuer levant\u00f3 para el <strong>Museo Whitney de <a href=\"https:\/\/www.revistaad.es\/tags\/arte\" isautogenerated=\"true\" rel=\"nofollow noopener\" target=\"_blank\">Arte<\/a> Estadounidense<\/strong>. En su inauguraci\u00f3n en 1966, la escritora y cr\u00edtica Ada Louise Huxtable lo calific\u00f3 como \u201cel edificio m\u00e1s desagradable de Nueva York\u201d. Por suerte, el gusto evoluciona, y con el tiempo, la ciudad acab\u00f3 rindi\u00e9ndose a esta joya brutalista.<\/p>\n<p>Tras la marcha del Whitney a otra ubicaci\u00f3n, acogi\u00f3 al Met Breuer y, m\u00e1s tarde, se convirti\u00f3 en sede temporal \u2013aunque significativa\u2013 de la Frick Collection. Hoy espera con ganas iniciar su pr\u00f3xima etapa: <strong>convertirse en la sede de Sotheby\u2019s en la Gran Manzana<\/strong>, que abrir\u00e1 sus puertas el pr\u00f3ximo noviembre. El estudio Herzog &amp; de Meuron ha sido el elegido para dar forma a su interior, y el propio CEO de la casa de subastas, Charles Stewart, lo define como un \u201c<a href=\"https:\/\/www.revistaad.es\/tags\/renacimiento\" isautogenerated=\"true\" rel=\"nofollow noopener\" target=\"_blank\">renacimiento<\/a>\u201d o una \u201creactivaci\u00f3n\u201d de la visi\u00f3n de Breuer.<\/p>\n<p>La ceremonia de inauguraci\u00f3n del museo Whitney de Arte Estadounidense tuvo lugar en 1966 y en ella estuvo presente Jacqueline Kennedy, adem\u00e1s de Flora Whitney, directora del museo.<\/p>\n<p>\u00a9 Bettmann\/Getty Images<strong>M\u00e1ximo respeto por la arquitectura original<\/strong><\/p>\n<p>\u201cTodos los profesionales del sector admiramos esta obra\u201d, dice Wim Walschap, arquitecto asociado y encargado de supervisar la renovaci\u00f3n. \u201cLa hemos realizado con mucho entusiasmo y siempre con el m\u00e1ximo respeto por el <a href=\"https:\/\/www.revistaad.es\/tags\/diseno\" isautogenerated=\"true\" rel=\"nofollow noopener\" target=\"_blank\">dise\u00f1o<\/a> original\u201d. La clave, seg\u00fan explica, estaba en lograr que el proyecto de Breuer se ajustara a las exigencias espec\u00edficas de una firma tan din\u00e1mica. <strong>La reutilizaci\u00f3n adaptativa es una constante en el trabajo de Herzog &amp; de Meuron<\/strong>, quienes, entre otras haza\u00f1as, han transformado una central el\u00e9ctrica en la Tate Modern de <a href=\"https:\/\/www.revistaad.es\/tags\/londres\" isautogenerated=\"true\" rel=\"nofollow noopener\" target=\"_blank\">Londres<\/a> o un almac\u00e9n portuario en la Filarm\u00f3nica de Hamburgo. Walschap atribuye esta forma de entender la <a href=\"https:\/\/www.revistaad.es\/tags\/arquitectura\" isautogenerated=\"true\" rel=\"nofollow noopener\" target=\"_blank\">arquitectura<\/a> a una combinaci\u00f3n de <a href=\"https:\/\/www.revistaad.es\/tags\/sostenibilidad\" isautogenerated=\"true\" rel=\"nofollow noopener\" target=\"_blank\">sostenibilidad<\/a> \u2013\u201cUn principio fundamental del pensamiento contempor\u00e1neo\u201d, afirma\u2013 y de la <a href=\"https:\/\/www.revistaad.es\/tags\/inspiracion\" isautogenerated=\"true\" rel=\"nofollow noopener\" target=\"_blank\">inspiraci\u00f3n<\/a> que nace de las propias limitaciones: \u201cSe trata de aprender de lo que ya existe\u201d.<\/p>\n<p>Ese cuidado y sensibilidad con la historia del lugar se percibe desde la esquina de Madison Avenue con la calle 75. Se han mantenido elementos originales como los suelos de piedra azul o las paredes de hormig\u00f3n abujardado (texturizado), mientras que otros han sido reinterpretados. En el vest\u00edbulo <strong>se conservan las apreciadas <a href=\"https:\/\/www.revistaad.es\/tags\/lamparas\" isautogenerated=\"true\" rel=\"nofollow noopener\" target=\"_blank\">l\u00e1mparas<\/a> abovedadas de Breuer<\/strong>, pero los bancos y los mostradores se han redise\u00f1ado para convertirlos en vitrinas. Las <a href=\"https:\/\/www.revistaad.es\/tags\/exposiciones\" isautogenerated=\"true\" rel=\"nofollow noopener\" target=\"_blank\">exposiciones<\/a> ocupar\u00e1n la planta baja y los tres niveles superiores. Parte de los sistemas mec\u00e1nicos se han ocultado cuidadosamente en el interior del techo artesonado de Breuer.<\/p>\n<p>El arquitecto Marcel Breuer en 1967, frente a una de las caracter\u00edsticas ventanas trapezoidales del inmueble.<\/p>\n<p>\u00a9 Smithsonian Institution.1<\/p>\n<p>Una de las galer\u00edas, en plena reforma por el estudio de arquitectura Herzog &amp; de Meuron.<\/p>\n<p><strong>Breuer, m\u00e1s vivo que nunca<\/strong><\/p>\n<p>Mientras tanto, el hecho de haber eliminado parte de las oficinas ha permitido liberar las <strong>ic\u00f3nicas ventanas trapezoidales<\/strong>, que ahora inundan el espacio con luz natural y enmarcan unas vistas espectaculares de la ciudad. Uno de los cambios m\u00e1s sutiles, aunque fundamental, es la incorporaci\u00f3n de un nuevo montacargas que agiliza la rotaci\u00f3n de obras de arte, despejando para los visitantes la zona que antes se usaba para el movimiento de piezas. Y Stewart espera que sean muchas personas las que vengan. \u201cVa a tener un efecto multiplicador\u201d, reflexiona sobre el traslado. \u201cQueremos atraer no solo a los coleccionistas actuales, sino tambi\u00e9n a los potenciales. Es una oportunidad para repensar lo que nos gusta, lo que podemos cuestionar y c\u00f3mo podemos evolucionar\u201d. Decir que el edificio Breuer volver\u00e1 a brillar no es exagerado. <a href=\"https:\/\/www.revistaad.es\/arquitectura\/articulos\/herzog-and-de-meuron-londres\" rel=\"nofollow noopener\" target=\"_blank\">Herzog &amp; de Meuron<\/a> han potenciado tanto la iluminaci\u00f3n interior como la exterior: desde las <a href=\"https:\/\/www.revistaad.es\/tags\/galerias\" isautogenerated=\"true\" rel=\"nofollow noopener\" target=\"_blank\">galer\u00edas<\/a> hasta las fachadas. Al caer la noche, un conjunto de luminarias ba\u00f1ar\u00e1 su silueta en forma de zigurat invertido, mientras que su caracter\u00edstica entrada en voladizo adoptar\u00e1 una nueva intensidad crom\u00e1tica. Lo que est\u00e1 claro es que, de la mano de Sotheby\u2019s, <strong>el cl\u00e1sico de Breuer regresa con fuerza renovada<\/strong>.<\/p>\n","protected":false},"excerpt":{"rendered":"Sotheby&#8217;s tiene nueva sede en Nueva York: el estudio Herzog &amp; de Meuron reinventa el ic\u00f3nico edificio Breuer&hellip;\n","protected":false},"author":2,"featured_media":71338,"comment_status":"","ping_status":"","sticky":false,"template":"","format":"standard","meta":{"footnotes":""},"categories":[173],"tags":[229,233,231,230,232,234,146,147,25,24,896,23],"class_list":{"0":"post-71337","1":"post","2":"type-post","3":"status-publish","4":"format-standard","5":"has-post-thumbnail","7":"category-arte-y-diseno","8":"tag-arte","9":"tag-arte-y-diseno","10":"tag-arts","11":"tag-arts-and-design","12":"tag-design","13":"tag-diseno","14":"tag-entertainment","15":"tag-entretenimiento","16":"tag-es","17":"tag-espana","18":"tag-nueva-york","19":"tag-spain"},"share_on_mastodon":{"url":"","error":""},"_links":{"self":[{"href":"https:\/\/www.europesays.com\/es\/wp-json\/wp\/v2\/posts\/71337","targetHints":{"allow":["GET"]}}],"collection":[{"href":"https:\/\/www.europesays.com\/es\/wp-json\/wp\/v2\/posts"}],"about":[{"href":"https:\/\/www.europesays.com\/es\/wp-json\/wp\/v2\/types\/post"}],"author":[{"embeddable":true,"href":"https:\/\/www.europesays.com\/es\/wp-json\/wp\/v2\/users\/2"}],"replies":[{"embeddable":true,"href":"https:\/\/www.europesays.com\/es\/wp-json\/wp\/v2\/comments?post=71337"}],"version-history":[{"count":0,"href":"https:\/\/www.europesays.com\/es\/wp-json\/wp\/v2\/posts\/71337\/revisions"}],"wp:featuredmedia":[{"embeddable":true,"href":"https:\/\/www.europesays.com\/es\/wp-json\/wp\/v2\/media\/71338"}],"wp:attachment":[{"href":"https:\/\/www.europesays.com\/es\/wp-json\/wp\/v2\/media?parent=71337"}],"wp:term":[{"taxonomy":"category","embeddable":true,"href":"https:\/\/www.europesays.com\/es\/wp-json\/wp\/v2\/categories?post=71337"},{"taxonomy":"post_tag","embeddable":true,"href":"https:\/\/www.europesays.com\/es\/wp-json\/wp\/v2\/tags?post=71337"}],"curies":[{"name":"wp","href":"https:\/\/api.w.org\/{rel}","templated":true}]}}