{"id":71341,"date":"2025-08-25T14:53:09","date_gmt":"2025-08-25T14:53:09","guid":{"rendered":"https:\/\/www.europesays.com\/es\/71341\/"},"modified":"2025-08-25T14:53:09","modified_gmt":"2025-08-25T14:53:09","slug":"diego-martin-y-fernando-tejero-protagonizan-sin-gluten-la-serie-de-comedia-de-tve-al-estilo-de-machos-alfa-y-la-que-se-avecina","status":"publish","type":"post","link":"https:\/\/www.europesays.com\/es\/71341\/","title":{"rendered":"Diego Mart\u00edn y Fernando Tejero protagonizan &#8216;Sin gluten&#8217;, la serie de comedia de TVE al estilo de &#8216;Machos alfa&#8217; y &#8216;La que se avecina&#8217;"},"content":{"rendered":"<p data-journey-content=\"true\" data-node-id=\"2\" class=\"css-i9p093 emevuu60\">Aunque hay diferentes estilos de comedia hay uno que, claramente, ha conquistado a la audiencia televisiva a lo largo de los a\u00f1os en varias series. <strong data-node-id=\"2.1\">El humor gamberro, repleto de referencias actuales y sin miedo a rozar lo absurdo ha sido una de las constantes de las <a href=\"https:\/\/www.diezminutos.es\/teleprograma\/series-tv\/a64826106\/alberto-laura-caballero-hermanos-nueva-serie-comedia-por-el-amor-de-dios\/\" target=\"_blank\" data-vars-ga-outbound-link=\"https:\/\/www.diezminutos.es\/teleprograma\/series-tv\/a64826106\/alberto-laura-caballero-hermanos-nueva-serie-comedia-por-el-amor-de-dios\/\" data-vars-ga-ux-element=\"Hyperlink\" data-vars-ga-call-to-action=\"series de los hermanos Laura y Alberto Caballero\" data-node-id=\"2.1.1\" class=\"body-link css-177bzfx emevuu60\" rel=\"nofollow noopener\">series de los hermanos Laura y Alberto Caballero<\/a><\/strong> que, adem\u00e1s de llevar su inconfundible sello, tambi\u00e9n se han enriquecido con el talento de profesionales que conf\u00edan en esa manera de sacar la risa a la audiencia. Quiz\u00e1 por eso <strong data-node-id=\"2.3\">TVE haya querido confiar en una de sus colaboradoras habituales, la guionista Araceli \u00c1lvarez de Sotomayor, al apostar por una propuesta que comparte estilo con <a href=\"https:\/\/www.diezminutos.es\/teleprograma\/series-tv\/a63898450\/machos-alfa-temporada-4-netflix\/\" target=\"_blank\" data-vars-ga-outbound-link=\"https:\/\/www.diezminutos.es\/teleprograma\/series-tv\/a63898450\/machos-alfa-temporada-4-netflix\/\" data-vars-ga-ux-element=\"Hyperlink\" data-vars-ga-call-to-action=\"&#039;Machos alfa&#039;\" data-node-id=\"2.3.1\" class=\"body-link css-177bzfx emevuu60\" rel=\"nofollow noopener\">&#8216;Machos alfa&#8217;<\/a>, <a href=\"https:\/\/www.diezminutos.es\/teleprograma\/series-tv\/a65377915\/muertos-sl-netflix-temporada-3-donde-ver-completa\/\" target=\"_blank\" data-vars-ga-outbound-link=\"https:\/\/www.diezminutos.es\/teleprograma\/series-tv\/a65377915\/muertos-sl-netflix-temporada-3-donde-ver-completa\/\" data-vars-ga-ux-element=\"Hyperlink\" data-vars-ga-call-to-action=\"&#039;Muertos S.L.&#039;\" data-node-id=\"2.3.3\" class=\"body-link css-177bzfx emevuu60\" rel=\"nofollow noopener\">&#8216;Muertos S.L.&#8217;<\/a> o <a href=\"https:\/\/www.diezminutos.es\/teleprograma\/series-tv\/a64538947\/la-que-se-avecina-temporada-16-paz-padilla-vuelve-chusa\/\" target=\"_blank\" data-vars-ga-outbound-link=\"https:\/\/www.diezminutos.es\/teleprograma\/series-tv\/a64538947\/la-que-se-avecina-temporada-16-paz-padilla-vuelve-chusa\/\" data-vars-ga-ux-element=\"Hyperlink\" data-vars-ga-call-to-action=\"&#039;La que se avecina&#039;\" data-node-id=\"2.3.5\" class=\"body-link css-177bzfx emevuu60\" rel=\"nofollow noopener\">&#8216;La que se avecina&#8217;<\/a><\/strong>, precisamente series de los Caballero en las que ha participado activamente en la escritura de sus guiones. As\u00ed, con ese origen vinculado, pr\u00f3ximamente llegar\u00e1 a La 1 <strong data-node-id=\"2.5\">&#8216;Sin gluten&#8217;, la comedia perfecta para el ente p\u00fablico que apela directamente a los fans de las citadas series y que, adem\u00e1s, recurre a <a href=\"https:\/\/www.diezminutos.es\/teleprograma\/series-tv\/a64899440\/diego-martin-actor-machos-alfa-4-fichaje-aqui-no-hay-quien-viva-muertos-sl\/\" target=\"_blank\" data-vars-ga-outbound-link=\"https:\/\/www.diezminutos.es\/teleprograma\/series-tv\/a64899440\/diego-martin-actor-machos-alfa-4-fichaje-aqui-no-hay-quien-viva-muertos-sl\/\" data-vars-ga-ux-element=\"Hyperlink\" data-vars-ga-call-to-action=\"Diego Mart\u00edn\" data-node-id=\"2.5.1\" class=\"body-link css-177bzfx emevuu60\" rel=\"nofollow noopener\">Diego Mart\u00edn<\/a> como protagonista,<\/strong> actor habitual de las ficciones de Contubernio. Os contamos qu\u00e9 pod\u00e9is esperar de &#8216;Sin gluten&#8217;.<\/p>\n<p><img draggable=\"true\" alt=\"diego martin en 'sin gluten'\" title=\"Diego Martin en 'Sin gluten'\" loading=\"lazy\" width=\"2953\" height=\"1969\" decoding=\"async\" data-nimg=\"1\" style=\"color:transparent;width:100%;height:auto;\"   src=\"https:\/\/www.europesays.com\/es\/wp-content\/uploads\/2025\/08\/sin-gluten-diego-martin-68ac1cdd60715.jpg\" class=\"css-0 e1g79fud0\"\/><\/p>\n<p>RTVE<\/p>\n<p>TVE prepara el estreno de &#8216;Sin gluten&#8217;, su nueva serie de comedia con un humor al estilo de &#8216;Machos alfa&#8217; y &#8216;La que se avecina&#8217;<\/p>\n<p data-journey-content=\"true\" data-node-id=\"6\" class=\"css-i9p093 emevuu60\"><strong data-node-id=\"6.0\">Araceli \u00c1lvarez de Sotomayor, guionista de series como &#8216;Machos alfa&#8217; y &#8216;La que se avecina&#8217;, ha unido fuerzas con Javier Aguayo y Germ\u00e1n Aparicio<\/strong> para crear una serie original y divertida perfecta para TVE.<strong data-node-id=\"6.2\"> Con Diego Mart\u00edn<\/strong> (&#8216;Muertos S.L.&#8217;, <a href=\"https:\/\/www.diezminutos.es\/teleprograma\/series-tv\/a33375166\/elite-cuarta-temporada-fichajes-andres-velencoso-diego-martin-pol-granch-netflix\/\" target=\"_blank\" data-vars-ga-outbound-link=\"https:\/\/www.diezminutos.es\/teleprograma\/series-tv\/a33375166\/elite-cuarta-temporada-fichajes-andres-velencoso-diego-martin-pol-granch-netflix\/\" data-vars-ga-ux-element=\"Hyperlink\" data-vars-ga-call-to-action=\"&#039;\u00c9lite&#039;\" data-node-id=\"6.4\" class=\"body-link css-177bzfx emevuu60\" rel=\"nofollow noopener\">&#8216;\u00c9lite&#8217;<\/a>) <strong data-node-id=\"6.6\">al frente, llegar\u00e1 a La 1 muy pronto la serie &#8216;Sin gluten&#8217;, una serie que extraer\u00e1 humor del competitivo sector de la cocina. <\/strong>El actor madrile\u00f1o asume el rol de Ricardo, un chef ca\u00eddo en desgracia que se ve obligado a reinventarse y acepta un puesto como profesor en un centro de formaci\u00f3n para personas en riesgo de exclusi\u00f3n social. <\/p>\n<p><img draggable=\"true\" alt=\"adam jezierski en 'sin gluten'\" title=\"Adam Jezierski en 'Sin gluten'\" loading=\"lazy\" width=\"4501\" height=\"3000\" decoding=\"async\" data-nimg=\"1\" style=\"color:transparent;width:100%;height:auto;\"   src=\"https:\/\/www.europesays.com\/es\/wp-content\/uploads\/2025\/08\/sin-gluten-adam-jezierski-68ac1dc2c855b.jpg\" class=\"css-0 e1g79fud0\"\/><\/p>\n<p>Javier de Agustin Aldeguer<\/p>\n<p data-journey-content=\"true\" data-node-id=\"9\" class=\"css-i9p093 emevuu60\">As\u00ed, muy pr\u00f3ximos a este proceso del cocinero en que egos y aspiraciones profesionales dar\u00e1n paso a un viaje personal transformador, tambi\u00e9n podremos ver a <strong data-node-id=\"9.1\">Fernando Tejero <\/strong>(<a href=\"https:\/\/www.diezminutos.es\/teleprograma\/series-tv\/a46233976\/los-farad-serie-hechos-reales-prime-video\/\" target=\"_blank\" data-vars-ga-outbound-link=\"https:\/\/www.diezminutos.es\/teleprograma\/series-tv\/a46233976\/los-farad-serie-hechos-reales-prime-video\/\" data-vars-ga-ux-element=\"Hyperlink\" data-vars-ga-call-to-action=\"&#039;Los Farad&#039;\" data-node-id=\"9.3\" class=\"body-link css-177bzfx emevuu60\" rel=\"nofollow noopener\">&#8216;Los Farad&#8217;<\/a>), <strong data-node-id=\"9.5\">Adam Jezierski <\/strong>(<a href=\"https:\/\/www.diezminutos.es\/teleprograma\/programacion-tv\/a31259030\/vota-juan-amazon-prime-video-estreno-javier-camara\/\" target=\"_blank\" data-vars-ga-outbound-link=\"https:\/\/www.diezminutos.es\/teleprograma\/programacion-tv\/a31259030\/vota-juan-amazon-prime-video-estreno-javier-camara\/\" data-vars-ga-ux-element=\"Hyperlink\" data-vars-ga-call-to-action=\"&#039;Vota Juan&#039;\" data-node-id=\"9.7\" class=\"body-link css-177bzfx emevuu60\" rel=\"nofollow noopener\">&#8216;Vota Juan&#8217;<\/a>),<strong data-node-id=\"9.9\"> Alicia Rubio <\/strong>(<a href=\"https:\/\/www.diezminutos.es\/teleprograma\/series-tv\/a45918004\/pequenas-coincidencias-temporadas-serie-donde-verla\/\" target=\"_blank\" data-vars-ga-outbound-link=\"https:\/\/www.diezminutos.es\/teleprograma\/series-tv\/a45918004\/pequenas-coincidencias-temporadas-serie-donde-verla\/\" data-vars-ga-ux-element=\"Hyperlink\" data-vars-ga-call-to-action=\"&#039;Peque\u00f1as coincidencias&#039;\" data-node-id=\"9.11\" class=\"body-link css-177bzfx emevuu60\" rel=\"nofollow noopener\">&#8216;Peque\u00f1as coincidencias&#8217;<\/a>),<strong data-node-id=\"9.13\"> I\u00f1aki Ardanaz, Teresa Cuesta<\/strong> y <strong data-node-id=\"9.15\">Antonio Resines<\/strong> (<a href=\"https:\/\/www.diezminutos.es\/teleprograma\/series-tv\/a65022477\/serrines-madera-de-actor-antonio-resines-prime-video-donde-ver\/\" target=\"_blank\" data-vars-ga-outbound-link=\"https:\/\/www.diezminutos.es\/teleprograma\/series-tv\/a65022477\/serrines-madera-de-actor-antonio-resines-prime-video-donde-ver\/\" data-vars-ga-ux-element=\"Hyperlink\" data-vars-ga-call-to-action=\"&#039;Serrines, madera de actor&#039;\" data-node-id=\"9.17\" class=\"body-link css-177bzfx emevuu60\" rel=\"nofollow noopener\">&#8216;Serrines, madera de actor&#8217;<\/a>), entre otros, completando el elenco. Con este cruce de historias, la ficci\u00f3n vuelve a recurrir a los fogones, un escenario al que ya han sacado partido otras series como <a href=\"https:\/\/www.diezminutos.es\/teleprograma\/series-tv\/a41526549\/the-bear-serie-episodios-estreno-espana-donde-ver-disney-plus\/\" target=\"_blank\" data-vars-ga-outbound-link=\"https:\/\/www.diezminutos.es\/teleprograma\/series-tv\/a41526549\/the-bear-serie-episodios-estreno-espana-donde-ver-disney-plus\/\" data-vars-ga-ux-element=\"Hyperlink\" data-vars-ga-call-to-action=\"&#039;The Bear&#039;\" data-node-id=\"9.19\" class=\"body-link css-177bzfx emevuu60\" rel=\"nofollow noopener\">&#8216;The Bear&#8217;<\/a>, <a href=\"https:\/\/www.diezminutos.es\/teleprograma\/series-tv\/a39592659\/julia-serie-hbo-max-julia-child\/\" target=\"_blank\" data-vars-ga-outbound-link=\"https:\/\/www.diezminutos.es\/teleprograma\/series-tv\/a39592659\/julia-serie-hbo-max-julia-child\/\" data-vars-ga-ux-element=\"Hyperlink\" data-vars-ga-call-to-action=\"&#039;Julia&#039;\" data-node-id=\"9.21\" class=\"body-link css-177bzfx emevuu60\" rel=\"nofollow noopener\">&#8216;Julia&#8217;<\/a> o <a href=\"https:\/\/www.diezminutos.es\/telenovela\/turcas\/a63897912\/burak-deniz-disney-plus-espana-umami-pelicula-turca\/\" target=\"_blank\" data-vars-ga-outbound-link=\"https:\/\/www.diezminutos.es\/telenovela\/turcas\/a63897912\/burak-deniz-disney-plus-espana-umami-pelicula-turca\/\" data-vars-ga-ux-element=\"Hyperlink\" data-vars-ga-call-to-action=\"&#039;Umami&#039;\" data-node-id=\"9.23\" class=\"body-link css-177bzfx emevuu60\" rel=\"nofollow noopener\">&#8216;Umami&#8217;<\/a> y filmes en la l\u00ednea de &#8216;Ratatouille&#8217;, <a href=\"https:\/\/www.diezminutos.es\/teleprograma\/programacion-tv\/a28228994\/chef-pelicula-la1-jon-favreau-sofia-vergara-scarlett-johansson-robert-downey-jr\/\" target=\"_blank\" data-vars-ga-outbound-link=\"https:\/\/www.diezminutos.es\/teleprograma\/programacion-tv\/a28228994\/chef-pelicula-la1-jon-favreau-sofia-vergara-scarlett-johansson-robert-downey-jr\/\" data-vars-ga-ux-element=\"Hyperlink\" data-vars-ga-call-to-action=\"&#039;Chef&#039;\" data-node-id=\"9.25\" class=\"body-link css-177bzfx emevuu60\" rel=\"nofollow noopener\">&#8216;Chef&#8217;<\/a>, &#8216;Julie y Julia&#8217;, &#8216;Fuera de carta&#8217;, o <a href=\"https:\/\/www.diezminutos.es\/teleprograma\/programacion-tv\/a27587372\/una-buena-receta-pelicula-bradley-cooper-omar-sy-daniel-bruhl\/\" target=\"_blank\" data-vars-ga-outbound-link=\"https:\/\/www.diezminutos.es\/teleprograma\/programacion-tv\/a27587372\/una-buena-receta-pelicula-bradley-cooper-omar-sy-daniel-bruhl\/\" data-vars-ga-ux-element=\"Hyperlink\" data-vars-ga-call-to-action=\"&#039;Una buena receta&#039;\" data-node-id=\"9.27\" class=\"body-link css-177bzfx emevuu60\" rel=\"nofollow noopener\">&#8216;Una buena receta&#8217;<\/a>. Eso s\u00ed, &#8216;Sin gluten&#8217; tratar\u00e1 de abordar problem\u00e1ticas sociales y el exigente sector de la gastronom\u00eda desde el humor, garantizando entretenimiento divertido para el p\u00fablico de TVE en este nuevo curso, contando con la colaboraci\u00f3n de Onza y Amazon Prime Video en la producci\u00f3n.<\/p>\n<p><img src=\"https:\/\/www.europesays.com\/es\/wp-content\/uploads\/2025\/08\/c846bc45-0529-47f5-9c7d-b54f2b3afed7_1682587735.file\" alt=\"Headshot of Nora C\u00e1mara\" title=\"Headshot of Nora C\u00e1mara\" width=\"100%\" height=\"100%\" decoding=\"async\" loading=\"lazy\" class=\"css-o0wq4v ev8dhu53\"\/><\/p>\n<p>Nora es experta en contenidos de cine y televisi\u00f3n en la web de Diez Minutos. Sus intereses personales y profesionales se cruzan en su labor en esta revista, pues dedica su tiempo a estar al d\u00eda en los \u00faltimos estrenos en salas y plataformas, tanto para no perd\u00e9rselos como para recomendarlos. Pero que nadie sufra, tambi\u00e9n desconecta con la m\u00fasica en directo, la lectura y los viajes. \u00a0<\/p>\n<p>Prescriptora audiovisual por verdadera afici\u00f3n, siempre est\u00e1 dispuesta a arrastrarte con ella al apasionante mundo de las sagas como Harry Potter, Star Wars o Marvel, as\u00ed como a sugerirte la \u00faltima serie adictiva que no debes perderte de Netflix, HBO Max, Disney+, Movistar+ y Amazon Prime Video. Eso s\u00ed, si tienes un arrebato de nostalgia, tambi\u00e9n te recordar\u00e1 el cl\u00e1sico perfecto para cualquier estado de \u00e1nimo o tem\u00e1tica que te interese, desde el musical o la ciencia ficci\u00f3n a las adaptaciones literarias.\u00a0<\/p>\n<p>Nora C\u00e1mara se gradu\u00f3 en Periodismo y Comunicaci\u00f3n Audiovisual en la Universidad Carlos III de Madrid en 2015, donde defini\u00f3 su pasi\u00f3n por los contenidos de cine y televisi\u00f3n. Continu\u00f3 su especializaci\u00f3n en estas materias con diversas formaciones de Guion de televisi\u00f3n y Cr\u00edtica cinematogr\u00e1fica, llev\u00e1ndole a mejorar su experiencia en las revistas del grupo HEARST Teleprograma, Supertele y Telenovela, antes de su llegada a Diez Minutos, hace dos a\u00f1os. \u00a0<\/p>\n","protected":false},"excerpt":{"rendered":"Aunque hay diferentes estilos de comedia hay uno que, claramente, ha conquistado a la audiencia televisiva a lo&hellip;\n","protected":false},"author":2,"featured_media":71342,"comment_status":"","ping_status":"","sticky":false,"template":"","format":"standard","meta":{"footnotes":""},"categories":[171],"tags":[253,146,147,25,24,23,214],"class_list":{"0":"post-71341","1":"post","2":"type-post","3":"status-publish","4":"format-standard","5":"has-post-thumbnail","7":"category-tv","8":"tag-discover","9":"tag-entertainment","10":"tag-entretenimiento","11":"tag-es","12":"tag-espana","13":"tag-spain","14":"tag-tv"},"share_on_mastodon":{"url":"","error":""},"_links":{"self":[{"href":"https:\/\/www.europesays.com\/es\/wp-json\/wp\/v2\/posts\/71341","targetHints":{"allow":["GET"]}}],"collection":[{"href":"https:\/\/www.europesays.com\/es\/wp-json\/wp\/v2\/posts"}],"about":[{"href":"https:\/\/www.europesays.com\/es\/wp-json\/wp\/v2\/types\/post"}],"author":[{"embeddable":true,"href":"https:\/\/www.europesays.com\/es\/wp-json\/wp\/v2\/users\/2"}],"replies":[{"embeddable":true,"href":"https:\/\/www.europesays.com\/es\/wp-json\/wp\/v2\/comments?post=71341"}],"version-history":[{"count":0,"href":"https:\/\/www.europesays.com\/es\/wp-json\/wp\/v2\/posts\/71341\/revisions"}],"wp:featuredmedia":[{"embeddable":true,"href":"https:\/\/www.europesays.com\/es\/wp-json\/wp\/v2\/media\/71342"}],"wp:attachment":[{"href":"https:\/\/www.europesays.com\/es\/wp-json\/wp\/v2\/media?parent=71341"}],"wp:term":[{"taxonomy":"category","embeddable":true,"href":"https:\/\/www.europesays.com\/es\/wp-json\/wp\/v2\/categories?post=71341"},{"taxonomy":"post_tag","embeddable":true,"href":"https:\/\/www.europesays.com\/es\/wp-json\/wp\/v2\/tags?post=71341"}],"curies":[{"name":"wp","href":"https:\/\/api.w.org\/{rel}","templated":true}]}}