{"id":71354,"date":"2025-08-25T15:00:25","date_gmt":"2025-08-25T15:00:25","guid":{"rendered":"https:\/\/www.europesays.com\/es\/71354\/"},"modified":"2025-08-25T15:00:25","modified_gmt":"2025-08-25T15:00:25","slug":"el-dueno-de-green-mountain-compra-marcilla-saimaza-y-lor-por-15-700-millones","status":"publish","type":"post","link":"https:\/\/www.europesays.com\/es\/71354\/","title":{"rendered":"el due\u00f1o de Green Mountain compra Marcilla, Saimaza y L&#8217;Or por 15.700 millones"},"content":{"rendered":"<p>Nace un nuevo gigante mundial del caf\u00e9. La compa\u00f1\u00eda de bebidas estadounidense Keurig Dr Pepper, que es propietario de marcas como Green Mountain y distribuye, entre otras, Lavazza, ha adquirido JDE Peet&#8217;s, matriz de la hist\u00f3rica marca neerlandesa Douwe Egberts y propietaria tambi\u00e9n de ense\u00f1as como Marcilla, Saimaza, L&#8217;Or, Senseo o Hornimans, entre otras. Es una operaci\u00f3n que se eleva a 15.700 millones de euros.<\/p>\n<p>En Pa\u00edses Bajos, JDE Peet&#8217;s cotiza en el \u00edndice Midkap de \u00c1msterdam, con una valoraci\u00f3n de cerca de 13.000 millones de euros, mientras que Keurig Dr Pepper triplica ese valor en mercado, alcanzando unos 43.000 millones de euros. La empresa estadounidense explic\u00f3 que, una vez cerrada la compra, planea separar su negocio de refrescos de la divisi\u00f3n de caf\u00e9, creando dos compa\u00f1\u00edas que cotizar\u00e1n de manera independiente en Estados Unidos. Por un lado quedar\u00e1 as\u00ed Beverage Co, especializada en bebidas refrescantes y que seguir\u00e1 gestionando marcas como Dr Pepper, 7UP y Schweppes; y, por el otro, Global Coffee Co, dedicada exclusivamente al caf\u00e9 y que se convertir\u00e1 en la mayor del mundo en este sector.<\/p>\n<p><b>Global Coffee Co., con aproximadamente 16.000 millones de d\u00f3lares (13.649 millones de euros) en ventas netas anuales combinadas, ser\u00e1 la mayor empresa de caf\u00e9 especializada en este sector del mundo<\/b>. La nueva empresa tendr\u00e1 presencia en m\u00e1s de 100 pa\u00edses, incluyendo 40 donde ocupa el primer o segundo puesto en ventas. Y en la misma l\u00ednea, Beverage Co., con m\u00e1s de 11.000 millones de d\u00f3lares (9.384 millones de euros) en ventas netas anuales, ser\u00e1 un competidor a gran escala en el mercado norteamericano de bebidas refrescantes.<\/p>\n<p><a href=\"https:\/\/www.eleconomista.es\/economia\/noticias\/13515722\/08\/25\/el-cacao-arrastra-al-cafe-y-la-fruta-con-alzas-en-los-precios-de-hasta-dos-digitos-en-2025.html\" title=\"El cacao arrastra al caf\u00e9 a una subida de precios de dos d\u00edgitos\" rel=\"nofollow noopener\" target=\"_blank\">Esta operaci\u00f3n se produce en un contexto de subidas del precio del caf\u00e9, <\/a>que en el \u00faltimo a\u00f1o ha repuntado debido a cosechas fallidas en Brasil y a una demanda global en constante aumento, especialmente en Asia. JDE Peet&#8217;s protagoniz\u00f3 adem\u00e1s este a\u00f1o tensiones con supermercados neerlandeses por el encarecimiento del producto, lo que provoc\u00f3 desabastecimiento temporal de caf\u00e9 Douwe Egberts en los lineales. Por el momento, se desconoce qu\u00e9 impacto tendr\u00e1 la compra en los precios del caf\u00e9, aunque la fusi\u00f3n consolida la posici\u00f3n de la compa\u00f1\u00eda en un mercado que mueve cerca de 400.000 millones de euros.<\/p>\n<p>Financiaci\u00f3n<\/p>\n<p>La transacci\u00f3n se financiar\u00e1 mediante una combinaci\u00f3n de nueva deuda s\u00e9nior no garantizada y subordinada j\u00fanior, y efectivo disponible. KDP espera mantener su calificaci\u00f3n crediticia de grado de inversi\u00f3n, y Beverage Co. y Global Coffee Co. tambi\u00e9n se comprometer\u00e1n a mantener perfiles crediticios de grado de inversi\u00f3n tras la separaci\u00f3n. <b> \u00abEl anuncio de hoy marca un momento de transformaci\u00f3n en la industria de las bebidas, ya que nos basamos en el legado disruptivo de KDP con la creaci\u00f3n de dos empresas exitosas, incluyendo un nuevo l\u00edder mundial en caf\u00e9\u00bb,<\/b> declar\u00f3 Tim Cofer, consejero delegado de KDP.<\/p>\n<p>\u00abEsta transacci\u00f3n, altamente complementaria, generar\u00e1 una prima atractiva para nuestros accionistas y crear\u00e1 atractivas oportunidades de crecimiento futuro para nuestros empleados, clientes y otras partes interesadas\u00bb, indic\u00f3, por su parte, Rafa Oliveira, consejero delegado de JDE Peet&#8217;s.<\/p>\n<p>WhatsApp<a href=\"https:\/\/api.whatsapp.com\/send?text=https:\/\/www.eleconomista.es\/retail-consumo\/noticias\/13516375\/08\/25\/nace-el-mayor-fabricante-de-cafe-del-mundo-el-dueno-de-green-mountain-compra-marcilla-saimaza-y-lor-por-15700-millones.html?utm_source%3Dwhatsapp%26utm_medium%3Dshare_button&amp;id=1648118629957_whatsapp\" target=\"_blank\" data-action=\"share\/whatsapp\/share\" aria-label=\"Compartir en Whatsapp\" rel=\"nofollow noopener\"><\/a>Facebook<a id=\"fb-share\" href=\"#\" target=\"_blank\" rel=\"noopener noreferrer\" aria-label=\"Compartir en Facebook\"><\/a>Twitter<a href=\"https:\/\/twitter.com\/share?text=Nace+el+mayor+fabricante+de+caf%C3%A9+del+mundo%3A+el+due%C3%B1o+de+Green+Mountain+compra+Marcilla%2C+Saimaza+y+L%27Or+por+15.700+millones&amp;url=https:\/\/www.eleconomista.es\/retail-consumo\/noticias\/13516375\/08\/25\/nace-el-mayor-fabricante-de-cafe-del-mundo-el-dueno-de-green-mountain-compra-marcilla-saimaza-y-lor-por-15700-millones.html&amp;via=elEconomistaes&amp;id=1648118839245_twitter\" target=\"_blank\" aria-label=\"Compartir en Twitter\" rel=\"nofollow noopener\"><\/a>Linkedin<a href=\"https:\/\/linkedin.com\/share?text=https:\/\/www.eleconomista.es\/retail-consumo\/noticias\/13516375\/08\/25\/nace-el-mayor-fabricante-de-cafe-del-mundo-el-dueno-de-green-mountain-compra-marcilla-saimaza-y-lor-por-15700-millones.html&amp;via=elEconomistaes\" target=\"_blank\" aria-label=\"Compartir en linkedin\" rel=\"nofollow noopener\"><\/a>Beloud<a href=\"https:\/\/beloud.com\/share?text=Nace+el+mayor+fabricante+de+caf%C3%A9+del+mundo%3A+el+due%C3%B1o+de+Green+Mountain+compra+Marcilla%2C+Saimaza+y+L%27Or+por+15.700+millones&amp;url=https:\/\/www.eleconomista.es\/retail-consumo\/noticias\/13516375\/08\/25\/nace-el-mayor-fabricante-de-cafe-del-mundo-el-dueno-de-green-mountain-compra-marcilla-saimaza-y-lor-por-15700-millones.html&amp;via=elEconomistaes&amp;id=1648118839245_beloud\" target=\"_blank\" aria-label=\"Compartir en beloud\" rel=\"nofollow noopener\"><\/a>Bluesky<a href=\"https:\/\/bsky.app\/intent\/compose?text=https:\/\/bsky.app\/intent\/compose?text=https:\/\/www.eleconomista.es\/retail-consumo\/noticias\/13516375\/08\/25\/nace-el-mayor-fabricante-de-cafe-del-mundo-el-dueno-de-green-mountain-compra-marcilla-saimaza-y-lor-por-15700-millones.html&amp;url=https:\/\/www.eleconomista.es\/retail-consumo\/noticias\/13516375\/08\/25\/nace-el-mayor-fabricante-de-cafe-del-mundo-el-dueno-de-green-mountain-compra-marcilla-saimaza-y-lor-por-15700-millones.html&amp;via=elEconomistaes&amp;id=1648118839245_bluesky\" target=\"_blank\" aria-label=\"Compartir en bluesky\" rel=\"nofollow noopener\"><\/a><\/p>\n<p><script async src=\"https:\/\/platform.twitter.com\/widgets.js\" charset=\"utf-8\"><\/script><\/p>\n","protected":false},"excerpt":{"rendered":"Nace un nuevo gigante mundial del caf\u00e9. La compa\u00f1\u00eda de bebidas estadounidense Keurig Dr Pepper, que es propietario&hellip;\n","protected":false},"author":2,"featured_media":71355,"comment_status":"","ping_status":"","sticky":false,"template":"","format":"standard","meta":{"footnotes":""},"categories":[80],"tags":[82,95,94,25,24,11416,23],"class_list":{"0":"post-71354","1":"post","2":"type-post","3":"status-publish","4":"format-standard","5":"has-post-thumbnail","7":"category-economia","8":"tag-business","9":"tag-economia","10":"tag-economy","11":"tag-es","12":"tag-espana","13":"tag-retail-consumo","14":"tag-spain"},"share_on_mastodon":{"url":"","error":""},"_links":{"self":[{"href":"https:\/\/www.europesays.com\/es\/wp-json\/wp\/v2\/posts\/71354","targetHints":{"allow":["GET"]}}],"collection":[{"href":"https:\/\/www.europesays.com\/es\/wp-json\/wp\/v2\/posts"}],"about":[{"href":"https:\/\/www.europesays.com\/es\/wp-json\/wp\/v2\/types\/post"}],"author":[{"embeddable":true,"href":"https:\/\/www.europesays.com\/es\/wp-json\/wp\/v2\/users\/2"}],"replies":[{"embeddable":true,"href":"https:\/\/www.europesays.com\/es\/wp-json\/wp\/v2\/comments?post=71354"}],"version-history":[{"count":0,"href":"https:\/\/www.europesays.com\/es\/wp-json\/wp\/v2\/posts\/71354\/revisions"}],"wp:featuredmedia":[{"embeddable":true,"href":"https:\/\/www.europesays.com\/es\/wp-json\/wp\/v2\/media\/71355"}],"wp:attachment":[{"href":"https:\/\/www.europesays.com\/es\/wp-json\/wp\/v2\/media?parent=71354"}],"wp:term":[{"taxonomy":"category","embeddable":true,"href":"https:\/\/www.europesays.com\/es\/wp-json\/wp\/v2\/categories?post=71354"},{"taxonomy":"post_tag","embeddable":true,"href":"https:\/\/www.europesays.com\/es\/wp-json\/wp\/v2\/tags?post=71354"}],"curies":[{"name":"wp","href":"https:\/\/api.w.org\/{rel}","templated":true}]}}