{"id":713681,"date":"2026-08-16T02:47:22","date_gmt":"2026-08-16T02:47:22","guid":{"rendered":"https:\/\/www.europesays.com\/es\/713681\/"},"modified":"2026-08-16T02:47:22","modified_gmt":"2026-08-16T02:47:22","slug":"un-futbolista-trasladado-al-huca-tras-el-oviedo-granada-tenia-mareos-y-no-veia-bien","status":"publish","type":"post","link":"https:\/\/www.europesays.com\/es\/713681\/","title":{"rendered":"Un futbolista, trasladado al HUCA tras el Oviedo-Granada: \u201cTen\u00eda mareos y no ve\u00eda bien\u201d"},"content":{"rendered":"<p class=\"ft-text\">\u00a0El partido entre el Real Oviedo y el Granada acab\u00f3 con susto cuando el futbolista visitante Emeka se desplom\u00f3 sobre el c\u00e9sped cuando el colegiado pit\u00f3 el final. El futbolista se qued\u00f3 durante varios minutos sobre el c\u00e9sped, atendido tanto por los servicios m\u00e9dicos del Granada como ayudado por los del Oviedo. Un choque a\u00e9reo con Juan Cruz hizo que tuviera mareos y se decidi\u00f3 llamar a la ambulancia para ser trasladado al HUCA y descartar problemas mayores.<\/p>\n<p class=\"ft-text\">Pacheta, t\u00e9cnico visitante, explic\u00f3 lo sucedido en la sala de prensa y mand\u00f3 un mensaje de tranquilidad sobre el estado de Emeka. \u201cSe ha dado un golpe en la cabeza y ten\u00eda mareos y no ve\u00eda bien, se lo han llevado al hospital a hacerle pruebas. No tengo m\u00e1s datos sobre \u00e9l. El chico est\u00e1 bien, que la familia se tranquilice\u201d, explic\u00f3 el entrenador del conjunto nazar\u00ed.<\/p>\n","protected":false},"excerpt":{"rendered":"\u00a0El partido entre el Real Oviedo y el Granada acab\u00f3 con susto cuando el futbolista visitante Emeka se&hellip;\n","protected":false},"author":2,"featured_media":713682,"comment_status":"","ping_status":"","sticky":false,"template":"","format":"standard","meta":{"footnotes":""},"categories":[268],"tags":[168,25,24,280,282,11346,494,27628,118905,1796,3302,281,23,167,20234],"class_list":["post-713681","post","type-post","status-publish","format-standard","has-post-thumbnail","category-futbol","tag-deportes","tag-es","tag-espana","tag-football","tag-futbol","tag-futbolista","tag-granada","tag-huca","tag-mareos","tag-oviedo","tag-real-oviedo","tag-soccer","tag-spain","tag-sports","tag-trasladado"],"share_on_mastodon":{"url":"https:\/\/pubeurope.com\/@es\/117102906252156525","error":""},"_links":{"self":[{"href":"https:\/\/www.europesays.com\/es\/wp-json\/wp\/v2\/posts\/713681","targetHints":{"allow":["GET"]}}],"collection":[{"href":"https:\/\/www.europesays.com\/es\/wp-json\/wp\/v2\/posts"}],"about":[{"href":"https:\/\/www.europesays.com\/es\/wp-json\/wp\/v2\/types\/post"}],"author":[{"embeddable":true,"href":"https:\/\/www.europesays.com\/es\/wp-json\/wp\/v2\/users\/2"}],"replies":[{"embeddable":true,"href":"https:\/\/www.europesays.com\/es\/wp-json\/wp\/v2\/comments?post=713681"}],"version-history":[{"count":0,"href":"https:\/\/www.europesays.com\/es\/wp-json\/wp\/v2\/posts\/713681\/revisions"}],"wp:featuredmedia":[{"embeddable":true,"href":"https:\/\/www.europesays.com\/es\/wp-json\/wp\/v2\/media\/713682"}],"wp:attachment":[{"href":"https:\/\/www.europesays.com\/es\/wp-json\/wp\/v2\/media?parent=713681"}],"wp:term":[{"taxonomy":"category","embeddable":true,"href":"https:\/\/www.europesays.com\/es\/wp-json\/wp\/v2\/categories?post=713681"},{"taxonomy":"post_tag","embeddable":true,"href":"https:\/\/www.europesays.com\/es\/wp-json\/wp\/v2\/tags?post=713681"}],"curies":[{"name":"wp","href":"https:\/\/api.w.org\/{rel}","templated":true}]}}