{"id":71375,"date":"2025-08-25T15:11:10","date_gmt":"2025-08-25T15:11:10","guid":{"rendered":"https:\/\/www.europesays.com\/es\/71375\/"},"modified":"2025-08-25T15:11:10","modified_gmt":"2025-08-25T15:11:10","slug":"omari-moore-completa-su-fichaje-por-el-valencia-basket-tras-superar-la-revision-fisica-y-medica","status":"publish","type":"post","link":"https:\/\/www.europesays.com\/es\/71375\/","title":{"rendered":"Omari Moore completa su fichaje por el Valencia Basket tras superar la revisi\u00f3n f\u00edsica y m\u00e9dica"},"content":{"rendered":"<p class=\"ft-text\"><a class=\"ft-link ft-link--decoration\" href=\"https:\/\/basketball.eurobasket.com\/player\/Omari-Moore\/505594\" rel=\"nofollow noopener\" target=\"_blank\"><strong>Omari Moore<\/strong><\/a><strong> ya es oficialmente nuevo jugador del Valencia Basket<\/strong>. El combo-guard norteamericano (1,98m, Pasadena, California), 18\/09\/2000, 24 a\u00f1os) <a class=\"ft-link ft-link--decoration\" href=\"https:\/\/www.superdeporte.es\/valencia-basket\/2025\/08\/24\/omari-moore-valencia-llegada-aeropuerto-manises-pretemporada-120900166.html\" rel=\"nofollow noopener\" target=\"_blank\">lleg\u00f3 el domingo a Manises<\/a> y este martes podr\u00e1 estar a disposici\u00f3n de Pedro Mart\u00ednez para empezar la pretemporada con el trabajo de pista.<\/p>\n<p class=\"ft-text\">Y es que Moore <strong>ha completado satisfactoriamente la revisi\u00f3n m\u00e9dica y f\u00edsica, as\u00ed como las pruebas cardiol\u00f3gicas y de esfuerzo<\/strong> en Quir\u00f3nsalud Mercado de Col\u00f3n bajo la supervisi\u00f3n del responsable m\u00e9dico de Valencia Basket, el doctor Vicente Sebasti\u00e1, con el apoyo del Dr. Antonio Giner en la prueba de esfuerzo y la doctora Catheline Lauwers en las pruebas cardiol\u00f3gicas, con resultado satisfactorio.<\/p>\n<p><img decoding=\"async\" src=\"https:\/\/www.europesays.com\/es\/wp-content\/uploads\/2025\/08\/2e1bda5e-f709-4ef2-96e0-4414e7558c17_alta-libre-aspect-ratio_default_0.jpg\" width=\"1200\" height=\"620\" alt=\"Omari Moore, durante las pruebas f\u00edsicas a la que se someti\u00f3 este lunes en Val\u00e8ncia\" class=\"ft-helper-img-rd\" loading=\"lazy\" hasdataaida=\"true\"\/><\/p>\n<p class=\"ft-helper-fontColor-quaternary ft-helper-fontSize-body-S ft-helper-spacer-t-xxs\">Omari Moore, durante las pruebas f\u00edsicas a la que se someti\u00f3 este lunes en Val\u00e8ncia  \/ VBC<\/p>\n<p>Segunda experiencia en Europa<\/p>\n<p class=\"ft-text\">El jugador cuenta con experiencia en el baloncesto europeo ya que <strong>la pasada temporada la disput\u00f3 con el Darussafaka Basketbol Istanbul<\/strong>, con el que la pasada temporada acab\u00f3 entre los mejores del campeonato turco en anotaci\u00f3n (15,7 puntos, s\u00e9ptimo), asistencias (5,5, sexto) y recuperaciones (1,3, s\u00e9ptimo) para ser el tercer jugador m\u00e1s valorado de la Liga Turca (17,2 cr\u00e9ditos) y siendo el octavo jugador con m\u00e1s influencia en el torneo (358,1 en el Floor Impact Counter).<\/p>\n<p>Excompa\u00f1ero de \u00c1lvaro C\u00e1rdenas<\/p>\n<p class=\"ft-text\"><strong>Se form\u00f3 en la universidad de San Jose State, donde coincidi\u00f3 con <\/strong><a class=\"ft-link ft-link--decoration\" href=\"https:\/\/www.superdeporte.es\/valencia-basket\/2025\/06\/21\/valencia-basket-cede-alvaro-cardenas-peristeri-118908044.html\" rel=\"nofollow noopener\" target=\"_blank\">\u00c1lvaro Cardenas<\/a> y fue elegido jugador del a\u00f1o de la Mountain West por los entrenadores y los medios en el curso 2022-23, y en 2024 se proclam\u00f3 campe\u00f3n de la liga canadiense con los Niagara River Lions.<\/p>\n","protected":false},"excerpt":{"rendered":"Omari Moore ya es oficialmente nuevo jugador del Valencia Basket. El combo-guard norteamericano (1,98m, Pasadena, California), 18\/09\/2000, 24&hellip;\n","protected":false},"author":2,"featured_media":71376,"comment_status":"","ping_status":"","sticky":false,"template":"","format":"standard","meta":{"footnotes":""},"categories":[269],"tags":[299,1918,298,168,25,24,21574,8450,11119,27882,27881,27883,20902,28294,23,167,5378,235,2916,1511],"class_list":{"0":"post-71375","1":"post","2":"type-post","3":"status-publish","4":"format-standard","5":"has-post-thumbnail","7":"category-baloncesto","8":"tag-baloncesto","9":"tag-basket","10":"tag-basketball","11":"tag-deportes","12":"tag-es","13":"tag-espana","14":"tag-fichajes-valencia-basket","15":"tag-fisica","16":"tag-medica","17":"tag-moore","18":"tag-omari","19":"tag-omari-moore","20":"tag-revision","21":"tag-revision-medica","22":"tag-spain","23":"tag-sports","24":"tag-supera","25":"tag-valencia","26":"tag-valencia-basket","27":"tag-y"},"share_on_mastodon":{"url":"","error":""},"_links":{"self":[{"href":"https:\/\/www.europesays.com\/es\/wp-json\/wp\/v2\/posts\/71375","targetHints":{"allow":["GET"]}}],"collection":[{"href":"https:\/\/www.europesays.com\/es\/wp-json\/wp\/v2\/posts"}],"about":[{"href":"https:\/\/www.europesays.com\/es\/wp-json\/wp\/v2\/types\/post"}],"author":[{"embeddable":true,"href":"https:\/\/www.europesays.com\/es\/wp-json\/wp\/v2\/users\/2"}],"replies":[{"embeddable":true,"href":"https:\/\/www.europesays.com\/es\/wp-json\/wp\/v2\/comments?post=71375"}],"version-history":[{"count":0,"href":"https:\/\/www.europesays.com\/es\/wp-json\/wp\/v2\/posts\/71375\/revisions"}],"wp:featuredmedia":[{"embeddable":true,"href":"https:\/\/www.europesays.com\/es\/wp-json\/wp\/v2\/media\/71376"}],"wp:attachment":[{"href":"https:\/\/www.europesays.com\/es\/wp-json\/wp\/v2\/media?parent=71375"}],"wp:term":[{"taxonomy":"category","embeddable":true,"href":"https:\/\/www.europesays.com\/es\/wp-json\/wp\/v2\/categories?post=71375"},{"taxonomy":"post_tag","embeddable":true,"href":"https:\/\/www.europesays.com\/es\/wp-json\/wp\/v2\/tags?post=71375"}],"curies":[{"name":"wp","href":"https:\/\/api.w.org\/{rel}","templated":true}]}}