{"id":71379,"date":"2025-08-25T15:13:07","date_gmt":"2025-08-25T15:13:07","guid":{"rendered":"https:\/\/www.europesays.com\/es\/71379\/"},"modified":"2025-08-25T15:13:07","modified_gmt":"2025-08-25T15:13:07","slug":"veronica-echegui-hasta-el-ultimo-aliento-el-mundo","status":"publish","type":"post","link":"https:\/\/www.europesays.com\/es\/71379\/","title":{"rendered":"Ver\u00f3nica Echegui, hasta el \u00faltimo aliento &#8211; El Mundo"},"content":{"rendered":"<ol>\n<li><a href=\"https:\/\/news.google.com\/rss\/articles\/CBMiggFBVV95cUxPSXVKS0g3SXFVYkdGQW9ybXBoY1dlYm56UjBocklMVVhTM0RxZVo2cnk4Umh0ODVKRDIwOUpUQl9GNjJLUHYxeWZkOW1KS21mZlV5NVZGRktvU1RORmVPQ0cwdlZydERXU2hMOGU4SWsyOEYtRFdHaG1qenROTnYzZlRn?oc=5\" target=\"_blank\" rel=\"nofollow noopener\">Ver\u00f3nica Echegui, hasta el \u00faltimo aliento<\/a>&nbsp;&nbsp;El Mundo<\/li>\n<li><a href=\"https:\/\/news.google.com\/rss\/articles\/CBMiwAFBVV95cUxPNmp2WGs2bkJ4VTN3NzNiU2dablNuRzRoV25kME1zQVk5X2w1UmdqS0hfRjROZjV3bU9aOTQ2NTFNQW42RXZvWDlNalpEZHN0M0daeWJ6b0ZjQUZTVFZnMmRNSkQyWG9Cc016eFEzZGQ2V2tBUFFJamVzOVBFN21IVWNIUnJjaTJlUjJDT0RsR01MYUZ2aERMQWRrb2xMT0RYMmN1NVoxaVJHUkxVSHhZUXloWWRQTWljbWVJVjVMUEo?oc=5\" target=\"_blank\" rel=\"nofollow noopener\">Conmoci\u00f3n en el cine espa\u00f1ol por la muerte de Ver\u00f3nica Echegui: \u201cNo nos lo creemos\u201d<\/a>&nbsp;&nbsp;EL PA\u00cdS<\/li>\n<li><a href=\"https:\/\/news.google.com\/rss\/articles\/CBMingFBVV95cUxNcHpBc1JBTHRrb1U2WDlpWW9GaEx4akJCNHZvWUViS0ZVR1dpT2ItNmR5cnJVUlFVczZhal9QbXplZ3pvRDZlRkMtbmgwZElfQ0dXZV9wak9lcXRlcEdLYTUxQ25jdzREbW9ZV2NQRnJLcU9zbTlxbThVRjlSWlIzOFNuNEtsWF9JZ0lNdGhuVmphMmZfbkR2enNMelU5Zw?oc=5\" target=\"_blank\" rel=\"nofollow noopener\">Muere a los 42 a\u00f1os la actriz Ver\u00f3nica Echegui<\/a>&nbsp;&nbsp;La Vanguardia<\/li>\n<li><a href=\"https:\/\/news.google.com\/rss\/articles\/CBMitgFBVV95cUxPcHJoeDlkU3VCY0lXSDNreDNjZk84Z251cEx3MUJ3bTRNTGlFWi16aGZOUVp0NEtUM0xXUkFnUzNzWTVqcld6djFxWFZEdF8yMFJZWmYzUy1JMnlydDdHYVhJVVdabll4a0pZMVFmNFdNUGtmUVc0UFdxSTJFQlM2aWFCQlVTdTVBYVEzUDZHVWpBem9icEJZSk81cDNqVVVxcWZWXzFtSDJWcFJRRnZzVld1b3hhdw?oc=5\" target=\"_blank\" rel=\"nofollow noopener\">La frase de Ver\u00f3nica Echegui antes de morir que ha dejado en &#8216;shock&#8217; a &#8216;Espejo P\u00fablico: \u00abImpacta\u00bb<\/a>&nbsp;&nbsp;ABC<\/li>\n<li><a href=\"https:\/\/news.google.com\/rss\/articles\/CBMifEFVX3lxTE5hcC11eExDM2hYcDJlQndHWlBGckh5R3NIbGFNNWRwelc0emlveElLV3Y5Yk1KVmpjeFMwNUVDWm5pSklKOTQzR2JNSGp1ZmJFRE02MkxaQk9oZ3B0cnpOY19WU3ppX1NXNXh6MEs1WDJGMkhST3NVMEdUYkw?oc=5\" target=\"_blank\" rel=\"nofollow noopener\">As\u00ed fue la carrera de Ver\u00f3nica Echegui, de debutar con \u2018Yo soy la Juani\u2019 a su Goya como directora<\/a>&nbsp;&nbsp;HOLA<\/li>\n<\/ol>\n","protected":false},"excerpt":{"rendered":"Ver\u00f3nica Echegui, hasta el \u00faltimo aliento&nbsp;&nbsp;El Mundo Conmoci\u00f3n en el cine espa\u00f1ol por la muerte de Ver\u00f3nica Echegui:&hellip;\n","protected":false},"author":2,"featured_media":71380,"comment_status":"","ping_status":"","sticky":false,"template":"","format":"standard","meta":{"footnotes":""},"categories":[174],"tags":[255,4176,146,147,25,24,256,23],"class_list":{"0":"post-71379","1":"post","2":"type-post","3":"status-publish","4":"format-standard","5":"has-post-thumbnail","7":"category-famosos","8":"tag-celebrities","9":"tag-cultura-cine","10":"tag-entertainment","11":"tag-entretenimiento","12":"tag-es","13":"tag-espana","14":"tag-famosos","15":"tag-spain"},"share_on_mastodon":{"url":"","error":""},"_links":{"self":[{"href":"https:\/\/www.europesays.com\/es\/wp-json\/wp\/v2\/posts\/71379","targetHints":{"allow":["GET"]}}],"collection":[{"href":"https:\/\/www.europesays.com\/es\/wp-json\/wp\/v2\/posts"}],"about":[{"href":"https:\/\/www.europesays.com\/es\/wp-json\/wp\/v2\/types\/post"}],"author":[{"embeddable":true,"href":"https:\/\/www.europesays.com\/es\/wp-json\/wp\/v2\/users\/2"}],"replies":[{"embeddable":true,"href":"https:\/\/www.europesays.com\/es\/wp-json\/wp\/v2\/comments?post=71379"}],"version-history":[{"count":0,"href":"https:\/\/www.europesays.com\/es\/wp-json\/wp\/v2\/posts\/71379\/revisions"}],"wp:featuredmedia":[{"embeddable":true,"href":"https:\/\/www.europesays.com\/es\/wp-json\/wp\/v2\/media\/71380"}],"wp:attachment":[{"href":"https:\/\/www.europesays.com\/es\/wp-json\/wp\/v2\/media?parent=71379"}],"wp:term":[{"taxonomy":"category","embeddable":true,"href":"https:\/\/www.europesays.com\/es\/wp-json\/wp\/v2\/categories?post=71379"},{"taxonomy":"post_tag","embeddable":true,"href":"https:\/\/www.europesays.com\/es\/wp-json\/wp\/v2\/tags?post=71379"}],"curies":[{"name":"wp","href":"https:\/\/api.w.org\/{rel}","templated":true}]}}