{"id":71381,"date":"2025-08-25T15:14:13","date_gmt":"2025-08-25T15:14:13","guid":{"rendered":"https:\/\/www.europesays.com\/es\/71381\/"},"modified":"2025-08-25T15:14:13","modified_gmt":"2025-08-25T15:14:13","slug":"la-idea-de-que-las-cocinas-deben-ser-blancas-es-muy-tipico-de-los-anos-80-y-90","status":"publish","type":"post","link":"https:\/\/www.europesays.com\/es\/71381\/","title":{"rendered":"La idea de que las cocinas deben ser blancas es muy t\u00edpico de los a\u00f1os 80 y 90"},"content":{"rendered":"<p>Durante a\u00f1os, muchas cocinas han seguido unos patrones comunes. Encimeras de granito, muebles altos con mucho almacenaje y <a href=\"https:\/\/www.revistainteriores.es\/decoracion\/cocinas-blancas-20-fotos-inspiradoras-preciosas-grandes-ideas_10741\" rel=\"nofollow noopener\" target=\"_blank\">paredes pintadas de blanco<\/a>. Este color ha sido uno de los m\u00e1s recurrentes en la estancia, ya que desprende mucha pulcritud y elegancia. No obstante, en los \u00faltimos meses hemos visto como otras tonalidades han ido ganando terreno en este espacio, como es <a href=\"https:\/\/www.revistainteriores.es\/ideas-casa\/color-verde-cocina-tendencia-2024_8602\" rel=\"nofollow noopener\" target=\"_blank\">el verde con tonos apagados<\/a> o <a href=\"https:\/\/www.revistainteriores.es\/tendencias\/color-rosa-tine-cocinas-2025-moda-que-llega-para-dar-toque-elegante-dulce-nuestras-casas_11081\" rel=\"nofollow noopener\" target=\"_blank\">el rosa palo<\/a>.<\/p>\n<p>Uno de los interioristas que opta por utilizar toda la paleta crom\u00e1tica en la cocina es<strong> Pepe Leal<\/strong>.\u00a0 En una entrevista que ha dado para esta cabececera, el profesional nos habla de c\u00f3mo le gusta decorar este ambiente. \u00abUtilizo todos los colores habidos y por haber\u00bb, comenta. Adem\u00e1s, afirma que aunque el <strong>blanco cl\u00e1sico<\/strong> tambi\u00e9n lo incluye en algunos de sus proyectos, es una <strong>idea muy arraigada de las d\u00e9cadas de los 80 y 90<\/strong>. De hecho, todas estas ocurrencias las podemos ver plasmadas en uno de sus \u00faltimos trabajos: <a href=\"https:\/\/www.revistainteriores.es\/casas\/pepe-leal-interiorista-sobre-piso-50-playa-solo-mantuvimos-fachada-resto-se-convirtio-historia_11753\" rel=\"nofollow noopener\" target=\"_blank\">una amplia y luminosa casa en Marbella (M\u00e1laga)<\/a>, donde la cocina ha experimentado un giro de 180\u00ba.<\/p>\n<blockquote>\n<p>\u00abEn mi casa he hecho las encimeras de mi cocina con terrazo\u00bb, afirma el interiorista Pepe Leal<\/p>\n<\/blockquote>\n<p>Tras una intensa formaci\u00f3n en Espa\u00f1a y Reino Unido, Pepe Leal se ha convertido en uno de los interioristas con m\u00e1s recorrido de nuestro pa\u00eds. El tambi\u00e9n historiador de arte es conocido por la renovaci\u00f3n de diversos inmuebles de los Paradores del pa\u00eds y por tener reconocimientos por toda su trayectoria. <a href=\"https:\/\/www.revistainteriores.es\/estilo-de-vida\/premios-miad-2025_11110\" rel=\"nofollow noopener\" target=\"_blank\">Uno de ellos es el Premio MIAD 2025<\/a>.<\/p>\n<p>&#13;<img loading=\"lazy\" decoding=\"async\"   src=\"https:\/\/www.europesays.com\/es\/wp-content\/uploads\/2025\/08\/cocina-con-encimera-de-marmol_7a6247c2_250821145844_1280x1920.webp.webp\" alt=\"Cocina con encimera de m\u00e1rmol\" class=\"lazyload\" width=\"1280\" height=\"1920\" data-aspectratio=\"1280\/1920\"\/><\/p>\n<p>&#13;&#13;Foto: Fhe.es. Realizaci\u00f3n: Paloma Pacheco Turnes. Interiorismo: Pepe Leal&#13;<\/p>\n<p> <a href=\"https:\/\/www.revistainteriores.es\/casas\/esta-casa-situada-enclave-idilico-almeria-se-transforma-hogar-diafano-que-rebosa-modernidad-aprovecha-maximo-luz-natural_11968\" data-ga4_event=\"custom_event\" data-ga4_event_name=\"click_intext\" data-ga4_link_url=\"https:\/\/www.revistainteriores.es\/casas\/esta-casa-situada-enclave-idilico-almeria-se-transforma-hogar-diafano-que-rebosa-modernidad-aprovecha-maximo-luz-natural_11968\" data-ga4_link_text=\"esta_casa_situada_en_un_enclave_idilico_de_almeria_se_transforma_en_un_hogar_diafano_que_rebosa_modernidad_y_aprovecha_al_maximo_la_luz_natural\" data-ga4_content_type=\"photo\" data-ga4_element=\"related\" rel=\"nofollow noopener\" target=\"_blank\">&#13;&#13;<img loading=\"lazy\" decoding=\"async\" src=\"https:\/\/www.europesays.com\/es\/wp-content\/uploads\/2025\/08\/casa-moderna-en-almeria_abc99f5d_250822110350_600x600.webp.webp\" alt=\"Casa moderna en Almer\u00eda\" class=\"lazyload\" width=\"600\" height=\"600\" data-aspectratio=\"600\/600\"\/>&#13;&#13;<\/p>\n<p class=\"epigraph\">                    &#13;Noticia relacionada<\/p>\n<p class=\"title\">Esta casa situada en un enclave id\u00edlico de Almer\u00eda se transforma en un hogar di\u00e1fano que rebosa modernidad y aprovecha al m\u00e1ximo la luz natural<\/p>\n<p><\/a><\/p>\n<p><strong>En la cocina de esta casa, vemos como en la encimera has optado por el tradicional ma\u0301rmol. \u00bfQue\u0301 ventajas tiene este material en esta estancia?<\/strong><\/p>\n<p>El m\u00e1rmol es un material cl\u00e1sico muy t\u00edpico en este tipo de interiores porque antes era el que mejor se limpiaba y el que m\u00e1s resistencia ten\u00eda. Al igual que el granito, soporta bien las altas temperaturas, se puede cortar directamente sobre \u00e9l y cuenta con una gran dureza.<\/p>\n<p><strong>\u00bfQue\u0301 otros materiales alternativos al ma\u0301rmol o el granito utilizari\u0301as en una encimera?<\/strong><\/p>\n<p>Depende del look de la casa, el proyecto o de la zona; entre otros. Yo no creo en estas reglas universales que sirven para todo. En la cocina de mi casa he hecho las <strong>encimeras con terrazo<\/strong> porque me encanta. Tiene algo de resina sint\u00e9tica y algunas piedras naturales. Hay otra alternativa que tambi\u00e9n me gusta mucho que es la <strong>madera<\/strong>. Puede ser m\u00e1s delicada y m\u00e1s dif\u00edcil de limpiar, pero es mucho m\u00e1s c\u00e1lido.\u00a0<\/p>\n<p>Tambi\u00e9n cabe destacar el <strong>porcel\u00e1nico<\/strong>, un material que se mantiene f\u00e1cilmente y que resiste muy bien el calor.<\/p>\n<p><strong>Una de las tendencias de la temporada es darle textura a las paredes. \u00bfCua\u0301l es tu acabado favorito para conseguir este fin en la cocina?<\/strong><\/p>\n<p>Las texturas tienen un problema, ya que las que tienen <strong>bajo relieve<\/strong>, son dif\u00edciles de conservar. Una cocina debe tener una higiene asequible. Por lo tanto, aunque sea una tendencia, yo no lo hago. Prefiero escoger un material que tenga profundidad, como una beta, o un patr\u00f3n, como un \u00f3nix. Se puede hacer un rallado en el muro, pero que no est\u00e9 cerca de la zona de cocci\u00f3n.<\/p>\n<p><strong>\u00bfQue\u0301 materiales no se deben utilizar bajo ningu\u0301n concepto en la cocina?<\/strong><\/p>\n<p>Los textiles. Aportan calidez en la cocina, pero pueden tener inconvenientes, como el de coger olor porque son muy absorbentes. <strong>Nunca pondr\u00eda terciopelo<\/strong> ni un material muy delicado.<\/p>\n<p>&#13;<img loading=\"lazy\" decoding=\"async\"   src=\"https:\/\/www.europesays.com\/es\/wp-content\/uploads\/2025\/08\/mueble-de-madera-alto_00cb933f_250821145943_1280x1920.webp.webp\" alt=\"Mueble de madera alto\" class=\"lazyload\" width=\"1280\" height=\"1920\" data-aspectratio=\"1280\/1920\"\/><\/p>\n<p>&#13;&#13;Foto: Fhe.es. Realizaci\u00f3n: Paloma Pacheco Turnes. Interiorismo: Pepe Leal&#13;<\/p>\n<p> <a href=\"https:\/\/www.revistainteriores.es\/ideas-casa\/marc-escriva-interiorista-no-toda-cocina-blanca-clave-esta-aportar-matices-que-equilibren-su-luminosidad-calidez-caracter_11911\" data-ga4_event=\"custom_event\" data-ga4_event_name=\"click_intext\" data-ga4_link_url=\"https:\/\/www.revistainteriores.es\/ideas-casa\/marc-escriva-interiorista-no-toda-cocina-blanca-clave-esta-aportar-matices-que-equilibren-su-luminosidad-calidez-caracter_11911\" data-ga4_link_text=\"marc_escriva_interiorista_no_a_toda_la_cocina_blanca._la_clave_esta_en_aportar_matices_que_equilibren_su_luminosidad_con_calidez_y_caracter\" data-ga4_content_type=\"photo\" data-ga4_element=\"related\" rel=\"nofollow noopener\" target=\"_blank\">&#13;&#13;<img loading=\"lazy\" decoding=\"async\" src=\"https:\/\/www.europesays.com\/es\/wp-content\/uploads\/2025\/08\/cocina-calida-blanca-y-madera_a0a22cf3_250808135527_600x600.webp.webp\" alt=\"Cocina c\u00e1lida blanca y madera\" class=\"lazyload\" width=\"600\" height=\"600\" data-aspectratio=\"600\/600\"\/>&#13;&#13;<\/p>\n<p class=\"epigraph\">                    &#13;Noticia relacionada<\/p>\n<p class=\"title\">Marc Escriv\u00e1, interiorista: \u00abNo a toda la cocina blanca. La clave est\u00e1 en aportar matices que equilibren su luminosidad con calidez y car\u00e1cter\u00bb<\/p>\n<p><\/a><\/p>\n<p><strong>En este espacio, el salpicadero destaca por tener un color crema con matices rosados muy elegante. \u00bfQue\u0301 te hizo apostar por esta tonalidad?<\/strong><\/p>\n<p>Es una especie de <strong>microcemento<\/strong> que tiene un color ros\u00e1ceo. Me gust\u00f3 combinar este matiz, que me recuerda al yeso antiguo, con el gris de la encimera. Es suave, acogedor y suave para una cocina.<\/p>\n<p><strong>\u00bfQue\u0301 colores podemos utilizar en la cocina, que no sea el blanco cla\u0301sico?<\/strong><\/p>\n<p>Todos los habidos y por haber, incluso el blanco cl\u00e1sico. No creo que deba haber una limitaci\u00f3n con los colores, ya que depende m\u00e1s de las tendencias. Desde luego, la idea de que las cocinas deben ser blancas es algo de los 80 o 90. Antiguamente hab\u00eda esta tradici\u00f3n para obligar a la gente a limpiarlas con m\u00e1s frecuencia. <strong>Es un espacio que invita a cualquier tono, siempre que sea bonito<\/strong>.<\/p>\n<p><strong>Una de las particularidades de esta cocina es que los armarios no tienen tiradores. \u00bfDiri\u0301as que los tiradores en la cocina esta\u0301n pasados de moda?<\/strong><\/p>\n<p>No, depende de la cocina. S\u00ed que es verdad que existe la tendencia de ponerlo todo muy minimalista, plano y limpio; por eso, no suelen haberlos. Como la tecnolog\u00eda va avanzando, tenemos un tipo de visagras que hacen que se abran las puertas cuando las tocas o los famosos push up, que te permiten acceder a ellos con un solo roce.<\/p>\n<p><strong>En la pared has colocado unos estantes blancos que utilizas para decorar. \u00bfQue\u0301 detalles y elementos son los mejores para sumarle valor este\u0301tico a la cocina?<\/strong><\/p>\n<p><strong>De todo. Una cocina debe ser funcional, por lo que si tienes un estante, puedes colocar unos botes bonitos con especias.\u00a0 Si te sobra espacio puedes poner morteros tradicionales africanos, que tienen que ver con instrumentos antiguos. Tambi\u00e9n puedes colocar un espejo antiguo de estilo de Luis XVI apoyado o una l\u00e1mpara peque\u00f1a. Si la pieza est\u00e1 cerca de la zona decocci\u00f3n, ten en cuenta que puede acumular grasa. <\/strong><\/p>\n<p><strong>Huyo de las cocinas tan as\u00e9pticas e higi\u00e9nicas que parecen un laboratorio. Soy muy de detalles de sal\u00f3n, como poner l\u00e1mparas, fotograf\u00edas o velas.<\/strong><\/p>\n","protected":false},"excerpt":{"rendered":"Durante a\u00f1os, muchas cocinas han seguido unos patrones comunes. Encimeras de granito, muebles altos con mucho almacenaje y&hellip;\n","protected":false},"author":2,"featured_media":71382,"comment_status":"","ping_status":"","sticky":false,"template":"","format":"standard","meta":{"footnotes":""},"categories":[173],"tags":[229,233,231,230,232,234,146,147,25,24,23],"class_list":{"0":"post-71381","1":"post","2":"type-post","3":"status-publish","4":"format-standard","5":"has-post-thumbnail","7":"category-arte-y-diseno","8":"tag-arte","9":"tag-arte-y-diseno","10":"tag-arts","11":"tag-arts-and-design","12":"tag-design","13":"tag-diseno","14":"tag-entertainment","15":"tag-entretenimiento","16":"tag-es","17":"tag-espana","18":"tag-spain"},"share_on_mastodon":{"url":"","error":""},"_links":{"self":[{"href":"https:\/\/www.europesays.com\/es\/wp-json\/wp\/v2\/posts\/71381","targetHints":{"allow":["GET"]}}],"collection":[{"href":"https:\/\/www.europesays.com\/es\/wp-json\/wp\/v2\/posts"}],"about":[{"href":"https:\/\/www.europesays.com\/es\/wp-json\/wp\/v2\/types\/post"}],"author":[{"embeddable":true,"href":"https:\/\/www.europesays.com\/es\/wp-json\/wp\/v2\/users\/2"}],"replies":[{"embeddable":true,"href":"https:\/\/www.europesays.com\/es\/wp-json\/wp\/v2\/comments?post=71381"}],"version-history":[{"count":0,"href":"https:\/\/www.europesays.com\/es\/wp-json\/wp\/v2\/posts\/71381\/revisions"}],"wp:featuredmedia":[{"embeddable":true,"href":"https:\/\/www.europesays.com\/es\/wp-json\/wp\/v2\/media\/71382"}],"wp:attachment":[{"href":"https:\/\/www.europesays.com\/es\/wp-json\/wp\/v2\/media?parent=71381"}],"wp:term":[{"taxonomy":"category","embeddable":true,"href":"https:\/\/www.europesays.com\/es\/wp-json\/wp\/v2\/categories?post=71381"},{"taxonomy":"post_tag","embeddable":true,"href":"https:\/\/www.europesays.com\/es\/wp-json\/wp\/v2\/tags?post=71381"}],"curies":[{"name":"wp","href":"https:\/\/api.w.org\/{rel}","templated":true}]}}