{"id":713965,"date":"2026-08-16T07:16:11","date_gmt":"2026-08-16T07:16:11","guid":{"rendered":"https:\/\/www.europesays.com\/es\/713965\/"},"modified":"2026-08-16T07:16:11","modified_gmt":"2026-08-16T07:16:11","slug":"ultima-hora-de-la-entrada-de-inmigrantes-a-ceuta-en-directo-el-gobierno-esta-en-contacto-con-marruecos-para-buscar-una-solucion-a-la-expulsion-de-periodistas-de","status":"publish","type":"post","link":"https:\/\/www.europesays.com\/es\/713965\/","title":{"rendered":"\u00daltima hora de la entrada de inmigrantes a Ceuta, en directo | El Gobierno est\u00e1 \u201cen contacto\u201d con Marruecos para \u201cbuscar una soluci\u00f3n\u201d a la expulsi\u00f3n de periodistas de Castillejos | Espa\u00f1a"},"content":{"rendered":"<p class=\"ev-title\">M\u00f3nica Garc\u00eda visita hoy Ceuta para abordar la situaci\u00f3n sanitaria tras la crisis migratoria<\/p>\n<p>La ministra de Sanidad, M\u00f3nica Garc\u00eda, visitar\u00e1 este domingo\u00a0la ciudad aut\u00f3noma de Ceuta para conocer \u201cde primera mano\u201d\u00a0la situaci\u00f3n sanitaria tras la crisis migratoria y mantener diversos encuentros institucionales y con representantes del \u00e1mbito sanitario y social.<\/p>\n<p>Seg\u00fan ha informado el Ministerio, Garc\u00eda se reunir\u00e1 en primer lugar con el delegado del Gobierno en Ceuta, Miguel \u00c1ngel P\u00e9rez, y con la directora del Instituto Nacional de Gesti\u00f3n Sanitaria (INGESA), Isabel Mu\u00f1oz. Posteriormente, a las 12.30 horas, mantendr\u00e1 un encuentro con el presidente de Ceuta, Juan Jes\u00fas Vivas, y, al finalizar, ofrecer\u00e1 una rueda de prensa en la sede de la Delegaci\u00f3n del Gobierno.<\/p>\n<p>Adem\u00e1s, la ministra visitar\u00e1 el Centro de Salud Otero y el Hospital Universitario de Ceuta, donde se reunir\u00e1 con la Junta de Personal y representantes del Colegio de M\u00e9dicos. Posteriormente, mantendr\u00e1 un encuentro con representantes de organizaciones sociales.<\/p>\n<p>La Confederaci\u00f3n Espa\u00f1ola de Sindicatos M\u00e9dicos (CESM) ya hab\u00eda reclamado a Garc\u00eda su presencia en la ciudad aut\u00f3noma para que el Ministerio interviniera de forma \u201cdirecta y urgente\u201d\u00a0ante la situaci\u00f3n \u201ccr\u00edtica\u201d\u00a0que, seg\u00fan los profesionales, atraviesa la sanidad p\u00fablica de Ceuta, debido a la extraordinaria presi\u00f3n asistencial.<\/p>\n<p>Est\u00e1 previsto asimismo que la ministra de Inclusi\u00f3n, Seguridad Social y Migraciones, Elma Saiz, visite este lunes, 17 de agosto, Ceuta para abordar con Juan Jes\u00fas Vivas la situaci\u00f3n humanitaria tras la entrada masiva e irregular de migrantes registrada los d\u00edas 30 y 31 de julio. (Efe)<\/p>\n","protected":false},"excerpt":{"rendered":"M\u00f3nica Garc\u00eda visita hoy Ceuta para abordar la situaci\u00f3n sanitaria tras la crisis migratoria La ministra de Sanidad,&hellip;\n","protected":false},"author":2,"featured_media":713966,"comment_status":"","ping_status":"","sticky":false,"template":"","format":"standard","meta":{"footnotes":""},"categories":[8],"tags":[1161,17,18,4486,25,24,13,14,14341,2069,14655,11,590,895,15398,628,19,20,4485,892,9,10,15,16,2959,23,12,21,22],"class_list":["post-713965","post","type-post","status-publish","format-standard","has-post-thumbnail","category-espana","tag-aeropuertos","tag-breaking-news","tag-breakingnews","tag-ceuta","tag-es","tag-espana","tag-featured-news","tag-featurednews","tag-fernando-grande-marlaska","tag-fronteras","tag-giorgia-meloni","tag-headlines","tag-inmigracion","tag-inmigracion-irregular","tag-inmigracion-irregular-espana","tag-italia","tag-latest-news","tag-latestnews","tag-marruecos","tag-migracion","tag-news","tag-noticias","tag-noticias-destacadas","tag-noticiasdestacadas","tag-pedro-sanchez","tag-spain","tag-titulares","tag-ultimas-noticias","tag-ultimasnoticias"],"share_on_mastodon":{"url":"","error":"Validation failed: Text character limit of 500 exceeded"},"_links":{"self":[{"href":"https:\/\/www.europesays.com\/es\/wp-json\/wp\/v2\/posts\/713965","targetHints":{"allow":["GET"]}}],"collection":[{"href":"https:\/\/www.europesays.com\/es\/wp-json\/wp\/v2\/posts"}],"about":[{"href":"https:\/\/www.europesays.com\/es\/wp-json\/wp\/v2\/types\/post"}],"author":[{"embeddable":true,"href":"https:\/\/www.europesays.com\/es\/wp-json\/wp\/v2\/users\/2"}],"replies":[{"embeddable":true,"href":"https:\/\/www.europesays.com\/es\/wp-json\/wp\/v2\/comments?post=713965"}],"version-history":[{"count":0,"href":"https:\/\/www.europesays.com\/es\/wp-json\/wp\/v2\/posts\/713965\/revisions"}],"wp:featuredmedia":[{"embeddable":true,"href":"https:\/\/www.europesays.com\/es\/wp-json\/wp\/v2\/media\/713966"}],"wp:attachment":[{"href":"https:\/\/www.europesays.com\/es\/wp-json\/wp\/v2\/media?parent=713965"}],"wp:term":[{"taxonomy":"category","embeddable":true,"href":"https:\/\/www.europesays.com\/es\/wp-json\/wp\/v2\/categories?post=713965"},{"taxonomy":"post_tag","embeddable":true,"href":"https:\/\/www.europesays.com\/es\/wp-json\/wp\/v2\/tags?post=713965"}],"curies":[{"name":"wp","href":"https:\/\/api.w.org\/{rel}","templated":true}]}}