{"id":71397,"date":"2025-08-25T15:22:09","date_gmt":"2025-08-25T15:22:09","guid":{"rendered":"https:\/\/www.europesays.com\/es\/71397\/"},"modified":"2025-08-25T15:22:09","modified_gmt":"2025-08-25T15:22:09","slug":"como-desactivar-la-meta-ai-de-whatsapp-y-por-que-puede-ser-un-peligro-no-hacerlo-el-mundo","status":"publish","type":"post","link":"https:\/\/www.europesays.com\/es\/71397\/","title":{"rendered":"C\u00f3mo desactivar la Meta AI de WhatsApp y por qu\u00e9 puede ser un peligro no hacerlo &#8211; El Mundo"},"content":{"rendered":"<ol>\n<li><a href=\"https:\/\/news.google.com\/rss\/articles\/CBMif0FVX3lxTE1XbDFlTVp1MkQ3cWtkYUZQQ3hQcTZ1VWJJZDUyM19YVzI5NVdBV01Db1JfYXBIdkYzRUNTSmlkVFJOa0h0Nl80c3pfbGVIMVlqWF9Dald3YlJJZ0pQdzk4bTlyTEpLN3YyU2FwcVNRS2h2c3Nub0ZOd1d2bjZFeDTSAX9BVV95cUxPZy1FUW90WWFSNGhhWXFzRG9lYnAzOVBXR1F3Uk9BZWFzRnVrTndhTWlMRENVclhYdUViNVFCVXNmZDJIdzcwSDdMQTNselBIQnhyZHJSZWp5TzBIeXgtdXRqRWlIeEs5OTJCUlJQeUVUVnp5OEFCbE9RcVh4d2k4?oc=5\" target=\"_blank\" rel=\"nofollow noopener\">C\u00f3mo desactivar la Meta AI de WhatsApp y por qu\u00e9 puede ser un peligro no hacerlo<\/a>&nbsp;&nbsp;El Mundo<\/li>\n<li><a href=\"https:\/\/news.google.com\/rss\/articles\/CBMiwgFBVV95cUxPYzhfS2VMbV9Za2xKcE8tMndjdWp3azQwQTBqTWtpYTBrcDBmYjVVYTNZc2o5cHExNWdmU3RFeVU5RUw2ekJENFVFRnczU2xLd0ZSaE5ONHcxYUdUN29OQ3JDOVhXVGVUTHYwYkNDUlk1azNzRzl5LTZKWEdidUZ3dGtRLWtVZ2FONnBtMlZ5YTJDUXZKUTFIUl96dW5kSWRBWmxqdXoxdTlDdTZMT3pCV2o5VzVDMGRhQmdyS1VtdGZiUQ?oc=5\" target=\"_blank\" rel=\"nofollow noopener\">C\u00f3mo se desactiva el Meta AI de WhatsApp y por qu\u00e9 es importante hacerlo<\/a>&nbsp;&nbsp;La Naci\u00f3n<\/li>\n<li><a href=\"https:\/\/news.google.com\/rss\/articles\/CBMipgFBVV95cUxQR2hGamh0UE5QdTJNMWVIVXZXNW53czRRQzdBLU5Fb0h3SG1QV0taQ0ZpZU5BVXZaUFVIcGMyYVdEWUR1YUR6U3JmN01KZkwtZUF6UXVGVjNvOWxqczRqclk5aWhISVBFZzRmY3lsdkJITzdlTURxcFltNU1LWDZNeElWdWZrb2M4M3dEZHVfa0FNZVg3RVJiYXVjLTNwTGdTckxGSGVR0gGrAUFVX3lxTFBxUDhWTThRcHFqMXRjRmc5THRoRnBNX3k1ZkR4OFEydGFYUm1jOFRwRlFfeVVyd1dLYXU5NzJoUmNwMGduRXNIMW10VEwwZjFDdk85TXVmNENsUUhPNWszYXFjUklQQVA2clNpVzZOQ2hSOUxJcEU1RjRTTWtZTk14TnhMM2ZxNXN5dHkwRjBYNEtnNDRKbUlnSXFnSkFRSE9jUE91YVQ1MVRMSQ?oc=5\" target=\"_blank\" rel=\"nofollow noopener\">WhatsApp: c\u00f3mo ocultar Meta AI y limpiar tu lista de chats en segundos<\/a>&nbsp;&nbsp;MDZ Online<\/li>\n<li><a href=\"https:\/\/news.google.com\/rss\/articles\/CBMigwFBVV95cUxPZWtYSEdmdTRZaWQ4X2RnZ1d5NWV5R2U3eDZReml3UWktOGxlVjhEQ2F2dEV5X1lfc2tsN0ZGeWN5NzYxSkpMOVZxZUcySklpS0xjM1pJMzZJOVM3MzZndTdwTVhfakFRdHhyOTE1WVhvWkYyeXlrbURoeTNSZDJ1RjhVVQ?oc=5\" target=\"_blank\" rel=\"nofollow noopener\">Domina estos trucos para mantener privados tus chats de Meta IA<\/a>&nbsp;&nbsp;RedesZone<\/li>\n<li><a href=\"https:\/\/news.google.com\/rss\/articles\/CBMizAFBVV95cUxOWkhKRndiZTVOeTFfVDZfREs3Ynl1eWxWUmM3Q2hSZ0dCdV81ckhueHE2NGE1RXBMbTNqLXJEN3dWc2pFeE0tcVVNSmRlM0VicmRCN0RUX25hVmJodEZVeWhDN04tYW5PM2stRXdpR1V0bXBpWnBuUy1ndHFxZmpOTzBybE9XdmIzV3JPQ2tBY3FzeTQyLWFzZ1pxdlQtQ0ttcmpvdC1ZSklqQW0xUXNUR2JCc0s1clQ2UERSTmVqOFVHb3lEZ24zcjVOZm7SAecBQVVfeXFMTlBmZDhmU3BkQlFCQnRQaHJGRTdlLUJ3YXFaeUZXeS1CWkhtWlZXWmJPOF8wVWp5UVFmUjNYc2R4bF9hMkpqTEpPR0doTm1QeTViX1RlS19KaGduNHRlYnZIOE5HUUtpbzhiMUVKSHkwbzFVMlRDNkhUN0g4TTUzQTk3eFUtTjZiZk5OMjJsR2EtakNFMWJkeTVYVGdwVkN3R2pCbGFZM3hhOUQtWkFJSjdNdEpHWXA1Y1JxaV94WS1JVXA5U3dzWWYybklkZG4yU3FfRlRScGQteWVGWURoUHROZ3JtZlFz?oc=5\" target=\"_blank\" rel=\"nofollow noopener\">Desactivar Meta AI en WhatsApp: lo que debes saber para no ver esta inteligencia artificial<\/a>&nbsp;&nbsp;Infobae<\/li>\n<\/ol>\n","protected":false},"excerpt":{"rendered":"C\u00f3mo desactivar la Meta AI de WhatsApp y por qu\u00e9 puede ser un peligro no hacerlo&nbsp;&nbsp;El Mundo C\u00f3mo&hellip;\n","protected":false},"author":2,"featured_media":71398,"comment_status":"","ping_status":"","sticky":false,"template":"","format":"standard","meta":{"footnotes":""},"categories":[81],"tags":[119,123,124,25,24,136,138,117,121,122,23,28295,118,120,6761,137],"class_list":{"0":"post-71397","1":"post","2":"type-post","3":"status-publish","4":"format-standard","5":"has-post-thumbnail","7":"category-ciencia-y-tecnologia","8":"tag-ciencia","9":"tag-ciencia-y-tecnologia","10":"tag-cienciaytecnologia","11":"tag-es","12":"tag-espana","13":"tag-inteligencia-artificial","14":"tag-meta","15":"tag-science","16":"tag-science-and-technology","17":"tag-scienceandtechnology","18":"tag-spain","19":"tag-tchye","20":"tag-technology","21":"tag-tecnologia","22":"tag-tresb","23":"tag-whatsapp"},"share_on_mastodon":{"url":"","error":""},"_links":{"self":[{"href":"https:\/\/www.europesays.com\/es\/wp-json\/wp\/v2\/posts\/71397","targetHints":{"allow":["GET"]}}],"collection":[{"href":"https:\/\/www.europesays.com\/es\/wp-json\/wp\/v2\/posts"}],"about":[{"href":"https:\/\/www.europesays.com\/es\/wp-json\/wp\/v2\/types\/post"}],"author":[{"embeddable":true,"href":"https:\/\/www.europesays.com\/es\/wp-json\/wp\/v2\/users\/2"}],"replies":[{"embeddable":true,"href":"https:\/\/www.europesays.com\/es\/wp-json\/wp\/v2\/comments?post=71397"}],"version-history":[{"count":0,"href":"https:\/\/www.europesays.com\/es\/wp-json\/wp\/v2\/posts\/71397\/revisions"}],"wp:featuredmedia":[{"embeddable":true,"href":"https:\/\/www.europesays.com\/es\/wp-json\/wp\/v2\/media\/71398"}],"wp:attachment":[{"href":"https:\/\/www.europesays.com\/es\/wp-json\/wp\/v2\/media?parent=71397"}],"wp:term":[{"taxonomy":"category","embeddable":true,"href":"https:\/\/www.europesays.com\/es\/wp-json\/wp\/v2\/categories?post=71397"},{"taxonomy":"post_tag","embeddable":true,"href":"https:\/\/www.europesays.com\/es\/wp-json\/wp\/v2\/tags?post=71397"}],"curies":[{"name":"wp","href":"https:\/\/api.w.org\/{rel}","templated":true}]}}