{"id":714149,"date":"2026-08-16T09:48:18","date_gmt":"2026-08-16T09:48:18","guid":{"rendered":"https:\/\/www.europesays.com\/es\/714149\/"},"modified":"2026-08-16T09:48:18","modified_gmt":"2026-08-16T09:48:18","slug":"guille-toledano-cantante-en-operacion-triunfo-aprendi-a-no-juzgarme-y-a-quererme-mas","status":"publish","type":"post","link":"https:\/\/www.europesays.com\/es\/714149\/","title":{"rendered":"Guille Toledano, cantante: \u00abEn &#8216;Operaci\u00f3n Triunfo&#8217; aprend\u00ed a no juzgarme y a quererme m\u00e1s\u00bb"},"content":{"rendered":"<p data-journey-content=\"true\" data-node-id=\"3\" class=\"css-1ood0zq emevuu60\">El escenario de esta producci\u00f3n no es el habitual. <strong data-node-id=\"3.1\">Guille Toledano posa para nosotros en las calles de Ciudad de M\u00e9xico, donde ejerci\u00f3 como telonero de Leire Mart\u00ednez.<\/strong> Lleg\u00f3 con bastantes nervios, pero en seguida le hicieron sentir como en casa. Adem\u00e1s, acaba de lanzar su nuevo single, &#8216;Ven y b\u00e1ilame&#8217;, y ya est\u00e1n disponibles las fechas de su primera gira, a partir de octubre. Hablamos con \u00e9l sobre c\u00f3mo ha cambiado su vida en este 2026 y c\u00f3mo le marc\u00f3 su paso por la Academia, donde sufri\u00f3 un cambio transformador: <strong data-node-id=\"3.3\">\u00abEn &#8216;Operaci\u00f3n Triunfo&#8217; aprend\u00ed a no juzgarme y a quererme m\u00e1s\u00bb<\/strong>.<\/p>\n<p data-journey-content=\"true\" data-node-id=\"9\" class=\"css-1ood0zq emevuu60\"><strong data-node-id=\"9.0\">Lo primero, \u00bfqu\u00e9 tal ha sido tu experiencia mexicana?<\/strong><\/p>\n<p data-journey-content=\"true\" data-node-id=\"13\" class=\"css-1ood0zq emevuu60\">\u00a1Reveladora! Yo no hab\u00eda salido pr\u00e1cticamente de mi c\u00edrculo familiar y fue la primera vez que me iba a un sitio donde no me conoc\u00eda nadie. Ha sido un viaje incre\u00edble. Los mexicanos viven la m\u00fasica de una manera muy especial. <\/p>\n<p><img draggable=\"true\" alt=\"el cantante guille toledano posa para su entrevista con la revista diez minutos por las calles de ciudad de mexico\" title=\"El cantante Guille Toledano posa para su entrevista con la revista DIEZ MINUTOS por las calles de Ciudad de Mexico\" loading=\"lazy\" width=\"3000\" height=\"2000\" decoding=\"async\" data-nimg=\"1\" style=\"color:transparent;width:100%;height:auto;\"   src=\"https:\/\/www.europesays.com\/es\/wp-content\/uploads\/2026\/08\/1b01701c-837d-4cf0-9d3c-43b95e88b154.jpg\" class=\"css-0 e1ddfba50\"\/>Danny O&#8217;Brien<\/p>\n<p>Guille disfrutando del bosque de Chapultepec, en Ciudad de M\u00e9xico. Lleva una camiseta y pantal\u00f3n de Bershka, 27,99 \u20ac y 35,99 \u20ac; zapatillas de Zara; 25,99 \u20ac, y gafas de sol de Oakley, 49,99 \u20ac.<\/p>\n<p data-journey-content=\"true\" data-node-id=\"19\" class=\"css-1ood0zq emevuu60\"><strong data-node-id=\"19.0\">\u00bfTuviste tiempo para hacer turismo?<\/strong><\/p>\n<p data-journey-content=\"true\" data-node-id=\"23\" class=\"css-1ood0zq emevuu60\">S\u00ed; adem\u00e1s, ya estaban con los preparativos del Mundial y el ambiente era espectacular. Y disfrut\u00e9 mucho con la comida, como yo soy cocinero&#8230;<\/p>\n<p data-journey-content=\"true\" data-node-id=\"27\" class=\"css-1ood0zq emevuu60\"><strong data-node-id=\"27.0\">Cu\u00e9ntanos, \u00bfc\u00f3mo terminaste en los fogones?<\/strong><\/p>\n<p data-journey-content=\"true\" data-node-id=\"31\" class=\"css-1ood0zq emevuu60\">Siempre he sido un culo inquieto, pero me daba mucho miedo dedicarme a la m\u00fasica. En aquel momento me parec\u00eda que pensar en ello era no tener los pies en el suelo. As\u00ed que tir\u00e9 por mi otra pasi\u00f3n, los fogones, y estudi\u00e9 el grado superior en Direcci\u00f3n de Cocinas. Despu\u00e9s form\u00e9 una especie de proyecto en el restaurante familiar, que fue muy bien, pero en ese momento se cruzaron los castings de &#8216;Operaci\u00f3n Triunfo&#8217;.  <\/p>\n<p><img draggable=\"true\" alt=\"person in brown jacket and white sneakers sitting on a shelf with cityscape in the background.\" title=\"person in brown jacket and white sneakers sitting on a shelf with cityscape in the background.\" loading=\"lazy\" width=\"3000\" height=\"4500\" decoding=\"async\" data-nimg=\"1\" style=\"color:transparent;width:100%;height:auto;\"   src=\"https:\/\/www.europesays.com\/es\/wp-content\/uploads\/2026\/08\/47a4ddbe-afb9-4601-a85f-4de1c4826bfa.jpg\" class=\"css-0 e1ddfba50\"\/>Danny O&#8217;Brien<\/p>\n<p>Guille luce una chaqueta de Massimo Dutti, 39,99 \u20ac; camiseta blanca y pantalones de Bershka, 12,99 \u20ac y 27,99 \u20ac, y zapatillas de Zara, 25,99 \u20ac.<\/p>\n<p data-journey-content=\"true\" data-node-id=\"36\" class=\"css-1ood0zq emevuu60\"><strong data-node-id=\"36.0\">\u00bfCu\u00e1l es tu primer recuerdo musical?<\/strong><\/p>\n<p data-journey-content=\"true\" data-node-id=\"40\" class=\"css-1ood0zq emevuu60\">En realidad no es un recuerdo, pero tengo un v\u00eddeo de cuando ten\u00eda poco m\u00e1s de un a\u00f1o cantando el &#8216;Dos hombres y un destino&#8217; de Bustamante y \u00c0lex Casademunt. Imag\u00ednate. Tambi\u00e9n recuerdo mucho cantar con mi hermana en la ducha, de peque\u00f1os. Mi padre en el coche siempre nos pon\u00eda m\u00fasica: Queen, Michael Jackson, Luis Miguel\u2026<\/p>\n<p data-journey-content=\"true\" data-node-id=\"44\" class=\"css-1ood0zq emevuu60\"><strong data-node-id=\"44.0\">\u00bfY qu\u00e9 te dijeron tus padres cuando te presentaste a &#8216;Operaci\u00f3n Triunfo&#8217;?<\/strong><\/p>\n<p data-journey-content=\"true\" data-node-id=\"48\" class=\"css-1ood0zq emevuu60\">Yo ya lo intent\u00e9 en 2023, que me dieron el llamado pase &#8216;prime&#8217;, pero luego me desecharon en veinte segundos en el casting presencial de Madrid. Me llev\u00e9 un palo muy gordo, as\u00ed que en 2025 no ten\u00eda ninguna intenci\u00f3n de presentarme. Mi madre me anim\u00f3 a intentarlo. \u00abNo pierdes nada\u00bb, me dijo. Fue mi familia la que me alent\u00f3 a probar suerte; yo ten\u00eda mucho miedo al fracaso.<\/p>\n<p data-journey-content=\"true\" data-node-id=\"52\" class=\"css-1ood0zq emevuu60\"><strong data-node-id=\"52.0\">Justo cuando ibas a entrar en &#8216;OT&#8217;, a tu madre le diagnostican un c\u00e1ncer de mama. \u00bfC\u00f3mo lo gestionas?<\/strong><\/p>\n<p data-journey-content=\"true\" data-node-id=\"56\" class=\"css-1ood0zq emevuu60\">Ten\u00eda un mont\u00f3n de sensaciones encontradas. Cuando me lo dicen, una semana antes de entrar, yo me quer\u00eda quedar con ella. Pero a la vez, ten\u00eda la sensaci\u00f3n de que si entraba en el concurso y llegaba lejos, podr\u00eda ayudarla con su proceso. Y la verdad es que as\u00ed pas\u00f3. Mi madre estuvo superentretenida en el hospital, siempre ven\u00edan a hablarle de eso, y fue una manera de entretenimiento que la ayud\u00f3 mucho.<\/p>\n<blockquote data-theme-key=\"pullquote\" data-pullquote-align=\"center\" class=\"css-ed1ixo e1f76l351\">\n<blockquote class=\"css-16wh41i e1f76l350\"><p>\u00abEl primer choque con la realidad fueron las redes sociales. No todo era tan bonito\u00bb<\/p><\/blockquote>\n<\/blockquote>\n<p data-journey-content=\"true\" data-node-id=\"61\" class=\"css-1ood0zq emevuu60\"><strong data-node-id=\"61.0\">\u00bfQu\u00e9 fue lo m\u00e1s bonito que descubriste sobre ti en la Academia?<\/strong><\/p>\n<p data-journey-content=\"true\" data-node-id=\"65\" class=\"css-1ood0zq emevuu60\">Lo que m\u00e1s destaco de mi paso por el programa es que aprend\u00ed a no juzgarme, a quererme m\u00e1s. Era una persona con muchos complejos, f\u00edsicos y mentales. <\/p>\n<p data-journey-content=\"true\" data-node-id=\"69\" class=\"css-1ood0zq emevuu60\"><strong data-node-id=\"69.0\">\u00bfY qu\u00e9 es lo que menos te gust\u00f3?<\/strong><\/p>\n<p data-journey-content=\"true\" data-node-id=\"73\" class=\"css-1ood0zq emevuu60\">Una vena competitiva que he tenido que ir regulando. No me gusta perder ni a las chapas, la verdad. No quiero quit\u00e1rmelo porque forma parte de un car\u00e1cter tambi\u00e9n de querer ir a m\u00e1s.  <\/p>\n<p><img draggable=\"true\" alt=\"el cantante guille toledano posa para su entrevista con la revista diez minutos por las calles de ciudad de mexico\" title=\"El cantante Guille Toledano posa para su entrevista con la revista DIEZ MINUTOS por las calles de Ciudad de Mexico\" loading=\"lazy\" width=\"3000\" height=\"4000\" decoding=\"async\" data-nimg=\"1\" style=\"color:transparent;width:100%;height:auto;\"   src=\"https:\/\/www.europesays.com\/es\/wp-content\/uploads\/2026\/08\/a7704a44-9696-478d-9675-ec8cbc198b7b.jpg\" class=\"css-0 e1ddfba50\"\/>Danny O&#8217;Brien<\/p>\n<p>El artista, en la preciosa plaza Garibaldi, con un polo de Pull &amp; Bear, 22,99 \u20ac; bermudas de Springfield, 15,99 \u20ac, y zapatillas Adidas, 80 \u20ac.<\/p>\n<p data-journey-content=\"true\" data-node-id=\"78\" class=\"css-1ood0zq emevuu60\"><strong data-node-id=\"78.0\">Cuando saliste de &#8216;OT&#8217;, \u00bfcu\u00e1l fue el primer choque con la realidad?<\/strong><\/p>\n<p data-journey-content=\"true\" data-node-id=\"82\" class=\"css-1ood0zq emevuu60\">Las redes sociales. El ver que no todo era bonito, el ver que la gente, hagas lo que hagas, te va a criticar. Hoy en d\u00eda es muy f\u00e1cil cortar un v\u00eddeo y sacarlo de contexto, y eso es muy injusto.<\/p>\n<p data-journey-content=\"true\" data-node-id=\"86\" class=\"css-1ood0zq emevuu60\"><strong data-node-id=\"86.0\">\u00bfQui\u00e9n te mantiene con los pies en el suelo?<\/strong><\/p>\n<p data-journey-content=\"true\" data-node-id=\"90\" class=\"css-1ood0zq emevuu60\">Mi familia, mis amigos y mi pueblo, Cabanillas del Campo, en Guadalajara. <\/p>\n<p data-journey-content=\"true\" data-node-id=\"94\" class=\"css-1ood0zq emevuu60\"><strong data-node-id=\"94.0\">Cantar con Albor\u00e1n en el Movistar Arena, \u00bfc\u00f3mo fue?<\/strong><\/p>\n<p data-journey-content=\"true\" data-node-id=\"98\" class=\"css-1ood0zq emevuu60\">Ten\u00eda un poco de miedo porque siempre se dice aquello de \u00abno conozcas a tus \u00eddolos porque defraudar\u00e1n\u00bb, pero todo lo contrario. Estoy superagradecido por la oportunidad. Es una persona supercercana, muy amable y estoy feliz de haber vivido ese momento.<\/p>\n<p><img draggable=\"true\" alt=\"el cantante guille toledano posa para su entrevista con la revista diez minutos por las calles de ciudad de mexico\" title=\"El cantante Guille Toledano posa para su entrevista con la revista DIEZ MINUTOS por las calles de Ciudad de Mexico\" loading=\"lazy\" width=\"3000\" height=\"4022\" decoding=\"async\" data-nimg=\"1\" style=\"color:transparent;width:100%;height:auto;\"   src=\"https:\/\/www.europesays.com\/es\/wp-content\/uploads\/2026\/08\/47b20d57-4fd8-4126-b2b4-403ae0b016d0.jpg\" class=\"css-0 e1ddfba50\"\/>Danny O&#8217;Brien<\/p>\n<p>Guille, en el z\u00f3calo de Ciudad de M\u00e9xico con camiseta de Mango, 17,99 \u20ac; pantal\u00f3n de Urban Outfiters, 23,99 \u20ac, y zapatillas de Zara, 25,99 \u20ac.<\/p>\n<p data-journey-content=\"true\" data-node-id=\"103\" class=\"css-1ood0zq emevuu60\"><strong data-node-id=\"103.0\">Te declaras muy del Atl\u00e9tico de Madrid.<\/strong><\/p>\n<p data-journey-content=\"true\" data-node-id=\"107\" class=\"css-1ood0zq emevuu60\">\u00a1Pero much\u00edsimo! A m\u00ed me encantan los valores que tiene el club, del trabajo, de que no siempre se gana en la vida, de levantarte cuando te caes y de ir partido a partido. Llevo abonado toda mi vida; de eso se encarg\u00f3 mi padre (risas). <\/p>\n<p><img draggable=\"true\" alt=\"el cantante guille toledano posa para su entrevista con la revista diez minutos por las calles de ciudad de mexico\" title=\"El cantante Guille Toledano posa para su entrevista con la revista DIEZ MINUTOS por las calles de Ciudad de Mexico\" loading=\"lazy\" width=\"3000\" height=\"4500\" decoding=\"async\" data-nimg=\"1\" style=\"color:transparent;width:100%;height:auto;\"   src=\"https:\/\/www.europesays.com\/es\/wp-content\/uploads\/2026\/08\/928e6814-8691-44ba-a12e-660eb72fb8fc.jpg\" class=\"css-0 e1ddfba50\"\/>Danny O&#8217;Brien<\/p>\n<p>El cantante lleva una sudadera de Cold Culture, 55 \u20ac, y pantal\u00f3n de Massimo Dutti, 23,99 \u20ac.<\/p>\n<p data-journey-content=\"true\" data-node-id=\"112\" class=\"css-1ood0zq emevuu60\"><strong data-node-id=\"112.0\">Se te nota que eres un chico con bastante temple, sereno.<\/strong><\/p>\n<p data-journey-content=\"true\" data-node-id=\"116\" class=\"css-1ood0zq emevuu60\">Yo creo que me viene de haber trabajado desde tan temprano, con 18 a\u00f1os, y de haberme puesto a la espalda la responsabilidad del restaurante de mi familia. Eso te hace ver las cosas de otra manera. Valoro el esfuerzo, el trabajo diario y s\u00e9 lo que cuesta ganar el dinero. <\/p>\n<p data-journey-content=\"true\" data-node-id=\"120\" class=\"css-1ood0zq emevuu60\"><strong data-node-id=\"120.0\">\u00bfQu\u00e9 significa para ti el triunfo?<\/strong><\/p>\n<p data-journey-content=\"true\" data-node-id=\"124\" class=\"css-1ood0zq emevuu60\">Yo ya he triunfado porque estoy haciendo lo que m\u00e1s me gusta. Eso, y tener a mi familia cerca.  <br data-node-id=\"124.1\"\/><\/p>\n<p data-journey-content=\"true\" data-node-id=\"128\" class=\"body-tip body-accented-tip css-6gzv13 emevuu60\"><strong data-node-id=\"128.0\">Texto<\/strong>: Mar\u00eda Larrocha. <strong data-node-id=\"128.2\">Fot\u00f3grafo<\/strong>: Danny O\u2019Brien. <strong data-node-id=\"128.4\">Maquillaje y peluquer\u00eda<\/strong>: Laura Delgado. <strong data-node-id=\"128.6\">Producci\u00f3n<\/strong>: Rub\u00e9n Gonz\u00e1lez.<\/p>\n","protected":false},"excerpt":{"rendered":"El escenario de esta producci\u00f3n no es el habitual. Guille Toledano posa para nosotros en las calles de&hellip;\n","protected":false},"author":2,"featured_media":714150,"comment_status":"","ping_status":"","sticky":false,"template":"","format":"standard","meta":{"footnotes":""},"categories":[171],"tags":[253,146,147,25,24,12719,23,214],"class_list":["post-714149","post","type-post","status-publish","format-standard","has-post-thumbnail","category-tv","tag-discover","tag-entertainment","tag-entretenimiento","tag-es","tag-espana","tag-print","tag-spain","tag-tv"],"share_on_mastodon":{"url":"https:\/\/pubeurope.com\/@es\/117104563027608557","error":""},"_links":{"self":[{"href":"https:\/\/www.europesays.com\/es\/wp-json\/wp\/v2\/posts\/714149","targetHints":{"allow":["GET"]}}],"collection":[{"href":"https:\/\/www.europesays.com\/es\/wp-json\/wp\/v2\/posts"}],"about":[{"href":"https:\/\/www.europesays.com\/es\/wp-json\/wp\/v2\/types\/post"}],"author":[{"embeddable":true,"href":"https:\/\/www.europesays.com\/es\/wp-json\/wp\/v2\/users\/2"}],"replies":[{"embeddable":true,"href":"https:\/\/www.europesays.com\/es\/wp-json\/wp\/v2\/comments?post=714149"}],"version-history":[{"count":0,"href":"https:\/\/www.europesays.com\/es\/wp-json\/wp\/v2\/posts\/714149\/revisions"}],"wp:featuredmedia":[{"embeddable":true,"href":"https:\/\/www.europesays.com\/es\/wp-json\/wp\/v2\/media\/714150"}],"wp:attachment":[{"href":"https:\/\/www.europesays.com\/es\/wp-json\/wp\/v2\/media?parent=714149"}],"wp:term":[{"taxonomy":"category","embeddable":true,"href":"https:\/\/www.europesays.com\/es\/wp-json\/wp\/v2\/categories?post=714149"},{"taxonomy":"post_tag","embeddable":true,"href":"https:\/\/www.europesays.com\/es\/wp-json\/wp\/v2\/tags?post=714149"}],"curies":[{"name":"wp","href":"https:\/\/api.w.org\/{rel}","templated":true}]}}