{"id":714169,"date":"2026-08-16T10:04:23","date_gmt":"2026-08-16T10:04:23","guid":{"rendered":"https:\/\/www.europesays.com\/es\/714169\/"},"modified":"2026-08-16T10:04:23","modified_gmt":"2026-08-16T10:04:23","slug":"la-suerte-de-que-fabio-jakobsen-resucite-en-visma-es-pequena","status":"publish","type":"post","link":"https:\/\/www.europesays.com\/es\/714169\/","title":{"rendered":"La suerte de que Fabio Jakobsen resucite en Visma es peque\u00f1a"},"content":{"rendered":"<p data-path-to-node=\"0\">El ciclismo tiene a veces una acidez retorcida y caprichosa.<\/p>\n<p data-path-to-node=\"0\">La llegada de Fabio Jakobsen a Visma es uno de esos movimientos que invitan a repasar la hemeroteca y a cuestionar la l\u00f3gica del mercado.<\/p>\n<p data-path-to-node=\"0\"><strong> Seis a\u00f1os despu\u00e9s de aquel accidente en la Vuelta a Polonia<\/strong>, el destino junta al corredor neerland\u00e9s con la estructura que cobijaba a su antagonista, Dylan Groenewegen.<\/p>\n<p><a class=\"wppaslink\" href=\"https:\/\/joanseguidor.com\/pas\/ccmm-valenciana\/44016\/0\" target=\"_blank\" rel=\"nofollow noopener\"><img decoding=\"async\" src=\"data:image\/svg+xml,%3Csvg%20xmlns=\" http:=\"\" alt=\"CCMM Valenciana\" border=\"0\" data-lazy-src=\"https:\/\/www.europesays.com\/es\/wp-content\/uploads\/2026\/08\/1786874656_542_anunci-generic-bla-1-1024x120-px-v3-02.jpg\"\/><\/a><\/p>\n<p data-path-to-node=\"0\">Que termine vistiendo el maillot del equipo de su particular bestia negra resulta una paradoja singular y un giro de guion imprevisible.<\/p>\n<p data-path-to-node=\"1\">Pero m\u00e1s all\u00e1 del evidente morbo, la operaci\u00f3n despierta dudas en el plano deportivo.<\/p>\n<p data-path-to-node=\"1\"><strong>El fichaje se ha cerrado con efecto inmediato tras rescindir su contrato de mutuo acuerdo con PicNic<\/strong> a finales de julio, vinculando al ciclista con la estructura amarilla hasta el final de la temporada 2027.<\/p>\n<p data-path-to-node=\"1\">Los datos son fr\u00edos y no enga\u00f1an: <strong>Jakobsen no gana una carrera desde la etapa inaugural del Tour de Turqu\u00eda en abril de 2024<\/strong>.<\/p>\n<p data-path-to-node=\"1\">En el pelot\u00f3n actual, <strong>transmite la imagen de un velocista cuyos mejores triunfos ya quedaron atr\u00e1s<\/strong>, desconectado de la punta de velocidad que le llev\u00f3 a la \u00e9lite.<\/p>\n<p data-path-to-node=\"2\">A su crisis personal se suma la inercia del equipo del que huye.<\/p>\n<p data-path-to-node=\"2\"><strong>PicNic es ahora mismo una plantilla llena de dudas<\/strong>.<\/p>\n<p data-path-to-node=\"2\">Aquella estructura que exhib\u00eda facilidad para sumar victorias hoy vive ausente de las batallas decisivas del calendario.<\/p>\n<p data-path-to-node=\"2\">La p\u00e9rdida de rumbo en su antigua casa es innegable, y su paso por all\u00ed, marcado por problemas f\u00edsicos, no trajo el reinicio esperado por las partes.<\/p>\n<p data-path-to-node=\"3\">Ante este panorama, <strong>Visma asume un riesgo llamativo<\/strong>.<\/p>\n<p data-path-to-node=\"1\"><a href=\" https:\/\/aralleida.cat\/es\/\" target=\"_blank\" rel=\"noopener\"><img loading=\"lazy\" decoding=\"async\" class=\"aligncenter wp-image-70055 size-full\" src=\"data:image\/svg+xml,%3Csvg%20xmlns=\" http:=\"\" alt=\"\" width=\"1600\" height=\"200\" data-lazy- data-lazy- data-lazy-src=\"https:\/\/www.europesays.com\/es\/wp-content\/uploads\/2026\/08\/1786874658_779_aralleida-baner-1600x200-llavorsi-es.jpg\"\/><\/a><\/p>\n<p><a href=\"https:\/\/tiendafinisher.com\/\" rel=\"nofollow noopener\" target=\"_blank\"><img loading=\"lazy\" decoding=\"async\" class=\"aligncenter wp-image-69986 size-full\" src=\"data:image\/svg+xml,%3Csvg%20xmlns=\" http:=\"\" alt=\"\" width=\"1024\" height=\"300\" data-lazy- data-lazy- data-lazy-src=\"https:\/\/www.europesays.com\/es\/wp-content\/uploads\/2026\/08\/1786874660_861_finisher-ekp-1024x300jpg-1.jpeg\"\/><\/a><\/p>\n<p data-path-to-node=\"3\">Mathieu Heijboer, jefe de rendimiento del equipo, justifica la maniobra alegando <strong>la necesidad de incorporar un especialista para los sprints llanos<\/strong>.<\/p>\n<p data-path-to-node=\"3\">Desde la direcci\u00f3n aseguran ver en el neerland\u00e9s un potencial oculto a\u00fan por explotar.<\/p>\n<p data-path-to-node=\"3\">Sin embargo, la hoja de ruta asume la realidad f\u00edsica del corredor y avisa de que no hay prisa por ponerle un dorsal.<\/p>\n<p data-path-to-node=\"3\"><strong> La estrategia pasa por frenar<\/strong>, reconstruir su condici\u00f3n f\u00edsica en los pr\u00f3ximos meses y adaptar su cuerpo a los m\u00e9todos de entrenamiento, los programas de nutrici\u00f3n y las exigencias de rendimiento del bloque.<\/p>\n<p data-path-to-node=\"3\"><strong><a href=\"https:\/\/www.grancanaria.com\/turismo\/es\/naturaleza\/deportes-de-montana\/ciclismo\/\" rel=\"nofollow noopener\" target=\"_blank\"><img loading=\"lazy\" decoding=\"async\" class=\"aligncenter size-full wp-image-68757\" src=\"data:image\/svg+xml,%3Csvg%20xmlns=\" http:=\"\" alt=\"\" width=\"300\" height=\"300\" data-lazy- data-lazy- data-lazy-src=\"https:\/\/www.europesays.com\/es\/wp-content\/uploads\/2026\/08\/1786874661_127_tgc-banner-joan-400x400-2.jpg\"\/><\/a><\/strong><\/p>\n<p data-path-to-node=\"4\">El equipo apuesta por la resurrecci\u00f3n de un corredor alejado de los puestos de honor.<\/p>\n<p data-path-to-node=\"4\">Queda la inc\u00f3gnita de si esta maquinaria recuperar\u00e1 su versi\u00f3n ganadora o si el ciclista solo buscaba escapar de una nave a la deriva.<\/p>\n<p data-path-to-node=\"4\">La firma mezcla extra\u00f1eza por el pasado compartido e incertidumbre ante el rendimiento futuro.<\/p>\n<p data-path-to-node=\"4\"><strong><a href=\"https:\/\/www.dtswiss.com\/es\/ruedas\/ruedas-carretera\/aero\/arc-1100-dicut-db\" rel=\"nofollow noopener\" target=\"_blank\"><img loading=\"lazy\" decoding=\"async\" class=\"aligncenter wp-image-69569 size-full\" src=\"data:image\/svg+xml,%3Csvg%20xmlns=\" http:=\"\" alt=\"\" width=\"1024\" height=\"140\" data-lazy- data-lazy- data-lazy-src=\"https:\/\/www.europesays.com\/es\/wp-content\/uploads\/2026\/08\/1786874663_508_joanseguidor-1024x140px-es-erc1100-1.png\"\/><\/a><\/strong><\/p>\n","protected":false},"excerpt":{"rendered":"El ciclismo tiene a veces una acidez retorcida y caprichosa. La llegada de Fabio Jakobsen a Visma es&hellip;\n","protected":false},"author":2,"featured_media":714170,"comment_status":"","ping_status":"","sticky":false,"template":"","format":"standard","meta":{"footnotes":""},"categories":[273],"tags":[313,312,168,25,24,77735,2548,23,167,321],"class_list":["post-714169","post","type-post","status-publish","format-standard","has-post-thumbnail","category-ciclismo","tag-ciclismo","tag-cycling","tag-deportes","tag-es","tag-espana","tag-fabio-jakobsen","tag-featured","tag-spain","tag-sports","tag-visma"],"share_on_mastodon":{"url":"https:\/\/pubeurope.com\/@es\/117104624682177362","error":""},"_links":{"self":[{"href":"https:\/\/www.europesays.com\/es\/wp-json\/wp\/v2\/posts\/714169","targetHints":{"allow":["GET"]}}],"collection":[{"href":"https:\/\/www.europesays.com\/es\/wp-json\/wp\/v2\/posts"}],"about":[{"href":"https:\/\/www.europesays.com\/es\/wp-json\/wp\/v2\/types\/post"}],"author":[{"embeddable":true,"href":"https:\/\/www.europesays.com\/es\/wp-json\/wp\/v2\/users\/2"}],"replies":[{"embeddable":true,"href":"https:\/\/www.europesays.com\/es\/wp-json\/wp\/v2\/comments?post=714169"}],"version-history":[{"count":0,"href":"https:\/\/www.europesays.com\/es\/wp-json\/wp\/v2\/posts\/714169\/revisions"}],"wp:featuredmedia":[{"embeddable":true,"href":"https:\/\/www.europesays.com\/es\/wp-json\/wp\/v2\/media\/714170"}],"wp:attachment":[{"href":"https:\/\/www.europesays.com\/es\/wp-json\/wp\/v2\/media?parent=714169"}],"wp:term":[{"taxonomy":"category","embeddable":true,"href":"https:\/\/www.europesays.com\/es\/wp-json\/wp\/v2\/categories?post=714169"},{"taxonomy":"post_tag","embeddable":true,"href":"https:\/\/www.europesays.com\/es\/wp-json\/wp\/v2\/tags?post=714169"}],"curies":[{"name":"wp","href":"https:\/\/api.w.org\/{rel}","templated":true}]}}