{"id":714339,"date":"2026-08-16T12:18:11","date_gmt":"2026-08-16T12:18:11","guid":{"rendered":"https:\/\/www.europesays.com\/es\/714339\/"},"modified":"2026-08-16T12:18:11","modified_gmt":"2026-08-16T12:18:11","slug":"los-exosomas-quieren-ser-el-nuevo-retinol-que-hay-detras-de-la-obsesion-antiedad-de-2026","status":"publish","type":"post","link":"https:\/\/www.europesays.com\/es\/714339\/","title":{"rendered":"Los exosomas quieren ser el nuevo retinol: qu\u00e9 hay detr\u00e1s de la obsesi\u00f3n antiedad de 2026"},"content":{"rendered":"<p>Durante a\u00f1os hemos hablado de retinol, tambi\u00e9n de la vitamina C o del <b>\u00e1cido hialur\u00f3nico<\/b>. Pero ahora hay una nueva palabra que empieza a repetirse en s\u00e9rums y en<b> tratamientos est\u00e9ticos<\/b> y esa palabra son los exosomas.<\/p>\n<p>La <b>cosm\u00e9tica regenerativa<\/b> los ha convertido en uno de los grandes protagonistas de 2026, con una promesa que nos cautiva. Porque no se limita a disimular los signos de la edad, es m\u00e1s ayuda a los propios mecanismos de <b>reparaci\u00f3n de la piel<\/b>.<\/p>\n<p>\u00bfQu\u00e9 son realmente los exosomas?<\/p>\n<p>Aunque su nombre suene futurista, los <b>exosomas existen de forma natural en nuestro organismo<\/b>. Son diminutas ves\u00edculas extracelulares que funcionan como una especie de mensajeros entre c\u00e9lulas. Se encargan de transportar prote\u00ednas y material gen\u00e9tico. Es esa capacidad de comunicaci\u00f3n la que ha despertado el inter\u00e9s de la medicina est\u00e9tica.<\/p>\n<p><img loading=\"lazy\" decoding=\"async\" src=\"https:\/\/www.europesays.com\/es\/wp-content\/uploads\/2026\/08\/serum-piel-639224747573494215.jpg\" alt=\"Un buen s\u00e9rum nunca puede faltar como parte de la rutina de belleza\" width=\"1280\" height=\"908\"\/>Un buen s\u00e9rum nunca puede faltar como parte de la rutina de belleza<\/p>\n<p>Porque al aplicarlos al <b>cuidado cut\u00e1neo<\/b>, se investiga su posible papel en procesos que est\u00e9n relacionados con la regeneraci\u00f3n, la inflamaci\u00f3n, adem\u00e1s de la producci\u00f3n de col\u00e1geno, la hidrataci\u00f3n o la elasticidad.<\/p>\n<p>\u00bfPor qu\u00e9 los exosomas est\u00e1n de moda en 2026?<\/p>\n<p>Porque parece que el cl\u00e1sico<b> concepto antiaging<\/b> est\u00e1 dejando espacio al <b>skincare regenerativo<\/b> y a la llamada longevidad de la piel. Es decir, ya no interesa \u00fanicamente atacar una arruga cuando aparece, sino mantener durante m\u00e1s tiempo una <b>piel resistente<\/b>, hidratada y con una barrera saludable.<\/p>\n<p>Los exosomas encajan perfectamente en esa idea y es que tambi\u00e9n est\u00e1n dando el salto <b>de tratamientos profesionales a s\u00e9rums<\/b> y cosm\u00e9ticos que podemos usar en nuestra casa.<\/p>\n<p>Exosomas y retinol: \u00bfla pareja beauty del momento?<\/p>\n<p>Aqu\u00ed aparece una combinaci\u00f3n que es de lo m\u00e1s interesante. El <b>retinol <\/b>contin\u00faa siendo uno de los activos m\u00e1s consolidados para<b> mejorar arrugas y pigmentaci\u00f3n<\/b>, mientras que los exosomas se presentan desde una perspectiva m\u00e1s regenerativa.<\/p>\n<p><img loading=\"lazy\" decoding=\"async\" src=\"https:\/\/www.europesays.com\/es\/wp-content\/uploads\/2026\/08\/cuidado-piel-mujer-639224746576697596.jpg\" alt=\"El retino sigue siendo uno de los grandes protagonistas para mejorar las arrugas\" width=\"1200\" height=\"800\"\/>El retino sigue siendo uno de los grandes protagonistas para mejorar las arrugas<\/p>\n<p>Eso no significa que uno sustituya al otro. De hecho, la tendencia apunta a las rutinas que combinan activos cl\u00e1sicos con las nuevas tecnolog\u00edas cosm\u00e9ticas. Este verano, incluso han ganado visibilidad las rutinas que utilizan retinol y exosomas<b> a partir de los 35 a\u00f1os<\/b>.<\/p>\n<p>\u00bfFuncionan de verdad?<\/p>\n<p>Las investigaciones encuentran <b>resultados que son prometedores en hidrataci\u00f3n<\/b>, as\u00ed como en la elasticidad, arrugas o fotoenvejecimiento.<\/p>\n<p>Pero es cierto que todav\u00eda faltan grandes ensayos cl\u00ednicos que nos den el resultado final. Por ahora, son <b>una de las innovaciones m\u00e1s interesantes<\/b> del momento, pero no el sustituto definitivo del retinol. \u00a1Esto es algo a tener siempre en cuenta!<\/p>\n","protected":false},"excerpt":{"rendered":"Durante a\u00f1os hemos hablado de retinol, tambi\u00e9n de la vitamina C o del \u00e1cido hialur\u00f3nico. Pero ahora hay&hellip;\n","protected":false},"author":2,"featured_media":714340,"comment_status":"","ping_status":"","sticky":false,"template":"","format":"standard","meta":{"footnotes":""},"categories":[80],"tags":[3451,82,95,94,25,24,23],"class_list":["post-714339","post","type-post","status-publish","format-standard","has-post-thumbnail","category-economia","tag-belleza","tag-business","tag-economia","tag-economy","tag-es","tag-espana","tag-spain"],"share_on_mastodon":{"url":"https:\/\/pubeurope.com\/@es\/117105152640755836","error":""},"_links":{"self":[{"href":"https:\/\/www.europesays.com\/es\/wp-json\/wp\/v2\/posts\/714339","targetHints":{"allow":["GET"]}}],"collection":[{"href":"https:\/\/www.europesays.com\/es\/wp-json\/wp\/v2\/posts"}],"about":[{"href":"https:\/\/www.europesays.com\/es\/wp-json\/wp\/v2\/types\/post"}],"author":[{"embeddable":true,"href":"https:\/\/www.europesays.com\/es\/wp-json\/wp\/v2\/users\/2"}],"replies":[{"embeddable":true,"href":"https:\/\/www.europesays.com\/es\/wp-json\/wp\/v2\/comments?post=714339"}],"version-history":[{"count":0,"href":"https:\/\/www.europesays.com\/es\/wp-json\/wp\/v2\/posts\/714339\/revisions"}],"wp:featuredmedia":[{"embeddable":true,"href":"https:\/\/www.europesays.com\/es\/wp-json\/wp\/v2\/media\/714340"}],"wp:attachment":[{"href":"https:\/\/www.europesays.com\/es\/wp-json\/wp\/v2\/media?parent=714339"}],"wp:term":[{"taxonomy":"category","embeddable":true,"href":"https:\/\/www.europesays.com\/es\/wp-json\/wp\/v2\/categories?post=714339"},{"taxonomy":"post_tag","embeddable":true,"href":"https:\/\/www.europesays.com\/es\/wp-json\/wp\/v2\/tags?post=714339"}],"curies":[{"name":"wp","href":"https:\/\/api.w.org\/{rel}","templated":true}]}}